{"id":899,"date":"2016-10-02T17:45:23","date_gmt":"2016-10-02T16:45:23","guid":{"rendered":"http:\/\/agora.xtec.cat\/escgaspardeportola\/?p=899"},"modified":"2016-10-02T17:46:20","modified_gmt":"2016-10-02T16:46:20","slug":"inici-del-projecte-pati","status":"publish","type":"post","link":"https:\/\/agora.xtec.cat\/escgaspardeportola\/general\/inici-del-projecte-pati\/","title":{"rendered":"Inici del Projecte Pati"},"content":{"rendered":"<p style=\"text-align: justify;\">Aquest mes a l&#8217;escola iniciem el projecte pati. \u00c9s un projecte que s&#8217;ha elaborat (amb un vist i plau previ del professorat i alumnat) per oferir <b>alternatives a l&#8217;hora de l&#8217;esbarjo<\/b> i intentar que els nens i nenes puguin gaudir d&#8217;experi\u00e8ncies m\u00e9s enriquidores.<\/p>\n<p style=\"text-align: justify;\"><img loading=\"lazy\" decoding=\"async\" class=\"alignnone\" src=\"http:\/\/natibergada.cat\/wp-content\/uploads\/2015\/07\/581711_531796943550086_185667679_n.jpg\" width=\"349\" height=\"387\" \/><\/p>\n<p style=\"text-align: justify;\">L&#8217;objectiu \u00e9s tenir un <b>pati actiu<\/b> on es promogui la <b>socialitzaci\u00f3<\/b>, la <b>participaci\u00f3<\/b> i la <b>creativitat<\/b>.\u00a0 I al mateix temps, es pret\u00e9n <b>millorar la conviv\u00e8ncia. <\/b>S\u2019organitzaran els espais segons el tipus de joc o activitat a realitzar on es distribuir\u00e0 diferent material que l\u2019escola proporcionar\u00e0.<\/p>\n<p style=\"text-align: justify;\">Visualitzeu el v\u00eddeo que hem preparat:<\/p>\n<p>&nbsp;<\/p>\n<p><iframe loading=\"lazy\" src=\"https:\/\/player.vimeo.com\/video\/184771784\" width=\"640\" height=\"480\" frameborder=\"0\" allowfullscreen=\"allowfullscreen\"><\/iframe><\/p>\n<p><a href=\"https:\/\/vimeo.com\/184771784\">projecte pati<\/a> from <a href=\"https:\/\/vimeo.com\/user5216673\">gaspar<\/a> on <a href=\"https:\/\/vimeo.com\">Vimeo<\/a>.<\/p>\n","protected":false},"excerpt":{"rendered":"<p>Aquest mes a l&#8217;escola iniciem el projecte pati. \u00c9s un projecte que s&#8217;ha elaborat (amb un vist i plau previ del professorat i alumnat) per oferir alternatives a l&#8217;hora de l&#8217;esbarjo i intentar que els nens i nenes puguin gaudir d&#8217;experi\u00e8ncies m\u00e9s enriquidores. L&#8217;objectiu \u00e9s tenir un pati actiu on es promogui la socialitzaci\u00f3, la [&hellip;]<\/p>\n","protected":false},"author":1,"featured_media":0,"comment_status":"open","ping_status":"open","sticky":false,"template":"","format":"standard","meta":{"_bbp_topic_count":0,"_bbp_reply_count":0,"_bbp_total_topic_count":0,"_bbp_total_reply_count":0,"_bbp_voice_count":0,"_bbp_anonymous_reply_count":0,"_bbp_topic_count_hidden":0,"_bbp_reply_count_hidden":0,"_bbp_forum_subforum_count":0,"site-sidebar-layout":"default","site-content-layout":"","ast-site-content-layout":"","site-content-style":"default","site-sidebar-style":"default","ast-global-header-display":"","ast-banner-title-visibility":"","ast-main-header-display":"","ast-hfb-above-header-display":"","ast-hfb-below-header-display":"","ast-hfb-mobile-header-display":"","site-post-title":"","ast-breadcrumbs-content":"","ast-featured-img":"","footer-sml-layout":"","theme-transparent-header-meta":"","adv-header-id-meta":"","stick-header-meta":"","header-above-stick-meta":"","header-main-stick-meta":"","header-below-stick-meta":"","astra-migrate-meta-layouts":"default","ast-page-background-enabled":"default","ast-page-background-meta":{"desktop":{"background-color":"var(--ast-global-color-4)","background-image":"","background-repeat":"repeat","background-position":"center center","background-size":"auto","background-attachment":"scroll","background-type":"","background-media":"","overlay-type":"","overlay-color":"","overlay-opacity":"","overlay-gradient":""},"tablet":{"background-color":"","background-image":"","background-repeat":"repeat","background-position":"center center","background-size":"auto","background-attachment":"scroll","background-type":"","background-media":"","overlay-type":"","overlay-color":"","overlay-opacity":"","overlay-gradient":""},"mobile":{"background-color":"","background-image":"","background-repeat":"repeat","background-position":"center center","background-size":"auto","background-attachment":"scroll","background-type":"","background-media":"","overlay-type":"","overlay-color":"","overlay-opacity":"","overlay-gradient":""}},"ast-content-background-meta":{"desktop":{"background-color":"var(--ast-global-color-5)","background-image":"","background-repeat":"repeat","background-position":"center center","background-size":"auto","background-attachment":"scroll","background-type":"","background-media":"","overlay-type":"","overlay-color":"","overlay-opacity":"","overlay-gradient":""},"tablet":{"background-color":"var(--ast-global-color-5)","background-image":"","background-repeat":"repeat","background-position":"center center","background-size":"auto","background-attachment":"scroll","background-type":"","background-media":"","overlay-type":"","overlay-color":"","overlay-opacity":"","overlay-gradient":""},"mobile":{"background-color":"var(--ast-global-color-5)","background-image":"","background-repeat":"repeat","background-position":"center center","background-size":"auto","background-attachment":"scroll","background-type":"","background-media":"","overlay-type":"","overlay-color":"","overlay-opacity":"","overlay-gradient":""}},"footnotes":""},"categories":[1,4],"tags":[89],"class_list":["post-899","post","type-post","status-publish","format-standard","hentry","category-general","category-portada","tag-projecte-pati"],"post_mailing_queue_ids":[],"_links":{"self":[{"href":"https:\/\/agora.xtec.cat\/escgaspardeportola\/wp-json\/wp\/v2\/posts\/899","targetHints":{"allow":["GET"]}}],"collection":[{"href":"https:\/\/agora.xtec.cat\/escgaspardeportola\/wp-json\/wp\/v2\/posts"}],"about":[{"href":"https:\/\/agora.xtec.cat\/escgaspardeportola\/wp-json\/wp\/v2\/types\/post"}],"author":[{"embeddable":true,"href":"https:\/\/agora.xtec.cat\/escgaspardeportola\/wp-json\/wp\/v2\/users\/1"}],"replies":[{"embeddable":true,"href":"https:\/\/agora.xtec.cat\/escgaspardeportola\/wp-json\/wp\/v2\/comments?post=899"}],"version-history":[{"count":2,"href":"https:\/\/agora.xtec.cat\/escgaspardeportola\/wp-json\/wp\/v2\/posts\/899\/revisions"}],"predecessor-version":[{"id":901,"href":"https:\/\/agora.xtec.cat\/escgaspardeportola\/wp-json\/wp\/v2\/posts\/899\/revisions\/901"}],"wp:attachment":[{"href":"https:\/\/agora.xtec.cat\/escgaspardeportola\/wp-json\/wp\/v2\/media?parent=899"}],"wp:term":[{"taxonomy":"category","embeddable":true,"href":"https:\/\/agora.xtec.cat\/escgaspardeportola\/wp-json\/wp\/v2\/categories?post=899"},{"taxonomy":"post_tag","embeddable":true,"href":"https:\/\/agora.xtec.cat\/escgaspardeportola\/wp-json\/wp\/v2\/tags?post=899"}],"curies":[{"name":"wp","href":"https:\/\/api.w.org\/{rel}","templated":true}]}}