{"id":8945,"date":"2023-12-15T18:11:38","date_gmt":"2023-12-15T17:11:38","guid":{"rendered":"https:\/\/agora.xtec.cat\/escgaspardeportola\/?p=8945"},"modified":"2023-12-15T18:11:38","modified_gmt":"2023-12-15T17:11:38","slug":"quart-finalitza-el-segon-projecte-de-medi","status":"publish","type":"post","link":"https:\/\/agora.xtec.cat\/escgaspardeportola\/ciclemitja\/quart-finalitza-el-segon-projecte-de-medi\/","title":{"rendered":"QUART FINALITZA EL SEGON PROJECTE DE MEDI"},"content":{"rendered":"<p><img loading=\"lazy\" decoding=\"async\" class=\"wp-image-8946 alignleft\" src=\"https:\/\/agora.xtec.cat\/escgaspardeportola\/wp-content\/uploads\/usu555\/2023\/12\/IMG_9946-1-1024x768.jpg\" alt=\"\" width=\"487\" height=\"365\" srcset=\"https:\/\/agora.xtec.cat\/escgaspardeportola\/wp-content\/uploads\/usu555\/2023\/12\/IMG_9946-1-1024x768.jpg 1024w, https:\/\/agora.xtec.cat\/escgaspardeportola\/wp-content\/uploads\/usu555\/2023\/12\/IMG_9946-1-300x225.jpg 300w, https:\/\/agora.xtec.cat\/escgaspardeportola\/wp-content\/uploads\/usu555\/2023\/12\/IMG_9946-1-768x576.jpg 768w, https:\/\/agora.xtec.cat\/escgaspardeportola\/wp-content\/uploads\/usu555\/2023\/12\/IMG_9946-1-1536x1152.jpg 1536w, https:\/\/agora.xtec.cat\/escgaspardeportola\/wp-content\/uploads\/usu555\/2023\/12\/IMG_9946-1-2048x1536.jpg 2048w, https:\/\/agora.xtec.cat\/escgaspardeportola\/wp-content\/uploads\/usu555\/2023\/12\/IMG_9946-1-200x150.jpg 200w\" sizes=\"auto, (max-width: 487px) 100vw, 487px\" \/>El segon projecte de medi ha portat com a t\u00edtol: \u201cconeixem b\u00e9 el lloc on vivim? L&#8217;objectiu principal ha estat descobrir l&#8217;organitzaci\u00f3 territorial de Catalunya.<\/p>\n<p>Primerament, els nens i nenes de quart han pogut identificar la situaci\u00f3 d&#8217;aquesta comunitat aut\u00f2noma utilitzant diferents mapes i distingir la seva ubicaci\u00f3 a diferent nivell (mundial, europeu i estatal).<\/p>\n<p>M\u00e9s tard, han posat en pr\u00e0ctica les seves destreses de cerca d&#8217;informaci\u00f3 per tal de con\u00e8ixer les caracter\u00edstiques pr\u00f2pies dels tres tipus de comarca (muntanya, plana i costa) i per descobrir les capitals de cada comarca.<\/p>\n<p>Finalment, com a producte final, cada grup ha triat un dest\u00ed de Catalunya per anar en cotxe durant les vacances de Nadal. Han investigat i descobert les diferents comarques del seu trajecte i aspectes molt interessants relacionats amb el poble o la ciutat de dest\u00ed, com ara les seves festes i tradicions, la seva poblaci\u00f3, els seus oficis, els seus serveis&#8230; i ho han plasmat en una presentaci\u00f3 Power Point.<\/p>\n<p>En els enlla\u00e7os seg\u00fcents, trobareu algunes fotografies i les presentacions\u00a0 que han editat i presentat als seus companys\/es.<\/p>\n<p><a href=\"https:\/\/drive.google.com\/drive\/folders\/1-vroMV9A8bSKMzZKbio8lOuoe4p_BId9?usp=sharing\">Carpeta 4tA<\/a><\/p>\n<p><a href=\"https:\/\/drive.google.com\/drive\/folders\/101O7DnSv3FV2OSFb_oqs_mfFS1IBIB_W?usp=drive_link\">Carpeta 4tB<\/a><\/p>\n<p>Us animeu a anar-hi aquestes vacances de Nadal?<\/p>\n","protected":false},"excerpt":{"rendered":"<p>El segon projecte de medi ha portat com a t\u00edtol: \u201cconeixem b\u00e9 el lloc on vivim? L&#8217;objectiu principal ha estat descobrir l&#8217;organitzaci\u00f3 territorial de Catalunya. Primerament, els nens i nenes de quart han pogut identificar la situaci\u00f3 d&#8217;aquesta comunitat aut\u00f2noma utilitzant diferents mapes i distingir la seva ubicaci\u00f3 a diferent nivell (mundial, europeu i estatal). [&hellip;]<\/p>\n","protected":false},"author":49,"featured_media":0,"comment_status":"open","ping_status":"closed","sticky":false,"template":"","format":"standard","meta":{"_bbp_topic_count":0,"_bbp_reply_count":0,"_bbp_total_topic_count":0,"_bbp_total_reply_count":0,"_bbp_voice_count":0,"_bbp_anonymous_reply_count":0,"_bbp_topic_count_hidden":0,"_bbp_reply_count_hidden":0,"_bbp_forum_subforum_count":0,"site-sidebar-layout":"default","site-content-layout":"","ast-site-content-layout":"","site-content-style":"default","site-sidebar-style":"default","ast-global-header-display":"","ast-banner-title-visibility":"","ast-main-header-display":"","ast-hfb-above-header-display":"","ast-hfb-below-header-display":"","ast-hfb-mobile-header-display":"","site-post-title":"","ast-breadcrumbs-content":"","ast-featured-img":"","footer-sml-layout":"","theme-transparent-header-meta":"","adv-header-id-meta":"","stick-header-meta":"","header-above-stick-meta":"","header-main-stick-meta":"","header-below-stick-meta":"","astra-migrate-meta-layouts":"default","ast-page-background-enabled":"default","ast-page-background-meta":{"desktop":{"background-color":"var(--ast-global-color-4)","background-image":"","background-repeat":"repeat","background-position":"center center","background-size":"auto","background-attachment":"scroll","background-type":"","background-media":"","overlay-type":"","overlay-color":"","overlay-opacity":"","overlay-gradient":""},"tablet":{"background-color":"","background-image":"","background-repeat":"repeat","background-position":"center center","background-size":"auto","background-attachment":"scroll","background-type":"","background-media":"","overlay-type":"","overlay-color":"","overlay-opacity":"","overlay-gradient":""},"mobile":{"background-color":"","background-image":"","background-repeat":"repeat","background-position":"center center","background-size":"auto","background-attachment":"scroll","background-type":"","background-media":"","overlay-type":"","overlay-color":"","overlay-opacity":"","overlay-gradient":""}},"ast-content-background-meta":{"desktop":{"background-color":"var(--ast-global-color-5)","background-image":"","background-repeat":"repeat","background-position":"center center","background-size":"auto","background-attachment":"scroll","background-type":"","background-media":"","overlay-type":"","overlay-color":"","overlay-opacity":"","overlay-gradient":""},"tablet":{"background-color":"var(--ast-global-color-5)","background-image":"","background-repeat":"repeat","background-position":"center center","background-size":"auto","background-attachment":"scroll","background-type":"","background-media":"","overlay-type":"","overlay-color":"","overlay-opacity":"","overlay-gradient":""},"mobile":{"background-color":"var(--ast-global-color-5)","background-image":"","background-repeat":"repeat","background-position":"center center","background-size":"auto","background-attachment":"scroll","background-type":"","background-media":"","overlay-type":"","overlay-color":"","overlay-opacity":"","overlay-gradient":""}},"footnotes":""},"categories":[60],"tags":[61,432,98,142,100],"class_list":["post-8945","post","type-post","status-publish","format-standard","hentry","category-ciclemitja","tag-cicle-mitja","tag-comarques","tag-medi","tag-projecte","tag-quart"],"post_mailing_queue_ids":[],"_links":{"self":[{"href":"https:\/\/agora.xtec.cat\/escgaspardeportola\/wp-json\/wp\/v2\/posts\/8945","targetHints":{"allow":["GET"]}}],"collection":[{"href":"https:\/\/agora.xtec.cat\/escgaspardeportola\/wp-json\/wp\/v2\/posts"}],"about":[{"href":"https:\/\/agora.xtec.cat\/escgaspardeportola\/wp-json\/wp\/v2\/types\/post"}],"author":[{"embeddable":true,"href":"https:\/\/agora.xtec.cat\/escgaspardeportola\/wp-json\/wp\/v2\/users\/49"}],"replies":[{"embeddable":true,"href":"https:\/\/agora.xtec.cat\/escgaspardeportola\/wp-json\/wp\/v2\/comments?post=8945"}],"version-history":[{"count":3,"href":"https:\/\/agora.xtec.cat\/escgaspardeportola\/wp-json\/wp\/v2\/posts\/8945\/revisions"}],"predecessor-version":[{"id":8961,"href":"https:\/\/agora.xtec.cat\/escgaspardeportola\/wp-json\/wp\/v2\/posts\/8945\/revisions\/8961"}],"wp:attachment":[{"href":"https:\/\/agora.xtec.cat\/escgaspardeportola\/wp-json\/wp\/v2\/media?parent=8945"}],"wp:term":[{"taxonomy":"category","embeddable":true,"href":"https:\/\/agora.xtec.cat\/escgaspardeportola\/wp-json\/wp\/v2\/categories?post=8945"},{"taxonomy":"post_tag","embeddable":true,"href":"https:\/\/agora.xtec.cat\/escgaspardeportola\/wp-json\/wp\/v2\/tags?post=8945"}],"curies":[{"name":"wp","href":"https:\/\/api.w.org\/{rel}","templated":true}]}}