{"id":8916,"date":"2023-12-13T13:00:22","date_gmt":"2023-12-13T12:00:22","guid":{"rendered":"https:\/\/agora.xtec.cat\/escgaspardeportola\/?p=8916"},"modified":"2023-12-05T18:09:51","modified_gmt":"2023-12-05T17:09:51","slug":"contes-a-i5","status":"publish","type":"post","link":"https:\/\/agora.xtec.cat\/escgaspardeportola\/ciclemitja\/contes-a-i5\/","title":{"rendered":"CONTES A I5"},"content":{"rendered":"<p style=\"text-align: justify;\"><img loading=\"lazy\" decoding=\"async\" class=\"size-full wp-image-8917 aligncenter\" src=\"https:\/\/agora.xtec.cat\/escgaspardeportola\/wp-content\/uploads\/usu555\/2023\/12\/1584d445-3752-47d0-8d4a-6847d1eaf2a2.jpg\" alt=\"\" width=\"448\" height=\"336\" srcset=\"https:\/\/agora.xtec.cat\/escgaspardeportola\/wp-content\/uploads\/usu555\/2023\/12\/1584d445-3752-47d0-8d4a-6847d1eaf2a2.jpg 448w, https:\/\/agora.xtec.cat\/escgaspardeportola\/wp-content\/uploads\/usu555\/2023\/12\/1584d445-3752-47d0-8d4a-6847d1eaf2a2-300x225.jpg 300w, https:\/\/agora.xtec.cat\/escgaspardeportola\/wp-content\/uploads\/usu555\/2023\/12\/1584d445-3752-47d0-8d4a-6847d1eaf2a2-200x150.jpg 200w\" sizes=\"auto, (max-width: 448px) 100vw, 448px\" \/><\/p>\n<p style=\"text-align: justify;\">L&#8217;alumnat de 4t ja ha acabat de representar als nens i nenes d&#8217;I5 els contes d&#8217;aquest primer trimestre.<\/p>\n<p style=\"text-align: justify;\">Com ja us vam mostrar a l&#8217;inici de curs, primer es van confeccionar els cartells de cadascun dels contes populars per, seguidament, anar-los a representar als infants. Abans d&#8217;anar a fer la representaci\u00f3, per\u00f2, s&#8217;han dut a terme assajos previs que han ajudat a l&#8217;alumnat a millorar aspectes de l&#8217;expressi\u00f3 oral com ara la flu\u00efdesa, l&#8217;entonaci\u00f3, la veu, l&#8217;expressi\u00f3 corporal&#8230;<\/p>\n<p style=\"text-align: justify;\">Ara, els nens i nenes de quart ja estan una mica m\u00e9s preparats per a la representaci\u00f3 del teatre final que tindr\u00e0 lloc al Maig al teatre municipal de la ciutat; quins nervis!<\/p>\n<p style=\"text-align: justify;\">Podeu veure un recull d&#8217;imatges <a href=\"https:\/\/drive.google.com\/drive\/folders\/1-StkYUHbfJF_GClfzGb5X886aeoQfwHS\">aqu\u00ed<\/a>.<\/p>\n","protected":false},"excerpt":{"rendered":"<p>L&#8217;alumnat de 4t ja ha acabat de representar als nens i nenes d&#8217;I5 els contes d&#8217;aquest primer trimestre. Com ja us vam mostrar a l&#8217;inici de curs, primer es van confeccionar els cartells de cadascun dels contes populars per, seguidament, anar-los a representar als infants. Abans d&#8217;anar a fer la representaci\u00f3, per\u00f2, s&#8217;han dut a [&hellip;]<\/p>\n","protected":false},"author":47,"featured_media":0,"comment_status":"open","ping_status":"closed","sticky":false,"template":"","format":"standard","meta":{"_bbp_topic_count":0,"_bbp_reply_count":0,"_bbp_total_topic_count":0,"_bbp_total_reply_count":0,"_bbp_voice_count":0,"_bbp_anonymous_reply_count":0,"_bbp_topic_count_hidden":0,"_bbp_reply_count_hidden":0,"_bbp_forum_subforum_count":0,"site-sidebar-layout":"default","site-content-layout":"","ast-site-content-layout":"","site-content-style":"default","site-sidebar-style":"default","ast-global-header-display":"","ast-banner-title-visibility":"","ast-main-header-display":"","ast-hfb-above-header-display":"","ast-hfb-below-header-display":"","ast-hfb-mobile-header-display":"","site-post-title":"","ast-breadcrumbs-content":"","ast-featured-img":"","footer-sml-layout":"","theme-transparent-header-meta":"","adv-header-id-meta":"","stick-header-meta":"","header-above-stick-meta":"","header-main-stick-meta":"","header-below-stick-meta":"","astra-migrate-meta-layouts":"default","ast-page-background-enabled":"default","ast-page-background-meta":{"desktop":{"background-color":"var(--ast-global-color-4)","background-image":"","background-repeat":"repeat","background-position":"center center","background-size":"auto","background-attachment":"scroll","background-type":"","background-media":"","overlay-type":"","overlay-color":"","overlay-opacity":"","overlay-gradient":""},"tablet":{"background-color":"","background-image":"","background-repeat":"repeat","background-position":"center center","background-size":"auto","background-attachment":"scroll","background-type":"","background-media":"","overlay-type":"","overlay-color":"","overlay-opacity":"","overlay-gradient":""},"mobile":{"background-color":"","background-image":"","background-repeat":"repeat","background-position":"center center","background-size":"auto","background-attachment":"scroll","background-type":"","background-media":"","overlay-type":"","overlay-color":"","overlay-opacity":"","overlay-gradient":""}},"ast-content-background-meta":{"desktop":{"background-color":"var(--ast-global-color-5)","background-image":"","background-repeat":"repeat","background-position":"center center","background-size":"auto","background-attachment":"scroll","background-type":"","background-media":"","overlay-type":"","overlay-color":"","overlay-opacity":"","overlay-gradient":""},"tablet":{"background-color":"var(--ast-global-color-5)","background-image":"","background-repeat":"repeat","background-position":"center center","background-size":"auto","background-attachment":"scroll","background-type":"","background-media":"","overlay-type":"","overlay-color":"","overlay-opacity":"","overlay-gradient":""},"mobile":{"background-color":"var(--ast-global-color-5)","background-image":"","background-repeat":"repeat","background-position":"center center","background-size":"auto","background-attachment":"scroll","background-type":"","background-media":"","overlay-type":"","overlay-color":"","overlay-opacity":"","overlay-gradient":""}},"footnotes":""},"categories":[60,64,321],"tags":[61,109,241,349,100,76],"class_list":["post-8916","post","type-post","status-publish","format-standard","hentry","category-ciclemitja","category-educacioinfantil","category-gaspartschool","tag-cicle-mitja","tag-contes","tag-gaspart-school","tag-i5","tag-quart","tag-teatre"],"post_mailing_queue_ids":[],"_links":{"self":[{"href":"https:\/\/agora.xtec.cat\/escgaspardeportola\/wp-json\/wp\/v2\/posts\/8916","targetHints":{"allow":["GET"]}}],"collection":[{"href":"https:\/\/agora.xtec.cat\/escgaspardeportola\/wp-json\/wp\/v2\/posts"}],"about":[{"href":"https:\/\/agora.xtec.cat\/escgaspardeportola\/wp-json\/wp\/v2\/types\/post"}],"author":[{"embeddable":true,"href":"https:\/\/agora.xtec.cat\/escgaspardeportola\/wp-json\/wp\/v2\/users\/47"}],"replies":[{"embeddable":true,"href":"https:\/\/agora.xtec.cat\/escgaspardeportola\/wp-json\/wp\/v2\/comments?post=8916"}],"version-history":[{"count":1,"href":"https:\/\/agora.xtec.cat\/escgaspardeportola\/wp-json\/wp\/v2\/posts\/8916\/revisions"}],"predecessor-version":[{"id":8918,"href":"https:\/\/agora.xtec.cat\/escgaspardeportola\/wp-json\/wp\/v2\/posts\/8916\/revisions\/8918"}],"wp:attachment":[{"href":"https:\/\/agora.xtec.cat\/escgaspardeportola\/wp-json\/wp\/v2\/media?parent=8916"}],"wp:term":[{"taxonomy":"category","embeddable":true,"href":"https:\/\/agora.xtec.cat\/escgaspardeportola\/wp-json\/wp\/v2\/categories?post=8916"},{"taxonomy":"post_tag","embeddable":true,"href":"https:\/\/agora.xtec.cat\/escgaspardeportola\/wp-json\/wp\/v2\/tags?post=8916"}],"curies":[{"name":"wp","href":"https:\/\/api.w.org\/{rel}","templated":true}]}}