{"id":8860,"date":"2023-11-30T17:26:46","date_gmt":"2023-11-30T16:26:46","guid":{"rendered":"https:\/\/agora.xtec.cat\/escgaspardeportola\/?p=8860"},"modified":"2023-11-30T17:30:28","modified_gmt":"2023-11-30T16:30:28","slug":"belle-una-pellicula-de-fantasia","status":"publish","type":"post","link":"https:\/\/agora.xtec.cat\/escgaspardeportola\/cicle-superior\/belle-una-pellicula-de-fantasia\/","title":{"rendered":"Belle, una pel\u00b7l\u00edcula de fantasia!"},"content":{"rendered":"<p><span style=\"color: #0000ff;\"><img loading=\"lazy\" decoding=\"async\" class=\"alignnone size-thumbnail wp-image-8861\" src=\"https:\/\/agora.xtec.cat\/escgaspardeportola\/wp-content\/uploads\/usu555\/2023\/11\/BELLE-300x150.png\" alt=\"\" width=\"300\" height=\"150\" srcset=\"https:\/\/agora.xtec.cat\/escgaspardeportola\/wp-content\/uploads\/usu555\/2023\/11\/BELLE-300x150.png 300w, https:\/\/agora.xtec.cat\/escgaspardeportola\/wp-content\/uploads\/usu555\/2023\/11\/BELLE.png 479w\" sizes=\"auto, (max-width: 300px) 100vw, 300px\" \/><\/span><\/p>\n<p><span style=\"color: #0000ff;\">Una proposta cinematogr\u00e0fica ofereix la possibilitat als alumnes de treballar diferents valors relacionats amb les emocions.\u00a0<\/span><\/p>\n<p>El passat dimecres 8 de novembre els nens i nenes de cicle superior de l\u2019Escola Gaspar de Portol\u00e0, van anar caminant al Sant Crist a veure la pel\u00b7l\u00edcula Belle.<\/p>\n<p>Aquesta activitat \u00e9s el sis\u00e8 any que es realitza a Balaguer i est\u00e0 emmarcada en una proposta del Bisbat d\u2019Urgell; la Setmana de cinema en valors.<\/p>\n<p>Els nens i nenes de diferents centres educatius tenen la possibilitat de treballar diferents continguts a trav\u00e9s de pel\u00b7l\u00edcules distribu\u00efdes per edats. Despr\u00e9s a les aules i amb una guia did\u00e0ctica, es treballen tots aquests aprenentatges.<\/p>\n<p>Belle va ser la pel\u00b7l\u00edcula que se\u2019ls va assignar, una pel\u00b7l\u00edcula d\u2019animaci\u00f3 japonesa del director Mamoru Hosoda.<\/p>\n<p>Un film que treballa la dualitat del m\u00f3n virtual i la realitat en una mateixa persona.<\/p>\n<p>L\u2019any que ve, els alumnes esperen repetir de nou l\u2019experi\u00e8ncia.<\/p>\n","protected":false},"excerpt":{"rendered":"<p>Una proposta cinematogr\u00e0fica ofereix la possibilitat als alumnes de treballar diferents valors relacionats amb les emocions.\u00a0 El passat dimecres 8 de novembre els nens i nenes de cicle superior de l\u2019Escola Gaspar de Portol\u00e0, van anar caminant al Sant Crist a veure la pel\u00b7l\u00edcula Belle. Aquesta activitat \u00e9s el sis\u00e8 any que es realitza a [&hellip;]<\/p>\n","protected":false},"author":24,"featured_media":8861,"comment_status":"closed","ping_status":"closed","sticky":false,"template":"","format":"standard","meta":{"_bbp_topic_count":0,"_bbp_reply_count":0,"_bbp_total_topic_count":0,"_bbp_total_reply_count":0,"_bbp_voice_count":0,"_bbp_anonymous_reply_count":0,"_bbp_topic_count_hidden":0,"_bbp_reply_count_hidden":0,"_bbp_forum_subforum_count":0,"site-sidebar-layout":"default","site-content-layout":"","ast-site-content-layout":"","site-content-style":"default","site-sidebar-style":"default","ast-global-header-display":"","ast-banner-title-visibility":"","ast-main-header-display":"","ast-hfb-above-header-display":"","ast-hfb-below-header-display":"","ast-hfb-mobile-header-display":"","site-post-title":"","ast-breadcrumbs-content":"","ast-featured-img":"","footer-sml-layout":"","theme-transparent-header-meta":"","adv-header-id-meta":"","stick-header-meta":"","header-above-stick-meta":"","header-main-stick-meta":"","header-below-stick-meta":"","astra-migrate-meta-layouts":"default","ast-page-background-enabled":"default","ast-page-background-meta":{"desktop":{"background-color":"var(--ast-global-color-4)","background-image":"","background-repeat":"repeat","background-position":"center center","background-size":"auto","background-attachment":"scroll","background-type":"","background-media":"","overlay-type":"","overlay-color":"","overlay-opacity":"","overlay-gradient":""},"tablet":{"background-color":"","background-image":"","background-repeat":"repeat","background-position":"center center","background-size":"auto","background-attachment":"scroll","background-type":"","background-media":"","overlay-type":"","overlay-color":"","overlay-opacity":"","overlay-gradient":""},"mobile":{"background-color":"","background-image":"","background-repeat":"repeat","background-position":"center center","background-size":"auto","background-attachment":"scroll","background-type":"","background-media":"","overlay-type":"","overlay-color":"","overlay-opacity":"","overlay-gradient":""}},"ast-content-background-meta":{"desktop":{"background-color":"var(--ast-global-color-5)","background-image":"","background-repeat":"repeat","background-position":"center center","background-size":"auto","background-attachment":"scroll","background-type":"","background-media":"","overlay-type":"","overlay-color":"","overlay-opacity":"","overlay-gradient":""},"tablet":{"background-color":"var(--ast-global-color-5)","background-image":"","background-repeat":"repeat","background-position":"center center","background-size":"auto","background-attachment":"scroll","background-type":"","background-media":"","overlay-type":"","overlay-color":"","overlay-opacity":"","overlay-gradient":""},"mobile":{"background-color":"var(--ast-global-color-5)","background-image":"","background-repeat":"repeat","background-position":"center center","background-size":"auto","background-attachment":"scroll","background-type":"","background-media":"","overlay-type":"","overlay-color":"","overlay-opacity":"","overlay-gradient":""}},"footnotes":""},"categories":[290],"tags":[],"class_list":["post-8860","post","type-post","status-publish","format-standard","has-post-thumbnail","hentry","category-cicle-superior"],"post_mailing_queue_ids":[],"_links":{"self":[{"href":"https:\/\/agora.xtec.cat\/escgaspardeportola\/wp-json\/wp\/v2\/posts\/8860","targetHints":{"allow":["GET"]}}],"collection":[{"href":"https:\/\/agora.xtec.cat\/escgaspardeportola\/wp-json\/wp\/v2\/posts"}],"about":[{"href":"https:\/\/agora.xtec.cat\/escgaspardeportola\/wp-json\/wp\/v2\/types\/post"}],"author":[{"embeddable":true,"href":"https:\/\/agora.xtec.cat\/escgaspardeportola\/wp-json\/wp\/v2\/users\/24"}],"replies":[{"embeddable":true,"href":"https:\/\/agora.xtec.cat\/escgaspardeportola\/wp-json\/wp\/v2\/comments?post=8860"}],"version-history":[{"count":2,"href":"https:\/\/agora.xtec.cat\/escgaspardeportola\/wp-json\/wp\/v2\/posts\/8860\/revisions"}],"predecessor-version":[{"id":8863,"href":"https:\/\/agora.xtec.cat\/escgaspardeportola\/wp-json\/wp\/v2\/posts\/8860\/revisions\/8863"}],"wp:featuredmedia":[{"embeddable":true,"href":"https:\/\/agora.xtec.cat\/escgaspardeportola\/wp-json\/wp\/v2\/media\/8861"}],"wp:attachment":[{"href":"https:\/\/agora.xtec.cat\/escgaspardeportola\/wp-json\/wp\/v2\/media?parent=8860"}],"wp:term":[{"taxonomy":"category","embeddable":true,"href":"https:\/\/agora.xtec.cat\/escgaspardeportola\/wp-json\/wp\/v2\/categories?post=8860"},{"taxonomy":"post_tag","embeddable":true,"href":"https:\/\/agora.xtec.cat\/escgaspardeportola\/wp-json\/wp\/v2\/tags?post=8860"}],"curies":[{"name":"wp","href":"https:\/\/api.w.org\/{rel}","templated":true}]}}