{"id":8855,"date":"2023-11-30T17:22:12","date_gmt":"2023-11-30T16:22:12","guid":{"rendered":"https:\/\/agora.xtec.cat\/escgaspardeportola\/?p=8855"},"modified":"2023-11-30T17:22:12","modified_gmt":"2023-11-30T16:22:12","slug":"la-castanyada","status":"publish","type":"post","link":"https:\/\/agora.xtec.cat\/escgaspardeportola\/cicle-superior\/la-castanyada\/","title":{"rendered":"La Castanyada"},"content":{"rendered":"<p><img loading=\"lazy\" decoding=\"async\" class=\"alignnone size-thumbnail wp-image-8856\" src=\"https:\/\/agora.xtec.cat\/escgaspardeportola\/wp-content\/uploads\/usu555\/2023\/11\/castanyes-300x198.png\" alt=\"\" width=\"300\" height=\"198\" srcset=\"https:\/\/agora.xtec.cat\/escgaspardeportola\/wp-content\/uploads\/usu555\/2023\/11\/castanyes-300x198.png 300w, https:\/\/agora.xtec.cat\/escgaspardeportola\/wp-content\/uploads\/usu555\/2023\/11\/castanyes.png 598w\" sizes=\"auto, (max-width: 300px) 100vw, 300px\" \/><\/p>\n<p><span style=\"color: #0000ff;\">Els nens i nenes de Gaspar de Portol\u00e0 celebren la castanyada<\/span><\/p>\n<p>El passat dimarts 31 d\u2019octubre els nens i nenes de l&#8217;escola van celebrar la castanyada \u00a0i durant l\u2019horari escolar s\u2019ho van passar superb\u00e9, gr\u00e0cies als mestres, l\u2019AFA i l\u2019esplai que van organitzar diferents activitats.<\/p>\n<p>La primera activitat de la tarda i com cada any es premiava el concurs de Halloween, un concurs on es fan treballs manuals amb un objecte o aliment com\u00fa; fa 2 anys es va fer de carabasses, l\u2019any passat de moniatos i aquest any de castanyes.<\/p>\n<p>En acabar de donar tots els premis van sortir monitores de l\u2019esplai i ens van fer ballar a tots i totes una bona estona (va ser molt divertit).<\/p>\n<p>Despr\u00e9s de ballar venia el millor : Les castanyes!! Ens vam asseure per classes en rotllana i vam comen\u00e7ar a menjar. Mentre esper\u00e0vem que portessin les castanyes, el mestre Guillem ens va fer els balls que practic\u00e0vem a m\u00fasica i ens va visitar la castanyera!<\/p>\n<p style=\"text-align: right;\">J\u00falia, Abril, Georgina i Valentina<\/p>\n","protected":false},"excerpt":{"rendered":"<p>Els nens i nenes de Gaspar de Portol\u00e0 celebren la castanyada El passat dimarts 31 d\u2019octubre els nens i nenes de l&#8217;escola van celebrar la castanyada \u00a0i durant l\u2019horari escolar s\u2019ho van passar superb\u00e9, gr\u00e0cies als mestres, l\u2019AFA i l\u2019esplai que van organitzar diferents activitats. La primera activitat de la tarda i com cada any [&hellip;]<\/p>\n","protected":false},"author":24,"featured_media":8856,"comment_status":"closed","ping_status":"closed","sticky":false,"template":"","format":"standard","meta":{"_bbp_topic_count":0,"_bbp_reply_count":0,"_bbp_total_topic_count":0,"_bbp_total_reply_count":0,"_bbp_voice_count":0,"_bbp_anonymous_reply_count":0,"_bbp_topic_count_hidden":0,"_bbp_reply_count_hidden":0,"_bbp_forum_subforum_count":0,"site-sidebar-layout":"default","site-content-layout":"","ast-site-content-layout":"","site-content-style":"default","site-sidebar-style":"default","ast-global-header-display":"","ast-banner-title-visibility":"","ast-main-header-display":"","ast-hfb-above-header-display":"","ast-hfb-below-header-display":"","ast-hfb-mobile-header-display":"","site-post-title":"","ast-breadcrumbs-content":"","ast-featured-img":"","footer-sml-layout":"","theme-transparent-header-meta":"","adv-header-id-meta":"","stick-header-meta":"","header-above-stick-meta":"","header-main-stick-meta":"","header-below-stick-meta":"","astra-migrate-meta-layouts":"default","ast-page-background-enabled":"default","ast-page-background-meta":{"desktop":{"background-color":"var(--ast-global-color-4)","background-image":"","background-repeat":"repeat","background-position":"center center","background-size":"auto","background-attachment":"scroll","background-type":"","background-media":"","overlay-type":"","overlay-color":"","overlay-opacity":"","overlay-gradient":""},"tablet":{"background-color":"","background-image":"","background-repeat":"repeat","background-position":"center center","background-size":"auto","background-attachment":"scroll","background-type":"","background-media":"","overlay-type":"","overlay-color":"","overlay-opacity":"","overlay-gradient":""},"mobile":{"background-color":"","background-image":"","background-repeat":"repeat","background-position":"center center","background-size":"auto","background-attachment":"scroll","background-type":"","background-media":"","overlay-type":"","overlay-color":"","overlay-opacity":"","overlay-gradient":""}},"ast-content-background-meta":{"desktop":{"background-color":"var(--ast-global-color-5)","background-image":"","background-repeat":"repeat","background-position":"center center","background-size":"auto","background-attachment":"scroll","background-type":"","background-media":"","overlay-type":"","overlay-color":"","overlay-opacity":"","overlay-gradient":""},"tablet":{"background-color":"var(--ast-global-color-5)","background-image":"","background-repeat":"repeat","background-position":"center center","background-size":"auto","background-attachment":"scroll","background-type":"","background-media":"","overlay-type":"","overlay-color":"","overlay-opacity":"","overlay-gradient":""},"mobile":{"background-color":"var(--ast-global-color-5)","background-image":"","background-repeat":"repeat","background-position":"center center","background-size":"auto","background-attachment":"scroll","background-type":"","background-media":"","overlay-type":"","overlay-color":"","overlay-opacity":"","overlay-gradient":""}},"footnotes":""},"categories":[290],"tags":[],"class_list":["post-8855","post","type-post","status-publish","format-standard","has-post-thumbnail","hentry","category-cicle-superior"],"post_mailing_queue_ids":[],"_links":{"self":[{"href":"https:\/\/agora.xtec.cat\/escgaspardeportola\/wp-json\/wp\/v2\/posts\/8855","targetHints":{"allow":["GET"]}}],"collection":[{"href":"https:\/\/agora.xtec.cat\/escgaspardeportola\/wp-json\/wp\/v2\/posts"}],"about":[{"href":"https:\/\/agora.xtec.cat\/escgaspardeportola\/wp-json\/wp\/v2\/types\/post"}],"author":[{"embeddable":true,"href":"https:\/\/agora.xtec.cat\/escgaspardeportola\/wp-json\/wp\/v2\/users\/24"}],"replies":[{"embeddable":true,"href":"https:\/\/agora.xtec.cat\/escgaspardeportola\/wp-json\/wp\/v2\/comments?post=8855"}],"version-history":[{"count":3,"href":"https:\/\/agora.xtec.cat\/escgaspardeportola\/wp-json\/wp\/v2\/posts\/8855\/revisions"}],"predecessor-version":[{"id":8859,"href":"https:\/\/agora.xtec.cat\/escgaspardeportola\/wp-json\/wp\/v2\/posts\/8855\/revisions\/8859"}],"wp:featuredmedia":[{"embeddable":true,"href":"https:\/\/agora.xtec.cat\/escgaspardeportola\/wp-json\/wp\/v2\/media\/8856"}],"wp:attachment":[{"href":"https:\/\/agora.xtec.cat\/escgaspardeportola\/wp-json\/wp\/v2\/media?parent=8855"}],"wp:term":[{"taxonomy":"category","embeddable":true,"href":"https:\/\/agora.xtec.cat\/escgaspardeportola\/wp-json\/wp\/v2\/categories?post=8855"},{"taxonomy":"post_tag","embeddable":true,"href":"https:\/\/agora.xtec.cat\/escgaspardeportola\/wp-json\/wp\/v2\/tags?post=8855"}],"curies":[{"name":"wp","href":"https:\/\/api.w.org\/{rel}","templated":true}]}}