{"id":8847,"date":"2023-11-29T21:03:51","date_gmt":"2023-11-29T20:03:51","guid":{"rendered":"https:\/\/agora.xtec.cat\/escgaspardeportola\/?p=8847"},"modified":"2023-11-29T21:06:05","modified_gmt":"2023-11-29T20:06:05","slug":"lescola-collabora-a-lacte-de-rebuig-a-les-violencies-masclistes","status":"publish","type":"post","link":"https:\/\/agora.xtec.cat\/escgaspardeportola\/general\/lescola-collabora-a-lacte-de-rebuig-a-les-violencies-masclistes\/","title":{"rendered":"L&#8217;escola col\u00b7labora a l&#8217;acte de rebuig a les viol\u00e8ncies masclistes"},"content":{"rendered":"<p style=\"text-align: justify;\">Fa un parell de setmanes, des de la Paeria de Balaguer, juntament amb el Consell Comarcal de La Noguera, l&#8217;Escola va rebre la proposta de poder col\u00b7laborar a l\u2019acte institucional en motiu del 25N, Dia Internacional Contra la Viol\u00e8ncia envers les Dones.<\/p>\n<p style=\"text-align: justify;\">La proposta consistia en fer una foto representativa amb diversos membres de la nostra escola per tal d&#8217;aconseguir fer una exposici\u00f3 que, juntament amb el mural que es va realitzar el mateix dia de l&#8217;acte institucional, es va exhibir a la pla\u00e7a del Mercadal de Balaguer.<\/p>\n<p style=\"text-align: justify;\">L&#8217;objectiu d&#8217;aquesta activitat era, per una banda, visibilitzar els serveis i entitats que formen part de la Xarxa d&#8217;atenci\u00f3 a les v\u00edctimes i, per l&#8217;altra, unir la ciutadania i altres centres en la lluita per a l&#8217;erradicaci\u00f3 d&#8217;aquestes viol\u00e8ncies.<\/p>\n<p style=\"text-align: justify;\">Com a escola estem molt contents de participar en aquestes iniciatives.<\/p>\n<p><a href=\"https:\/\/agora.xtec.cat\/escgaspardeportola\/wp-content\/uploads\/usu555\/2023\/11\/ESCOLA-GASPAR.pdf\">ESCOLA GASPAR<\/a><\/p>\n","protected":false},"excerpt":{"rendered":"<p>Fa un parell de setmanes, des de la Paeria de Balaguer, juntament amb el Consell Comarcal de La Noguera, l&#8217;Escola va rebre la proposta de poder col\u00b7laborar a l\u2019acte institucional en motiu del 25N, Dia Internacional Contra la Viol\u00e8ncia envers les Dones. La proposta consistia en fer una foto representativa amb diversos membres de la [&hellip;]<\/p>\n","protected":false},"author":36,"featured_media":0,"comment_status":"closed","ping_status":"closed","sticky":false,"template":"","format":"standard","meta":{"_bbp_topic_count":0,"_bbp_reply_count":0,"_bbp_total_topic_count":0,"_bbp_total_reply_count":0,"_bbp_voice_count":0,"_bbp_anonymous_reply_count":0,"_bbp_topic_count_hidden":0,"_bbp_reply_count_hidden":0,"_bbp_forum_subforum_count":0,"site-sidebar-layout":"default","site-content-layout":"","ast-site-content-layout":"","site-content-style":"default","site-sidebar-style":"default","ast-global-header-display":"","ast-banner-title-visibility":"","ast-main-header-display":"","ast-hfb-above-header-display":"","ast-hfb-below-header-display":"","ast-hfb-mobile-header-display":"","site-post-title":"","ast-breadcrumbs-content":"","ast-featured-img":"","footer-sml-layout":"","theme-transparent-header-meta":"","adv-header-id-meta":"","stick-header-meta":"","header-above-stick-meta":"","header-main-stick-meta":"","header-below-stick-meta":"","astra-migrate-meta-layouts":"default","ast-page-background-enabled":"default","ast-page-background-meta":{"desktop":{"background-color":"var(--ast-global-color-4)","background-image":"","background-repeat":"repeat","background-position":"center center","background-size":"auto","background-attachment":"scroll","background-type":"","background-media":"","overlay-type":"","overlay-color":"","overlay-opacity":"","overlay-gradient":""},"tablet":{"background-color":"","background-image":"","background-repeat":"repeat","background-position":"center center","background-size":"auto","background-attachment":"scroll","background-type":"","background-media":"","overlay-type":"","overlay-color":"","overlay-opacity":"","overlay-gradient":""},"mobile":{"background-color":"","background-image":"","background-repeat":"repeat","background-position":"center center","background-size":"auto","background-attachment":"scroll","background-type":"","background-media":"","overlay-type":"","overlay-color":"","overlay-opacity":"","overlay-gradient":""}},"ast-content-background-meta":{"desktop":{"background-color":"var(--ast-global-color-5)","background-image":"","background-repeat":"repeat","background-position":"center center","background-size":"auto","background-attachment":"scroll","background-type":"","background-media":"","overlay-type":"","overlay-color":"","overlay-opacity":"","overlay-gradient":""},"tablet":{"background-color":"var(--ast-global-color-5)","background-image":"","background-repeat":"repeat","background-position":"center center","background-size":"auto","background-attachment":"scroll","background-type":"","background-media":"","overlay-type":"","overlay-color":"","overlay-opacity":"","overlay-gradient":""},"mobile":{"background-color":"var(--ast-global-color-5)","background-image":"","background-repeat":"repeat","background-position":"center center","background-size":"auto","background-attachment":"scroll","background-type":"","background-media":"","overlay-type":"","overlay-color":"","overlay-opacity":"","overlay-gradient":""}},"footnotes":""},"categories":[1,4],"tags":[],"class_list":["post-8847","post","type-post","status-publish","format-standard","hentry","category-general","category-portada"],"post_mailing_queue_ids":[],"_links":{"self":[{"href":"https:\/\/agora.xtec.cat\/escgaspardeportola\/wp-json\/wp\/v2\/posts\/8847","targetHints":{"allow":["GET"]}}],"collection":[{"href":"https:\/\/agora.xtec.cat\/escgaspardeportola\/wp-json\/wp\/v2\/posts"}],"about":[{"href":"https:\/\/agora.xtec.cat\/escgaspardeportola\/wp-json\/wp\/v2\/types\/post"}],"author":[{"embeddable":true,"href":"https:\/\/agora.xtec.cat\/escgaspardeportola\/wp-json\/wp\/v2\/users\/36"}],"replies":[{"embeddable":true,"href":"https:\/\/agora.xtec.cat\/escgaspardeportola\/wp-json\/wp\/v2\/comments?post=8847"}],"version-history":[{"count":2,"href":"https:\/\/agora.xtec.cat\/escgaspardeportola\/wp-json\/wp\/v2\/posts\/8847\/revisions"}],"predecessor-version":[{"id":8850,"href":"https:\/\/agora.xtec.cat\/escgaspardeportola\/wp-json\/wp\/v2\/posts\/8847\/revisions\/8850"}],"wp:attachment":[{"href":"https:\/\/agora.xtec.cat\/escgaspardeportola\/wp-json\/wp\/v2\/media?parent=8847"}],"wp:term":[{"taxonomy":"category","embeddable":true,"href":"https:\/\/agora.xtec.cat\/escgaspardeportola\/wp-json\/wp\/v2\/categories?post=8847"},{"taxonomy":"post_tag","embeddable":true,"href":"https:\/\/agora.xtec.cat\/escgaspardeportola\/wp-json\/wp\/v2\/tags?post=8847"}],"curies":[{"name":"wp","href":"https:\/\/api.w.org\/{rel}","templated":true}]}}