{"id":8791,"date":"2023-11-08T17:54:51","date_gmt":"2023-11-08T16:54:51","guid":{"rendered":"https:\/\/agora.xtec.cat\/escgaspardeportola\/?p=8791"},"modified":"2023-11-08T17:57:27","modified_gmt":"2023-11-08T16:57:27","slug":"ofrena-floral-4","status":"publish","type":"post","link":"https:\/\/agora.xtec.cat\/escgaspardeportola\/general\/ofrena-floral-4\/","title":{"rendered":"Ofrena Floral 2023"},"content":{"rendered":"<p><img loading=\"lazy\" decoding=\"async\" class=\"size-full wp-image-8792\" src=\"https:\/\/agora.xtec.cat\/escgaspardeportola\/wp-content\/uploads\/usu555\/2023\/11\/IMG_20231108_095504.jpg\" alt=\"\" width=\"336\" height=\"448\" srcset=\"https:\/\/agora.xtec.cat\/escgaspardeportola\/wp-content\/uploads\/usu555\/2023\/11\/IMG_20231108_095504.jpg 336w, https:\/\/agora.xtec.cat\/escgaspardeportola\/wp-content\/uploads\/usu555\/2023\/11\/IMG_20231108_095504-225x300.jpg 225w\" sizes=\"auto, (max-width: 336px) 100vw, 336px\" \/><\/p>\n<p>Els nens i nenes de tercer i quart de l&#8217;escola han pogut gaudir d&#8217;un mat\u00ed ben divertit.<\/p>\n<p>Ens hem trobat a la pla\u00e7a del Morter i hem fet rumb a la pla\u00e7a Mercadal, on s&#8217;han fotografiat amb els gegants de la nostra ciutat. Despr\u00e9s a toc de m\u00fasica i confeti, han anat caminant pels carrers del casc antic fins arribar al gran dest\u00ed final: el Sant Crist de Balaguer.<\/p>\n<p>Una vegada esmorzats, han pogut fer l&#8217;ofrena i entregar els seus ramets de flors, per\u00f2 aqu\u00ed no acaba la cosa&#8230; En sortir de l&#8217;ofrena, un grup musical els ha fet ballar i passar-s&#8217;ho d&#8217;all\u00f2 m\u00e9s b\u00e9.<\/p>\n<p>Aix\u00ed doncs, entre riures, balls, can\u00e7ons, flors i colors, un any m\u00e9s han donat el tret de sortida a l&#8217;inici de la festa major de Balaguer.<\/p>\n<p>En el seg\u00fcent enlla\u00e7, hi trobareu totes les <a href=\"https:\/\/drive.google.com\/drive\/folders\/1-mlxDsV-CVzeTaYGxNZZgNg2-kC0Us9M?usp=sharing\">fotografies<\/a> de la jornada.<\/p>\n<p><span style=\"font-family: inherit; font-size: 1em;\">Bona festa major!<\/span><\/p>\n","protected":false},"excerpt":{"rendered":"<p>Els nens i nenes de tercer i quart de l&#8217;escola han pogut gaudir d&#8217;un mat\u00ed ben divertit. Ens hem trobat a la pla\u00e7a del Morter i hem fet rumb a la pla\u00e7a Mercadal, on s&#8217;han fotografiat amb els gegants de la nostra ciutat. Despr\u00e9s a toc de m\u00fasica i confeti, han anat caminant pels carrers [&hellip;]<\/p>\n","protected":false},"author":49,"featured_media":0,"comment_status":"closed","ping_status":"closed","sticky":false,"template":"","format":"standard","meta":{"_bbp_topic_count":0,"_bbp_reply_count":0,"_bbp_total_topic_count":0,"_bbp_total_reply_count":0,"_bbp_voice_count":0,"_bbp_anonymous_reply_count":0,"_bbp_topic_count_hidden":0,"_bbp_reply_count_hidden":0,"_bbp_forum_subforum_count":0,"site-sidebar-layout":"default","site-content-layout":"","ast-site-content-layout":"","site-content-style":"default","site-sidebar-style":"default","ast-global-header-display":"","ast-banner-title-visibility":"","ast-main-header-display":"","ast-hfb-above-header-display":"","ast-hfb-below-header-display":"","ast-hfb-mobile-header-display":"","site-post-title":"","ast-breadcrumbs-content":"","ast-featured-img":"","footer-sml-layout":"","theme-transparent-header-meta":"","adv-header-id-meta":"","stick-header-meta":"","header-above-stick-meta":"","header-main-stick-meta":"","header-below-stick-meta":"","astra-migrate-meta-layouts":"default","ast-page-background-enabled":"default","ast-page-background-meta":{"desktop":{"background-color":"var(--ast-global-color-4)","background-image":"","background-repeat":"repeat","background-position":"center center","background-size":"auto","background-attachment":"scroll","background-type":"","background-media":"","overlay-type":"","overlay-color":"","overlay-opacity":"","overlay-gradient":""},"tablet":{"background-color":"","background-image":"","background-repeat":"repeat","background-position":"center center","background-size":"auto","background-attachment":"scroll","background-type":"","background-media":"","overlay-type":"","overlay-color":"","overlay-opacity":"","overlay-gradient":""},"mobile":{"background-color":"","background-image":"","background-repeat":"repeat","background-position":"center center","background-size":"auto","background-attachment":"scroll","background-type":"","background-media":"","overlay-type":"","overlay-color":"","overlay-opacity":"","overlay-gradient":""}},"ast-content-background-meta":{"desktop":{"background-color":"var(--ast-global-color-5)","background-image":"","background-repeat":"repeat","background-position":"center center","background-size":"auto","background-attachment":"scroll","background-type":"","background-media":"","overlay-type":"","overlay-color":"","overlay-opacity":"","overlay-gradient":""},"tablet":{"background-color":"var(--ast-global-color-5)","background-image":"","background-repeat":"repeat","background-position":"center center","background-size":"auto","background-attachment":"scroll","background-type":"","background-media":"","overlay-type":"","overlay-color":"","overlay-opacity":"","overlay-gradient":""},"mobile":{"background-color":"var(--ast-global-color-5)","background-image":"","background-repeat":"repeat","background-position":"center center","background-size":"auto","background-attachment":"scroll","background-type":"","background-media":"","overlay-type":"","overlay-color":"","overlay-opacity":"","overlay-gradient":""}},"footnotes":""},"categories":[60,1],"tags":[61,354,170,353],"class_list":["post-8791","post","type-post","status-publish","format-standard","hentry","category-ciclemitja","category-general","tag-cicle-mitja","tag-festa-major","tag-ofrena-floral","tag-tradicio"],"post_mailing_queue_ids":[],"_links":{"self":[{"href":"https:\/\/agora.xtec.cat\/escgaspardeportola\/wp-json\/wp\/v2\/posts\/8791","targetHints":{"allow":["GET"]}}],"collection":[{"href":"https:\/\/agora.xtec.cat\/escgaspardeportola\/wp-json\/wp\/v2\/posts"}],"about":[{"href":"https:\/\/agora.xtec.cat\/escgaspardeportola\/wp-json\/wp\/v2\/types\/post"}],"author":[{"embeddable":true,"href":"https:\/\/agora.xtec.cat\/escgaspardeportola\/wp-json\/wp\/v2\/users\/49"}],"replies":[{"embeddable":true,"href":"https:\/\/agora.xtec.cat\/escgaspardeportola\/wp-json\/wp\/v2\/comments?post=8791"}],"version-history":[{"count":4,"href":"https:\/\/agora.xtec.cat\/escgaspardeportola\/wp-json\/wp\/v2\/posts\/8791\/revisions"}],"predecessor-version":[{"id":8796,"href":"https:\/\/agora.xtec.cat\/escgaspardeportola\/wp-json\/wp\/v2\/posts\/8791\/revisions\/8796"}],"wp:attachment":[{"href":"https:\/\/agora.xtec.cat\/escgaspardeportola\/wp-json\/wp\/v2\/media?parent=8791"}],"wp:term":[{"taxonomy":"category","embeddable":true,"href":"https:\/\/agora.xtec.cat\/escgaspardeportola\/wp-json\/wp\/v2\/categories?post=8791"},{"taxonomy":"post_tag","embeddable":true,"href":"https:\/\/agora.xtec.cat\/escgaspardeportola\/wp-json\/wp\/v2\/tags?post=8791"}],"curies":[{"name":"wp","href":"https:\/\/api.w.org\/{rel}","templated":true}]}}