{"id":8700,"date":"2023-10-25T11:58:39","date_gmt":"2023-10-25T09:58:39","guid":{"rendered":"https:\/\/agora.xtec.cat\/escgaspardeportola\/?p=8700"},"modified":"2023-10-25T11:58:39","modified_gmt":"2023-10-25T09:58:39","slug":"reunio-delegats-verds","status":"publish","type":"post","link":"https:\/\/agora.xtec.cat\/escgaspardeportola\/general\/reunio-delegats-verds\/","title":{"rendered":"Reuni\u00f3 Delegats Verds"},"content":{"rendered":"<p>El passat dimecres 11 d&#8217;octubre, els delegats verds de l&#8217;escola (des d&#8217;I5 fins a 6\u00e8) es van reunir amb alguns membres de la comissi\u00f3 d&#8217;Escola Verda i la Carme la directora. En aquesta reuni\u00f3 cada delegat\/da verd\/a va explicar quines propostes d&#8217;actuacions s&#8217;havien dit des de les aules.<\/p>\n<p>Els\/les delegats\/des van participar activament i les propostes m\u00e9s repetides van ser:<\/p>\n<ul style=\"list-style-type: square;\">\n<li>Canviar aixetes o ficar sensors per tal de no malgastar tanta aigua.<\/li>\n<li>Ficar cartells a les papereres del pati per fer un bon reciclatge.<\/li>\n<li>No gastar tanta electricitat, tancant llums, canviant interruptors, ficant leds&#8230;<\/li>\n<li>Ficar plaques solars.<\/li>\n<li>&#8230;<\/li>\n<\/ul>\n<p>Despr\u00e9s de la reuni\u00f3 cada delegat\/da va anar a la seva classe a explicar com havia anat la reuni\u00f3. I des de la Comissi\u00f3 d&#8217;Escola Verda s&#8217;intentar\u00e0 realitzar alguna de les propostes.<img loading=\"lazy\" decoding=\"async\" class=\"alignnone size-full wp-image-8701\" src=\"https:\/\/agora.xtec.cat\/escgaspardeportola\/wp-content\/uploads\/usu555\/2023\/10\/1698226770524.jpg\" alt=\"\" width=\"768\" height=\"1024\" srcset=\"https:\/\/agora.xtec.cat\/escgaspardeportola\/wp-content\/uploads\/usu555\/2023\/10\/1698226770524.jpg 768w, https:\/\/agora.xtec.cat\/escgaspardeportola\/wp-content\/uploads\/usu555\/2023\/10\/1698226770524-225x300.jpg 225w\" sizes=\"auto, (max-width: 768px) 100vw, 768px\" \/><\/p>\n","protected":false},"excerpt":{"rendered":"<p>El passat dimecres 11 d&#8217;octubre, els delegats verds de l&#8217;escola (des d&#8217;I5 fins a 6\u00e8) es van reunir amb alguns membres de la comissi\u00f3 d&#8217;Escola Verda i la Carme la directora. En aquesta reuni\u00f3 cada delegat\/da verd\/a va explicar quines propostes d&#8217;actuacions s&#8217;havien dit des de les aules. Els\/les delegats\/des van participar activament i les [&hellip;]<\/p>\n","protected":false},"author":30,"featured_media":0,"comment_status":"closed","ping_status":"closed","sticky":false,"template":"","format":"standard","meta":{"_bbp_topic_count":0,"_bbp_reply_count":0,"_bbp_total_topic_count":0,"_bbp_total_reply_count":0,"_bbp_voice_count":0,"_bbp_anonymous_reply_count":0,"_bbp_topic_count_hidden":0,"_bbp_reply_count_hidden":0,"_bbp_forum_subforum_count":0,"site-sidebar-layout":"default","site-content-layout":"","ast-site-content-layout":"","site-content-style":"default","site-sidebar-style":"default","ast-global-header-display":"","ast-banner-title-visibility":"","ast-main-header-display":"","ast-hfb-above-header-display":"","ast-hfb-below-header-display":"","ast-hfb-mobile-header-display":"","site-post-title":"","ast-breadcrumbs-content":"","ast-featured-img":"","footer-sml-layout":"","theme-transparent-header-meta":"","adv-header-id-meta":"","stick-header-meta":"","header-above-stick-meta":"","header-main-stick-meta":"","header-below-stick-meta":"","astra-migrate-meta-layouts":"default","ast-page-background-enabled":"default","ast-page-background-meta":{"desktop":{"background-color":"var(--ast-global-color-4)","background-image":"","background-repeat":"repeat","background-position":"center center","background-size":"auto","background-attachment":"scroll","background-type":"","background-media":"","overlay-type":"","overlay-color":"","overlay-opacity":"","overlay-gradient":""},"tablet":{"background-color":"","background-image":"","background-repeat":"repeat","background-position":"center center","background-size":"auto","background-attachment":"scroll","background-type":"","background-media":"","overlay-type":"","overlay-color":"","overlay-opacity":"","overlay-gradient":""},"mobile":{"background-color":"","background-image":"","background-repeat":"repeat","background-position":"center center","background-size":"auto","background-attachment":"scroll","background-type":"","background-media":"","overlay-type":"","overlay-color":"","overlay-opacity":"","overlay-gradient":""}},"ast-content-background-meta":{"desktop":{"background-color":"var(--ast-global-color-5)","background-image":"","background-repeat":"repeat","background-position":"center center","background-size":"auto","background-attachment":"scroll","background-type":"","background-media":"","overlay-type":"","overlay-color":"","overlay-opacity":"","overlay-gradient":""},"tablet":{"background-color":"var(--ast-global-color-5)","background-image":"","background-repeat":"repeat","background-position":"center center","background-size":"auto","background-attachment":"scroll","background-type":"","background-media":"","overlay-type":"","overlay-color":"","overlay-opacity":"","overlay-gradient":""},"mobile":{"background-color":"var(--ast-global-color-5)","background-image":"","background-repeat":"repeat","background-position":"center center","background-size":"auto","background-attachment":"scroll","background-type":"","background-media":"","overlay-type":"","overlay-color":"","overlay-opacity":"","overlay-gradient":""}},"footnotes":""},"categories":[110,1],"tags":[112],"class_list":["post-8700","post","type-post","status-publish","format-standard","hentry","category-escola-verda","category-general","tag-escola-verda"],"post_mailing_queue_ids":[],"_links":{"self":[{"href":"https:\/\/agora.xtec.cat\/escgaspardeportola\/wp-json\/wp\/v2\/posts\/8700","targetHints":{"allow":["GET"]}}],"collection":[{"href":"https:\/\/agora.xtec.cat\/escgaspardeportola\/wp-json\/wp\/v2\/posts"}],"about":[{"href":"https:\/\/agora.xtec.cat\/escgaspardeportola\/wp-json\/wp\/v2\/types\/post"}],"author":[{"embeddable":true,"href":"https:\/\/agora.xtec.cat\/escgaspardeportola\/wp-json\/wp\/v2\/users\/30"}],"replies":[{"embeddable":true,"href":"https:\/\/agora.xtec.cat\/escgaspardeportola\/wp-json\/wp\/v2\/comments?post=8700"}],"version-history":[{"count":1,"href":"https:\/\/agora.xtec.cat\/escgaspardeportola\/wp-json\/wp\/v2\/posts\/8700\/revisions"}],"predecessor-version":[{"id":8705,"href":"https:\/\/agora.xtec.cat\/escgaspardeportola\/wp-json\/wp\/v2\/posts\/8700\/revisions\/8705"}],"wp:attachment":[{"href":"https:\/\/agora.xtec.cat\/escgaspardeportola\/wp-json\/wp\/v2\/media?parent=8700"}],"wp:term":[{"taxonomy":"category","embeddable":true,"href":"https:\/\/agora.xtec.cat\/escgaspardeportola\/wp-json\/wp\/v2\/categories?post=8700"},{"taxonomy":"post_tag","embeddable":true,"href":"https:\/\/agora.xtec.cat\/escgaspardeportola\/wp-json\/wp\/v2\/tags?post=8700"}],"curies":[{"name":"wp","href":"https:\/\/api.w.org\/{rel}","templated":true}]}}