{"id":8638,"date":"2023-10-23T09:00:54","date_gmt":"2023-10-23T07:00:54","guid":{"rendered":"https:\/\/agora.xtec.cat\/escgaspardeportola\/?p=8638"},"modified":"2023-10-18T18:18:19","modified_gmt":"2023-10-18T16:18:19","slug":"primera-sortida-de-cicle-mitja","status":"publish","type":"post","link":"https:\/\/agora.xtec.cat\/escgaspardeportola\/ciclemitja\/primera-sortida-de-cicle-mitja\/","title":{"rendered":"PRIMERA SORTIDA DE CICLE MITJ\u00c0"},"content":{"rendered":"<p><img loading=\"lazy\" decoding=\"async\" class=\"size-full wp-image-8672 aligncenter\" src=\"https:\/\/agora.xtec.cat\/escgaspardeportola\/wp-content\/uploads\/usu555\/2023\/10\/IMG_9446.jpg\" alt=\"\" width=\"336\" height=\"448\" srcset=\"https:\/\/agora.xtec.cat\/escgaspardeportola\/wp-content\/uploads\/usu555\/2023\/10\/IMG_9446.jpg 336w, https:\/\/agora.xtec.cat\/escgaspardeportola\/wp-content\/uploads\/usu555\/2023\/10\/IMG_9446-225x300.jpg 225w\" sizes=\"auto, (max-width: 336px) 100vw, 336px\" \/><\/p>\n<p>Els nens i nenes de tercer i quart hem realitzat una sortida molt interessant aquesta setmana passada. Aquesta sortida estava relacionada amb el projecte d&#8217;escola de l&#8217;aigua i tamb\u00e9 amb el projecte de medi dels animals.<\/p>\n<p style=\"text-align: justify;\">Aix\u00ed doncs, durant el mat\u00ed, vam anar a visitar primer les comportes velles i noves de la presa de Ponts, juntament amb l\u2019ermita neorom\u00e0nica de Sant Isidre del Canal. Seguidament, vam posar rumb a Agramunt per veure el Pont de Ferro; per acabar, vam anar a visitar la Trinxera de la caserna i el terrapl\u00e8 de Castellser\u00e0. Aquest recorregut ens va permetre resseguir el canal d\u2019Urgell en un dels moments en qu\u00e8 aquest porta m\u00e9s aigua.<\/p>\n<p style=\"text-align: justify;\">La cosa, per\u00f2, no va acabar aqu\u00ed, ja que per la tarda, despr\u00e9s de dinar i jugar una estona, vam dur a terme un taller art\u00edstic relacionat amb els animals d&#8217;alguns dels murals de Penelles i tamb\u00e9 vam fer una petita caminada per observar les obres d&#8217;aquests artistes.<\/p>\n<p style=\"text-align: justify;\">En ho vam passar d&#8217;all\u00f2 m\u00e9s b\u00e9! Ho podeu comprovar veient les fotografies clicant en aquest <a href=\"https:\/\/drive.google.com\/drive\/folders\/1EyeNMF0LnjttbZt-paUenWk_k5JDBGtg?usp=sharing\">enlla\u00e7<\/a>.<\/p>\n","protected":false},"excerpt":{"rendered":"<p>Els nens i nenes de tercer i quart hem realitzat una sortida molt interessant aquesta setmana passada. Aquesta sortida estava relacionada amb el projecte d&#8217;escola de l&#8217;aigua i tamb\u00e9 amb el projecte de medi dels animals. Aix\u00ed doncs, durant el mat\u00ed, vam anar a visitar primer les comportes velles i noves de la presa de [&hellip;]<\/p>\n","protected":false},"author":47,"featured_media":0,"comment_status":"open","ping_status":"closed","sticky":false,"template":"","format":"standard","meta":{"_bbp_topic_count":0,"_bbp_reply_count":0,"_bbp_total_topic_count":0,"_bbp_total_reply_count":0,"_bbp_voice_count":0,"_bbp_anonymous_reply_count":0,"_bbp_topic_count_hidden":0,"_bbp_reply_count_hidden":0,"_bbp_forum_subforum_count":0,"site-sidebar-layout":"default","site-content-layout":"","ast-site-content-layout":"","site-content-style":"default","site-sidebar-style":"default","ast-global-header-display":"","ast-banner-title-visibility":"","ast-main-header-display":"","ast-hfb-above-header-display":"","ast-hfb-below-header-display":"","ast-hfb-mobile-header-display":"","site-post-title":"","ast-breadcrumbs-content":"","ast-featured-img":"","footer-sml-layout":"","theme-transparent-header-meta":"","adv-header-id-meta":"","stick-header-meta":"","header-above-stick-meta":"","header-main-stick-meta":"","header-below-stick-meta":"","astra-migrate-meta-layouts":"default","ast-page-background-enabled":"default","ast-page-background-meta":{"desktop":{"background-color":"var(--ast-global-color-4)","background-image":"","background-repeat":"repeat","background-position":"center center","background-size":"auto","background-attachment":"scroll","background-type":"","background-media":"","overlay-type":"","overlay-color":"","overlay-opacity":"","overlay-gradient":""},"tablet":{"background-color":"","background-image":"","background-repeat":"repeat","background-position":"center center","background-size":"auto","background-attachment":"scroll","background-type":"","background-media":"","overlay-type":"","overlay-color":"","overlay-opacity":"","overlay-gradient":""},"mobile":{"background-color":"","background-image":"","background-repeat":"repeat","background-position":"center center","background-size":"auto","background-attachment":"scroll","background-type":"","background-media":"","overlay-type":"","overlay-color":"","overlay-opacity":"","overlay-gradient":""}},"ast-content-background-meta":{"desktop":{"background-color":"var(--ast-global-color-5)","background-image":"","background-repeat":"repeat","background-position":"center center","background-size":"auto","background-attachment":"scroll","background-type":"","background-media":"","overlay-type":"","overlay-color":"","overlay-opacity":"","overlay-gradient":""},"tablet":{"background-color":"var(--ast-global-color-5)","background-image":"","background-repeat":"repeat","background-position":"center center","background-size":"auto","background-attachment":"scroll","background-type":"","background-media":"","overlay-type":"","overlay-color":"","overlay-opacity":"","overlay-gradient":""},"mobile":{"background-color":"var(--ast-global-color-5)","background-image":"","background-repeat":"repeat","background-position":"center center","background-size":"auto","background-attachment":"scroll","background-type":"","background-media":"","overlay-type":"","overlay-color":"","overlay-opacity":"","overlay-gradient":""}},"footnotes":""},"categories":[60],"tags":[379,61,417,416,317,422,100,160,191],"class_list":["post-8638","post","type-post","status-publish","format-standard","hentry","category-ciclemitja","tag-aigua","tag-cicle-mitja","tag-murals","tag-penelles","tag-projecte-aigua","tag-projecte-animals","tag-quart","tag-sortida","tag-tercer"],"post_mailing_queue_ids":[],"_links":{"self":[{"href":"https:\/\/agora.xtec.cat\/escgaspardeportola\/wp-json\/wp\/v2\/posts\/8638","targetHints":{"allow":["GET"]}}],"collection":[{"href":"https:\/\/agora.xtec.cat\/escgaspardeportola\/wp-json\/wp\/v2\/posts"}],"about":[{"href":"https:\/\/agora.xtec.cat\/escgaspardeportola\/wp-json\/wp\/v2\/types\/post"}],"author":[{"embeddable":true,"href":"https:\/\/agora.xtec.cat\/escgaspardeportola\/wp-json\/wp\/v2\/users\/47"}],"replies":[{"embeddable":true,"href":"https:\/\/agora.xtec.cat\/escgaspardeportola\/wp-json\/wp\/v2\/comments?post=8638"}],"version-history":[{"count":2,"href":"https:\/\/agora.xtec.cat\/escgaspardeportola\/wp-json\/wp\/v2\/posts\/8638\/revisions"}],"predecessor-version":[{"id":8673,"href":"https:\/\/agora.xtec.cat\/escgaspardeportola\/wp-json\/wp\/v2\/posts\/8638\/revisions\/8673"}],"wp:attachment":[{"href":"https:\/\/agora.xtec.cat\/escgaspardeportola\/wp-json\/wp\/v2\/media?parent=8638"}],"wp:term":[{"taxonomy":"category","embeddable":true,"href":"https:\/\/agora.xtec.cat\/escgaspardeportola\/wp-json\/wp\/v2\/categories?post=8638"},{"taxonomy":"post_tag","embeddable":true,"href":"https:\/\/agora.xtec.cat\/escgaspardeportola\/wp-json\/wp\/v2\/tags?post=8638"}],"curies":[{"name":"wp","href":"https:\/\/api.w.org\/{rel}","templated":true}]}}