{"id":8635,"date":"2023-10-16T10:30:24","date_gmt":"2023-10-16T08:30:24","guid":{"rendered":"https:\/\/agora.xtec.cat\/escgaspardeportola\/?p=8635"},"modified":"2023-10-16T10:33:30","modified_gmt":"2023-10-16T08:33:30","slug":"quart-es-prepara-per-la-representacio-de-contes-a-i5","status":"publish","type":"post","link":"https:\/\/agora.xtec.cat\/escgaspardeportola\/ciclemitja\/quart-es-prepara-per-la-representacio-de-contes-a-i5\/","title":{"rendered":"QUART ES PREPARA PER A LA REPRESENTACI\u00d3 DE CONTES A I5"},"content":{"rendered":"<p style=\"text-align: justify;\"><a href=\"https:\/\/agora.xtec.cat\/escgaspardeportola\/wp-content\/uploads\/usu555\/2023\/10\/IMG_8926.heic\"><img loading=\"lazy\" decoding=\"async\" class=\"alignnone size-large wp-image-8636\" src=\"https:\/\/agora.xtec.cat\/escgaspardeportola\/wp-content\/uploads\/usu555\/2023\/10\/IMG_8926.heic\" alt=\"\" width=\"1\" height=\"1\" \/><img loading=\"lazy\" decoding=\"async\" class=\"size-full wp-image-8640 aligncenter\" src=\"https:\/\/agora.xtec.cat\/escgaspardeportola\/wp-content\/uploads\/usu555\/2023\/10\/IMG_8926.jpg\" alt=\"\" width=\"448\" height=\"336\" srcset=\"https:\/\/agora.xtec.cat\/escgaspardeportola\/wp-content\/uploads\/usu555\/2023\/10\/IMG_8926.jpg 448w, https:\/\/agora.xtec.cat\/escgaspardeportola\/wp-content\/uploads\/usu555\/2023\/10\/IMG_8926-300x225.jpg 300w, https:\/\/agora.xtec.cat\/escgaspardeportola\/wp-content\/uploads\/usu555\/2023\/10\/IMG_8926-200x150.jpg 200w\" sizes=\"auto, (max-width: 448px) 100vw, 448px\" \/><\/a><\/p>\n<p style=\"text-align: justify;\">Els nens i nenes de quart, al llarg d&#8217;aquestes primeres setmanes de curs, hem estat preparant, en petits grup, els cartells corresponents als contes populars que representarem als nens i nenes d&#8217;I5 durant el aquest primer trimestre.<\/p>\n<p style=\"text-align: justify;\">Aquests contes que representarem s\u00f3n: els tres porquets, les set cabretes i el llop, la Caputxeta vermella, el flautista de Hamel\u00edn, el casament de les rates i el Patufet. Alguns d&#8217;ells seran representats en castell\u00e0 i tamb\u00e9 hi haur\u00e0 alguns di\u00e0legs en angl\u00e8s per tal de treballar una mica totes tres lleng\u00fces.<\/p>\n<p style=\"text-align: justify;\">Estem molt il\u00b7lusionats en dur a terme aquestes representacions, ja que ens ajudaran a preparar-nos pel gran teatre final que tindr\u00e0 lloc al maig en el teatre municipal de la ciutat. \u00c9s per aix\u00f2 que tamb\u00e9 hem realitzat una entrevista als nens i nenes que ara fan 5\u00e8; els hem demanat informaci\u00f3 i consells per tal d&#8217;actuar de la millor manera possible.<\/p>\n<p style=\"text-align: justify;\">Podeu veure un recull d&#8217;imatges en aquest <a href=\"https:\/\/drive.google.com\/drive\/folders\/1-StkYUHbfJF_GClfzGb5X886aeoQfwHS?usp=sharing\">enlla\u00e7<\/a>. M\u00e9s endavant, quan haguem iniciat les representacions, us penjarem la resta de fotografies.<\/p>\n<p>&nbsp;<\/p>\n","protected":false},"excerpt":{"rendered":"<p>Els nens i nenes de quart, al llarg d&#8217;aquestes primeres setmanes de curs, hem estat preparant, en petits grup, els cartells corresponents als contes populars que representarem als nens i nenes d&#8217;I5 durant el aquest primer trimestre. Aquests contes que representarem s\u00f3n: els tres porquets, les set cabretes i el llop, la Caputxeta vermella, el [&hellip;]<\/p>\n","protected":false},"author":47,"featured_media":0,"comment_status":"open","ping_status":"closed","sticky":false,"template":"","format":"standard","meta":{"_bbp_topic_count":0,"_bbp_reply_count":0,"_bbp_total_topic_count":0,"_bbp_total_reply_count":0,"_bbp_voice_count":0,"_bbp_anonymous_reply_count":0,"_bbp_topic_count_hidden":0,"_bbp_reply_count_hidden":0,"_bbp_forum_subforum_count":0,"site-sidebar-layout":"default","site-content-layout":"","ast-site-content-layout":"","site-content-style":"default","site-sidebar-style":"default","ast-global-header-display":"","ast-banner-title-visibility":"","ast-main-header-display":"","ast-hfb-above-header-display":"","ast-hfb-below-header-display":"","ast-hfb-mobile-header-display":"","site-post-title":"","ast-breadcrumbs-content":"","ast-featured-img":"","footer-sml-layout":"","theme-transparent-header-meta":"","adv-header-id-meta":"","stick-header-meta":"","header-above-stick-meta":"","header-main-stick-meta":"","header-below-stick-meta":"","astra-migrate-meta-layouts":"default","ast-page-background-enabled":"default","ast-page-background-meta":{"desktop":{"background-color":"var(--ast-global-color-4)","background-image":"","background-repeat":"repeat","background-position":"center center","background-size":"auto","background-attachment":"scroll","background-type":"","background-media":"","overlay-type":"","overlay-color":"","overlay-opacity":"","overlay-gradient":""},"tablet":{"background-color":"","background-image":"","background-repeat":"repeat","background-position":"center center","background-size":"auto","background-attachment":"scroll","background-type":"","background-media":"","overlay-type":"","overlay-color":"","overlay-opacity":"","overlay-gradient":""},"mobile":{"background-color":"","background-image":"","background-repeat":"repeat","background-position":"center center","background-size":"auto","background-attachment":"scroll","background-type":"","background-media":"","overlay-type":"","overlay-color":"","overlay-opacity":"","overlay-gradient":""}},"ast-content-background-meta":{"desktop":{"background-color":"var(--ast-global-color-5)","background-image":"","background-repeat":"repeat","background-position":"center center","background-size":"auto","background-attachment":"scroll","background-type":"","background-media":"","overlay-type":"","overlay-color":"","overlay-opacity":"","overlay-gradient":""},"tablet":{"background-color":"var(--ast-global-color-5)","background-image":"","background-repeat":"repeat","background-position":"center center","background-size":"auto","background-attachment":"scroll","background-type":"","background-media":"","overlay-type":"","overlay-color":"","overlay-opacity":"","overlay-gradient":""},"mobile":{"background-color":"var(--ast-global-color-5)","background-image":"","background-repeat":"repeat","background-position":"center center","background-size":"auto","background-attachment":"scroll","background-type":"","background-media":"","overlay-type":"","overlay-color":"","overlay-opacity":"","overlay-gradient":""}},"footnotes":""},"categories":[60,64,321],"tags":[61,241,349,100,76],"class_list":["post-8635","post","type-post","status-publish","format-standard","hentry","category-ciclemitja","category-educacioinfantil","category-gaspartschool","tag-cicle-mitja","tag-gaspart-school","tag-i5","tag-quart","tag-teatre"],"post_mailing_queue_ids":[],"_links":{"self":[{"href":"https:\/\/agora.xtec.cat\/escgaspardeportola\/wp-json\/wp\/v2\/posts\/8635","targetHints":{"allow":["GET"]}}],"collection":[{"href":"https:\/\/agora.xtec.cat\/escgaspardeportola\/wp-json\/wp\/v2\/posts"}],"about":[{"href":"https:\/\/agora.xtec.cat\/escgaspardeportola\/wp-json\/wp\/v2\/types\/post"}],"author":[{"embeddable":true,"href":"https:\/\/agora.xtec.cat\/escgaspardeportola\/wp-json\/wp\/v2\/users\/47"}],"replies":[{"embeddable":true,"href":"https:\/\/agora.xtec.cat\/escgaspardeportola\/wp-json\/wp\/v2\/comments?post=8635"}],"version-history":[{"count":3,"href":"https:\/\/agora.xtec.cat\/escgaspardeportola\/wp-json\/wp\/v2\/posts\/8635\/revisions"}],"predecessor-version":[{"id":8642,"href":"https:\/\/agora.xtec.cat\/escgaspardeportola\/wp-json\/wp\/v2\/posts\/8635\/revisions\/8642"}],"wp:attachment":[{"href":"https:\/\/agora.xtec.cat\/escgaspardeportola\/wp-json\/wp\/v2\/media?parent=8635"}],"wp:term":[{"taxonomy":"category","embeddable":true,"href":"https:\/\/agora.xtec.cat\/escgaspardeportola\/wp-json\/wp\/v2\/categories?post=8635"},{"taxonomy":"post_tag","embeddable":true,"href":"https:\/\/agora.xtec.cat\/escgaspardeportola\/wp-json\/wp\/v2\/tags?post=8635"}],"curies":[{"name":"wp","href":"https:\/\/api.w.org\/{rel}","templated":true}]}}