{"id":8549,"date":"2023-06-26T14:12:32","date_gmt":"2023-06-26T12:12:32","guid":{"rendered":"https:\/\/agora.xtec.cat\/escgaspardeportola\/?p=8549"},"modified":"2023-06-26T14:12:32","modified_gmt":"2023-06-26T12:12:32","slug":"orles-i5-orles-6e-jubilacio-consol-i-carmina","status":"publish","type":"post","link":"https:\/\/agora.xtec.cat\/escgaspardeportola\/portada\/orles-i5-orles-6e-jubilacio-consol-i-carmina\/","title":{"rendered":"Orles I5, Orles 6\u00e8, Jubilaci\u00f3 Consol i Carmina."},"content":{"rendered":"<p>El passat 22 de juliol l&#8217;escola es va vestir de festa.<\/p>\n<p>Va ser un goig poder celebrar les <a href=\"https:\/\/photos.app.goo.gl\/Asi87BEjWuVQdrJu5\">orles d&#8217;I5<\/a>, on fan un gran pas per passar de l&#8217;educaci\u00f3 infantil a educaci\u00f3 prim\u00e0ria.<\/p>\n<p><a href=\"https:\/\/photos.app.goo.gl\/Asi87BEjWuVQdrJu5\"><img loading=\"lazy\" decoding=\"async\" class=\"alignnone size-large\" src=\"https:\/\/lh3.googleusercontent.com\/pw\/AJFCJaWGKvJBaTT_uXWu_Z7oQLKXDN1iY5qVDr5w2o3A91faNHQNx_zQRdd4GN971bKDKKKIcfc8rWwxAs_6QCakUJW8VvkRMYI7Y8Qauim8Jaz58ir0RmreTU-hbVeBJO8ePRSXaOuULworxR7GuV5R5lhs=w1484-h1113-s-no?authuser=0\" width=\"1484\" height=\"1113\" \/><\/a><\/p>\n<p>Tots els companys van poder gaudir i dir un\u00a0fins aviat a <a href=\"https:\/\/photos.app.goo.gl\/ft44ahnUGS3342JU7\">l&#8217;alumnat de 6\u00e8,<\/a> ens vam emocionar amb els seus balls i les seves paraules.<\/p>\n<p><a href=\"https:\/\/photos.app.goo.gl\/ft44ahnUGS3342JU7\"><img loading=\"lazy\" decoding=\"async\" class=\"alignnone size-large\" src=\"https:\/\/lh3.googleusercontent.com\/pw\/AJFCJaWikLtDVKkxgqUy5q7sECMqMsf-KH8ukI03oLiu0fWEUrBO3--0VPm6DPSSX3PLfPAXLoaitv57Udt11M0Fkrg0Ec0PT6lUzn9D0xKdEUVRlpmSj5JxZBS2Lbqz9oBjMTKbI3zL-35Bfnke3vqnzhLj=w1484-h1113-s-no?authuser=0\" width=\"1484\" height=\"1113\" \/><\/a><\/p>\n<p>Tota la comunitat educativa vam poder fer un gran homenatge a dos professionals que han deixat una gran petjada a l&#8217;escola, la Consol i la Carmina.<\/p>\n<p><img loading=\"lazy\" decoding=\"async\" class=\"alignnone size-large\" src=\"https:\/\/lh3.googleusercontent.com\/pw\/AJFCJaVayFTY-atTxDm1KJF18lcWwv_Fd3yLRP4nHN6Jm1ChvnBdyx4Ba3vEY-pA-rULPvnH-ihyyqQuUkBF8CIGldLtwIGbxn7bKeMuaBCh91s-iwuAMw7OuGlep5cf_Hpkkg0s30F10W31-7pLD6Lk_9fH=w1484-h1113-s-no?authuser=0\" width=\"1484\" height=\"1113\" \/><\/p>\n<p>Agrair a les fam\u00edlies que ens vau poder acompanyar.<\/p>\n","protected":false},"excerpt":{"rendered":"<p>El passat 22 de juliol l&#8217;escola es va vestir de festa. Va ser un goig poder celebrar les orles d&#8217;I5, on fan un gran pas per passar de l&#8217;educaci\u00f3 infantil a educaci\u00f3 prim\u00e0ria. Tots els companys van poder gaudir i dir un\u00a0fins aviat a l&#8217;alumnat de 6\u00e8, ens vam emocionar amb els seus balls i [&hellip;]<\/p>\n","protected":false},"author":1,"featured_media":0,"comment_status":"closed","ping_status":"closed","sticky":false,"template":"","format":"standard","meta":{"_bbp_topic_count":0,"_bbp_reply_count":0,"_bbp_total_topic_count":0,"_bbp_total_reply_count":0,"_bbp_voice_count":0,"_bbp_anonymous_reply_count":0,"_bbp_topic_count_hidden":0,"_bbp_reply_count_hidden":0,"_bbp_forum_subforum_count":0,"site-sidebar-layout":"default","site-content-layout":"","ast-site-content-layout":"","site-content-style":"default","site-sidebar-style":"default","ast-global-header-display":"","ast-banner-title-visibility":"","ast-main-header-display":"","ast-hfb-above-header-display":"","ast-hfb-below-header-display":"","ast-hfb-mobile-header-display":"","site-post-title":"","ast-breadcrumbs-content":"","ast-featured-img":"","footer-sml-layout":"","theme-transparent-header-meta":"","adv-header-id-meta":"","stick-header-meta":"","header-above-stick-meta":"","header-main-stick-meta":"","header-below-stick-meta":"","astra-migrate-meta-layouts":"default","ast-page-background-enabled":"default","ast-page-background-meta":{"desktop":{"background-color":"var(--ast-global-color-4)","background-image":"","background-repeat":"repeat","background-position":"center center","background-size":"auto","background-attachment":"scroll","background-type":"","background-media":"","overlay-type":"","overlay-color":"","overlay-opacity":"","overlay-gradient":""},"tablet":{"background-color":"","background-image":"","background-repeat":"repeat","background-position":"center center","background-size":"auto","background-attachment":"scroll","background-type":"","background-media":"","overlay-type":"","overlay-color":"","overlay-opacity":"","overlay-gradient":""},"mobile":{"background-color":"","background-image":"","background-repeat":"repeat","background-position":"center center","background-size":"auto","background-attachment":"scroll","background-type":"","background-media":"","overlay-type":"","overlay-color":"","overlay-opacity":"","overlay-gradient":""}},"ast-content-background-meta":{"desktop":{"background-color":"var(--ast-global-color-5)","background-image":"","background-repeat":"repeat","background-position":"center center","background-size":"auto","background-attachment":"scroll","background-type":"","background-media":"","overlay-type":"","overlay-color":"","overlay-opacity":"","overlay-gradient":""},"tablet":{"background-color":"var(--ast-global-color-5)","background-image":"","background-repeat":"repeat","background-position":"center center","background-size":"auto","background-attachment":"scroll","background-type":"","background-media":"","overlay-type":"","overlay-color":"","overlay-opacity":"","overlay-gradient":""},"mobile":{"background-color":"var(--ast-global-color-5)","background-image":"","background-repeat":"repeat","background-position":"center center","background-size":"auto","background-attachment":"scroll","background-type":"","background-media":"","overlay-type":"","overlay-color":"","overlay-opacity":"","overlay-gradient":""}},"footnotes":""},"categories":[4],"tags":[],"class_list":["post-8549","post","type-post","status-publish","format-standard","hentry","category-portada"],"post_mailing_queue_ids":[],"_links":{"self":[{"href":"https:\/\/agora.xtec.cat\/escgaspardeportola\/wp-json\/wp\/v2\/posts\/8549","targetHints":{"allow":["GET"]}}],"collection":[{"href":"https:\/\/agora.xtec.cat\/escgaspardeportola\/wp-json\/wp\/v2\/posts"}],"about":[{"href":"https:\/\/agora.xtec.cat\/escgaspardeportola\/wp-json\/wp\/v2\/types\/post"}],"author":[{"embeddable":true,"href":"https:\/\/agora.xtec.cat\/escgaspardeportola\/wp-json\/wp\/v2\/users\/1"}],"replies":[{"embeddable":true,"href":"https:\/\/agora.xtec.cat\/escgaspardeportola\/wp-json\/wp\/v2\/comments?post=8549"}],"version-history":[{"count":1,"href":"https:\/\/agora.xtec.cat\/escgaspardeportola\/wp-json\/wp\/v2\/posts\/8549\/revisions"}],"predecessor-version":[{"id":8550,"href":"https:\/\/agora.xtec.cat\/escgaspardeportola\/wp-json\/wp\/v2\/posts\/8549\/revisions\/8550"}],"wp:attachment":[{"href":"https:\/\/agora.xtec.cat\/escgaspardeportola\/wp-json\/wp\/v2\/media?parent=8549"}],"wp:term":[{"taxonomy":"category","embeddable":true,"href":"https:\/\/agora.xtec.cat\/escgaspardeportola\/wp-json\/wp\/v2\/categories?post=8549"},{"taxonomy":"post_tag","embeddable":true,"href":"https:\/\/agora.xtec.cat\/escgaspardeportola\/wp-json\/wp\/v2\/tags?post=8549"}],"curies":[{"name":"wp","href":"https:\/\/api.w.org\/{rel}","templated":true}]}}