{"id":8547,"date":"2023-06-26T14:00:35","date_gmt":"2023-06-26T12:00:35","guid":{"rendered":"https:\/\/agora.xtec.cat\/escgaspardeportola\/?p=8547"},"modified":"2023-06-26T14:00:35","modified_gmt":"2023-06-26T12:00:35","slug":"festa-fi-de-curs-2023","status":"publish","type":"post","link":"https:\/\/agora.xtec.cat\/escgaspardeportola\/portada\/festa-fi-de-curs-2023\/","title":{"rendered":"Festa fi de curs 2023"},"content":{"rendered":"<p>Benvolgudes fam\u00edlies,<\/p>\n<p>Us passem les imatges de la festa fi de curs que l&#8217;AFA va organitzar el passat 10 de juny.<\/p>\n<p>Volem agrair a l&#8217;AFA l&#8217;esfor\u00e7 que comporta organitzar una festa d&#8217;aquesta magnitud. Volem fer arribar a totes les fam\u00edlies que el fet d&#8217;estar a la junta de l&#8217;AFA comporta uns certs sacrificis que cal que tota la comunitat educativa en siguem conscients.<\/p>\n<p>\u00c9s una associaci\u00f3 sense \u00e0nim de lucre que agrupa els pares i mares de l&#8217;escola i que de manera volunt\u00e0ria destinen temps i dedicaci\u00f3 a les tasques perqu\u00e8 tot l&#8217;alumnat pugui gaudir de les diverses activitats. L&#8217;escola sense una AFA activa i sense el suport necessari, no pot tirar endavant.<\/p>\n<p>Agra\u00efm a l&#8217;AFA actual que va reprendre l&#8217;associaci\u00f3 despr\u00e9s d&#8217;una pand\u00e8mia i preparar grans celebracions com la del 50\u00e8 aniversari.<\/p>\n<p><a href=\"https:\/\/photos.app.goo.gl\/2hbVgVi7b4w5exSM6\">IMATGES<\/a><\/p>\n<p><a href=\"https:\/\/photos.app.goo.gl\/2hbVgVi7b4w5exSM6\"><img loading=\"lazy\" decoding=\"async\" class=\"alignnone size-large\" src=\"https:\/\/lh3.googleusercontent.com\/pw\/AJFCJaWaPLc8s4qDpBqcUDiS2rJFxs2rY2b9QwcTduPQK0RNpypfHMXpJrKky7e7x198zbQ8on6NAiOVM2EmR_r4iyiDaOR-A1O_vxzy2I2dMz6Pgt4-5wjrfpOop4efEq7i_QZC-E9NlIjCSuWopIlFRJau=w2100-h945-s-no?authuser=2\" width=\"2100\" height=\"945\" \/><\/a><\/p>\n","protected":false},"excerpt":{"rendered":"<p>Benvolgudes fam\u00edlies, Us passem les imatges de la festa fi de curs que l&#8217;AFA va organitzar el passat 10 de juny. Volem agrair a l&#8217;AFA l&#8217;esfor\u00e7 que comporta organitzar una festa d&#8217;aquesta magnitud. Volem fer arribar a totes les fam\u00edlies que el fet d&#8217;estar a la junta de l&#8217;AFA comporta uns certs sacrificis que cal [&hellip;]<\/p>\n","protected":false},"author":1,"featured_media":0,"comment_status":"closed","ping_status":"closed","sticky":false,"template":"","format":"standard","meta":{"_bbp_topic_count":0,"_bbp_reply_count":0,"_bbp_total_topic_count":0,"_bbp_total_reply_count":0,"_bbp_voice_count":0,"_bbp_anonymous_reply_count":0,"_bbp_topic_count_hidden":0,"_bbp_reply_count_hidden":0,"_bbp_forum_subforum_count":0,"site-sidebar-layout":"default","site-content-layout":"","ast-site-content-layout":"","site-content-style":"default","site-sidebar-style":"default","ast-global-header-display":"","ast-banner-title-visibility":"","ast-main-header-display":"","ast-hfb-above-header-display":"","ast-hfb-below-header-display":"","ast-hfb-mobile-header-display":"","site-post-title":"","ast-breadcrumbs-content":"","ast-featured-img":"","footer-sml-layout":"","theme-transparent-header-meta":"","adv-header-id-meta":"","stick-header-meta":"","header-above-stick-meta":"","header-main-stick-meta":"","header-below-stick-meta":"","astra-migrate-meta-layouts":"default","ast-page-background-enabled":"default","ast-page-background-meta":{"desktop":{"background-color":"var(--ast-global-color-4)","background-image":"","background-repeat":"repeat","background-position":"center center","background-size":"auto","background-attachment":"scroll","background-type":"","background-media":"","overlay-type":"","overlay-color":"","overlay-opacity":"","overlay-gradient":""},"tablet":{"background-color":"","background-image":"","background-repeat":"repeat","background-position":"center center","background-size":"auto","background-attachment":"scroll","background-type":"","background-media":"","overlay-type":"","overlay-color":"","overlay-opacity":"","overlay-gradient":""},"mobile":{"background-color":"","background-image":"","background-repeat":"repeat","background-position":"center center","background-size":"auto","background-attachment":"scroll","background-type":"","background-media":"","overlay-type":"","overlay-color":"","overlay-opacity":"","overlay-gradient":""}},"ast-content-background-meta":{"desktop":{"background-color":"var(--ast-global-color-5)","background-image":"","background-repeat":"repeat","background-position":"center center","background-size":"auto","background-attachment":"scroll","background-type":"","background-media":"","overlay-type":"","overlay-color":"","overlay-opacity":"","overlay-gradient":""},"tablet":{"background-color":"var(--ast-global-color-5)","background-image":"","background-repeat":"repeat","background-position":"center center","background-size":"auto","background-attachment":"scroll","background-type":"","background-media":"","overlay-type":"","overlay-color":"","overlay-opacity":"","overlay-gradient":""},"mobile":{"background-color":"var(--ast-global-color-5)","background-image":"","background-repeat":"repeat","background-position":"center center","background-size":"auto","background-attachment":"scroll","background-type":"","background-media":"","overlay-type":"","overlay-color":"","overlay-opacity":"","overlay-gradient":""}},"footnotes":""},"categories":[266,4],"tags":[],"class_list":["post-8547","post","type-post","status-publish","format-standard","hentry","category-afa","category-portada"],"post_mailing_queue_ids":[],"_links":{"self":[{"href":"https:\/\/agora.xtec.cat\/escgaspardeportola\/wp-json\/wp\/v2\/posts\/8547","targetHints":{"allow":["GET"]}}],"collection":[{"href":"https:\/\/agora.xtec.cat\/escgaspardeportola\/wp-json\/wp\/v2\/posts"}],"about":[{"href":"https:\/\/agora.xtec.cat\/escgaspardeportola\/wp-json\/wp\/v2\/types\/post"}],"author":[{"embeddable":true,"href":"https:\/\/agora.xtec.cat\/escgaspardeportola\/wp-json\/wp\/v2\/users\/1"}],"replies":[{"embeddable":true,"href":"https:\/\/agora.xtec.cat\/escgaspardeportola\/wp-json\/wp\/v2\/comments?post=8547"}],"version-history":[{"count":1,"href":"https:\/\/agora.xtec.cat\/escgaspardeportola\/wp-json\/wp\/v2\/posts\/8547\/revisions"}],"predecessor-version":[{"id":8548,"href":"https:\/\/agora.xtec.cat\/escgaspardeportola\/wp-json\/wp\/v2\/posts\/8547\/revisions\/8548"}],"wp:attachment":[{"href":"https:\/\/agora.xtec.cat\/escgaspardeportola\/wp-json\/wp\/v2\/media?parent=8547"}],"wp:term":[{"taxonomy":"category","embeddable":true,"href":"https:\/\/agora.xtec.cat\/escgaspardeportola\/wp-json\/wp\/v2\/categories?post=8547"},{"taxonomy":"post_tag","embeddable":true,"href":"https:\/\/agora.xtec.cat\/escgaspardeportola\/wp-json\/wp\/v2\/tags?post=8547"}],"curies":[{"name":"wp","href":"https:\/\/api.w.org\/{rel}","templated":true}]}}