{"id":8528,"date":"2023-06-12T14:13:34","date_gmt":"2023-06-12T12:13:34","guid":{"rendered":"https:\/\/agora.xtec.cat\/escgaspardeportola\/?p=8528"},"modified":"2023-06-12T14:13:34","modified_gmt":"2023-06-12T12:13:34","slug":"5e-jornades-musicals","status":"publish","type":"post","link":"https:\/\/agora.xtec.cat\/escgaspardeportola\/cicle-superior\/5e-jornades-musicals\/","title":{"rendered":"5\u00e8 JORNADES MUSICALS"},"content":{"rendered":"<p><img loading=\"lazy\" decoding=\"async\" class=\"aligncenter size-large wp-image-8530\" src=\"https:\/\/agora.xtec.cat\/escgaspardeportola\/wp-content\/uploads\/usu555\/2023\/06\/foto-jornades-musicals-1024x414.png\" alt=\"Jornades Musicals 5\u00e8\" width=\"1024\" height=\"414\" srcset=\"https:\/\/agora.xtec.cat\/escgaspardeportola\/wp-content\/uploads\/usu555\/2023\/06\/foto-jornades-musicals-1024x414.png 1024w, https:\/\/agora.xtec.cat\/escgaspardeportola\/wp-content\/uploads\/usu555\/2023\/06\/foto-jornades-musicals-300x121.png 300w, https:\/\/agora.xtec.cat\/escgaspardeportola\/wp-content\/uploads\/usu555\/2023\/06\/foto-jornades-musicals-768x310.png 768w, https:\/\/agora.xtec.cat\/escgaspardeportola\/wp-content\/uploads\/usu555\/2023\/06\/foto-jornades-musicals.png 1450w\" sizes=\"auto, (max-width: 1024px) 100vw, 1024px\" \/><\/p>\n<p><a href=\"https:\/\/photos.app.goo.gl\/povLobxFFtqnM2xx5\">TOTS SOM COLORS<\/a><\/p>\n<p>El dijous els i les alumnes de 5\u00e8 vam gaudir de les Jornades Musicals que hem treballat durant tot el curs, ens hem reunit mensualment amb les delegades musicals de totes les escoles de Balaguer per donar forma a aquest projecte.<\/p>\n<p>Cada escola vam escollir una can\u00e7\u00f3 que hav\u00edem d&#8217;interpretar amb la lletra canviada, aquesta havia d&#8217;estar relacionada amb algun personatge que hagi fet alguna cosa bona per la humanitat. Coordinadament amb l&#8217;\u00e0rea de pl\u00e0stica vam decidir fer l&#8217;Angelica Dass, una artista brasilera que ha fotografiat diferents colors de pell d&#8217;arreu del m\u00f3n.<\/p>\n<p>La can\u00e7\u00f3 escollida va ser Caminem lluny de Doctor Prats amb la versi\u00f3 personalitzada l&#8217;hem titulat: TOTS SOM COLORS. <a href=\"https:\/\/photos.app.goo.gl\/povLobxFFtqnM2xx5\">Feu click en aquest enlla\u00e7 per visualitzar la nostra actuaci\u00f3.<\/a><\/p>\n<p>En acabat, vam cantar la can\u00e7\u00f3 comuna &#8220;TOTS JUNTS MUSIQUEM BALAGUER&#8221; la versi\u00f3 original \u00e9s &#8220;They don&#8217;t care about us&#8221; de Michael Jackson.<\/p>\n","protected":false},"excerpt":{"rendered":"<p>TOTS SOM COLORS El dijous els i les alumnes de 5\u00e8 vam gaudir de les Jornades Musicals que hem treballat durant tot el curs, ens hem reunit mensualment amb les delegades musicals de totes les escoles de Balaguer per donar forma a aquest projecte. Cada escola vam escollir una can\u00e7\u00f3 que hav\u00edem d&#8217;interpretar amb la [&hellip;]<\/p>\n","protected":false},"author":1,"featured_media":8530,"comment_status":"closed","ping_status":"closed","sticky":false,"template":"","format":"standard","meta":{"_bbp_topic_count":0,"_bbp_reply_count":0,"_bbp_total_topic_count":0,"_bbp_total_reply_count":0,"_bbp_voice_count":0,"_bbp_anonymous_reply_count":0,"_bbp_topic_count_hidden":0,"_bbp_reply_count_hidden":0,"_bbp_forum_subforum_count":0,"site-sidebar-layout":"default","site-content-layout":"","ast-site-content-layout":"","site-content-style":"default","site-sidebar-style":"default","ast-global-header-display":"","ast-banner-title-visibility":"","ast-main-header-display":"","ast-hfb-above-header-display":"","ast-hfb-below-header-display":"","ast-hfb-mobile-header-display":"","site-post-title":"","ast-breadcrumbs-content":"","ast-featured-img":"","footer-sml-layout":"","theme-transparent-header-meta":"","adv-header-id-meta":"","stick-header-meta":"","header-above-stick-meta":"","header-main-stick-meta":"","header-below-stick-meta":"","astra-migrate-meta-layouts":"default","ast-page-background-enabled":"default","ast-page-background-meta":{"desktop":{"background-color":"var(--ast-global-color-4)","background-image":"","background-repeat":"repeat","background-position":"center center","background-size":"auto","background-attachment":"scroll","background-type":"","background-media":"","overlay-type":"","overlay-color":"","overlay-opacity":"","overlay-gradient":""},"tablet":{"background-color":"","background-image":"","background-repeat":"repeat","background-position":"center center","background-size":"auto","background-attachment":"scroll","background-type":"","background-media":"","overlay-type":"","overlay-color":"","overlay-opacity":"","overlay-gradient":""},"mobile":{"background-color":"","background-image":"","background-repeat":"repeat","background-position":"center center","background-size":"auto","background-attachment":"scroll","background-type":"","background-media":"","overlay-type":"","overlay-color":"","overlay-opacity":"","overlay-gradient":""}},"ast-content-background-meta":{"desktop":{"background-color":"var(--ast-global-color-5)","background-image":"","background-repeat":"repeat","background-position":"center center","background-size":"auto","background-attachment":"scroll","background-type":"","background-media":"","overlay-type":"","overlay-color":"","overlay-opacity":"","overlay-gradient":""},"tablet":{"background-color":"var(--ast-global-color-5)","background-image":"","background-repeat":"repeat","background-position":"center center","background-size":"auto","background-attachment":"scroll","background-type":"","background-media":"","overlay-type":"","overlay-color":"","overlay-opacity":"","overlay-gradient":""},"mobile":{"background-color":"var(--ast-global-color-5)","background-image":"","background-repeat":"repeat","background-position":"center center","background-size":"auto","background-attachment":"scroll","background-type":"","background-media":"","overlay-type":"","overlay-color":"","overlay-opacity":"","overlay-gradient":""}},"footnotes":""},"categories":[290,357],"tags":[298,105,331],"class_list":["post-8528","post","type-post","status-publish","format-standard","has-post-thumbnail","hentry","category-cicle-superior","category-musica","tag-activitats-i-projectes-escola","tag-cicle-superior","tag-musica"],"post_mailing_queue_ids":[],"_links":{"self":[{"href":"https:\/\/agora.xtec.cat\/escgaspardeportola\/wp-json\/wp\/v2\/posts\/8528","targetHints":{"allow":["GET"]}}],"collection":[{"href":"https:\/\/agora.xtec.cat\/escgaspardeportola\/wp-json\/wp\/v2\/posts"}],"about":[{"href":"https:\/\/agora.xtec.cat\/escgaspardeportola\/wp-json\/wp\/v2\/types\/post"}],"author":[{"embeddable":true,"href":"https:\/\/agora.xtec.cat\/escgaspardeportola\/wp-json\/wp\/v2\/users\/1"}],"replies":[{"embeddable":true,"href":"https:\/\/agora.xtec.cat\/escgaspardeportola\/wp-json\/wp\/v2\/comments?post=8528"}],"version-history":[{"count":1,"href":"https:\/\/agora.xtec.cat\/escgaspardeportola\/wp-json\/wp\/v2\/posts\/8528\/revisions"}],"predecessor-version":[{"id":8531,"href":"https:\/\/agora.xtec.cat\/escgaspardeportola\/wp-json\/wp\/v2\/posts\/8528\/revisions\/8531"}],"wp:featuredmedia":[{"embeddable":true,"href":"https:\/\/agora.xtec.cat\/escgaspardeportola\/wp-json\/wp\/v2\/media\/8530"}],"wp:attachment":[{"href":"https:\/\/agora.xtec.cat\/escgaspardeportola\/wp-json\/wp\/v2\/media?parent=8528"}],"wp:term":[{"taxonomy":"category","embeddable":true,"href":"https:\/\/agora.xtec.cat\/escgaspardeportola\/wp-json\/wp\/v2\/categories?post=8528"},{"taxonomy":"post_tag","embeddable":true,"href":"https:\/\/agora.xtec.cat\/escgaspardeportola\/wp-json\/wp\/v2\/tags?post=8528"}],"curies":[{"name":"wp","href":"https:\/\/api.w.org\/{rel}","templated":true}]}}