{"id":8508,"date":"2023-06-12T10:38:57","date_gmt":"2023-06-12T08:38:57","guid":{"rendered":"https:\/\/agora.xtec.cat\/escgaspardeportola\/?p=8508"},"modified":"2023-06-12T10:38:57","modified_gmt":"2023-06-12T08:38:57","slug":"parc-de-transit-2","status":"publish","type":"post","link":"https:\/\/agora.xtec.cat\/escgaspardeportola\/ciclemitja\/parc-de-transit-2\/","title":{"rendered":"Parc de tr\u00e0nsit"},"content":{"rendered":"<p><a href=\"https:\/\/drive.google.com\/drive\/folders\/10y3lbVf-_6F1GgHw-2yBmEU2KCqr722G?usp=sharing\"><img loading=\"lazy\" decoding=\"async\" class=\"wp-image-8509 alignleft\" src=\"https:\/\/agora.xtec.cat\/escgaspardeportola\/wp-content\/uploads\/usu555\/2023\/06\/IMG-20230607-WA0012.jpg\" alt=\"\" width=\"252\" height=\"189\" srcset=\"https:\/\/agora.xtec.cat\/escgaspardeportola\/wp-content\/uploads\/usu555\/2023\/06\/IMG-20230607-WA0012.jpg 448w, https:\/\/agora.xtec.cat\/escgaspardeportola\/wp-content\/uploads\/usu555\/2023\/06\/IMG-20230607-WA0012-300x225.jpg 300w, https:\/\/agora.xtec.cat\/escgaspardeportola\/wp-content\/uploads\/usu555\/2023\/06\/IMG-20230607-WA0012-200x150.jpg 200w\" sizes=\"auto, (max-width: 252px) 100vw, 252px\" \/><\/a><\/p>\n<p>Durant la primera setmana de juny l&#8217;alumnat de 4t de prim\u00e0ria de l&#8217;escola ha anat al pavell\u00f3 del Mol\u00ed de l&#8217;Esquerr\u00e0 a realitzar exercicis de circulaci\u00f3 en bicicleta.<\/p>\n<p>Cliqueu a la fotografia per veure&#8217;n m\u00e9s<\/p>\n<p>Aqu\u00ed teniu <a href=\"https:\/\/www.balaguer.tv\/el-pavello-moli-de-lesquerra-es-converteix-en-un-parc-de-seguretat-viaria\/\">l&#8217;enlla\u00e7<\/a> a TV Balaguer que va venir a fer un reportatge mentre est\u00e0vem realitzant l&#8217;activitat<\/p>\n","protected":false},"excerpt":{"rendered":"<p>Durant la primera setmana de juny l&#8217;alumnat de 4t de prim\u00e0ria de l&#8217;escola ha anat al pavell\u00f3 del Mol\u00ed de l&#8217;Esquerr\u00e0 a realitzar exercicis de circulaci\u00f3 en bicicleta. Cliqueu a la fotografia per veure&#8217;n m\u00e9s Aqu\u00ed teniu l&#8217;enlla\u00e7 a TV Balaguer que va venir a fer un reportatge mentre est\u00e0vem realitzant l&#8217;activitat<\/p>\n","protected":false},"author":12,"featured_media":0,"comment_status":"open","ping_status":"closed","sticky":false,"template":"","format":"standard","meta":{"_bbp_topic_count":0,"_bbp_reply_count":0,"_bbp_total_topic_count":0,"_bbp_total_reply_count":0,"_bbp_voice_count":0,"_bbp_anonymous_reply_count":0,"_bbp_topic_count_hidden":0,"_bbp_reply_count_hidden":0,"_bbp_forum_subforum_count":0,"site-sidebar-layout":"default","site-content-layout":"","ast-site-content-layout":"","site-content-style":"default","site-sidebar-style":"default","ast-global-header-display":"","ast-banner-title-visibility":"","ast-main-header-display":"","ast-hfb-above-header-display":"","ast-hfb-below-header-display":"","ast-hfb-mobile-header-display":"","site-post-title":"","ast-breadcrumbs-content":"","ast-featured-img":"","footer-sml-layout":"","theme-transparent-header-meta":"","adv-header-id-meta":"","stick-header-meta":"","header-above-stick-meta":"","header-main-stick-meta":"","header-below-stick-meta":"","astra-migrate-meta-layouts":"default","ast-page-background-enabled":"default","ast-page-background-meta":{"desktop":{"background-color":"var(--ast-global-color-4)","background-image":"","background-repeat":"repeat","background-position":"center center","background-size":"auto","background-attachment":"scroll","background-type":"","background-media":"","overlay-type":"","overlay-color":"","overlay-opacity":"","overlay-gradient":""},"tablet":{"background-color":"","background-image":"","background-repeat":"repeat","background-position":"center center","background-size":"auto","background-attachment":"scroll","background-type":"","background-media":"","overlay-type":"","overlay-color":"","overlay-opacity":"","overlay-gradient":""},"mobile":{"background-color":"","background-image":"","background-repeat":"repeat","background-position":"center center","background-size":"auto","background-attachment":"scroll","background-type":"","background-media":"","overlay-type":"","overlay-color":"","overlay-opacity":"","overlay-gradient":""}},"ast-content-background-meta":{"desktop":{"background-color":"var(--ast-global-color-5)","background-image":"","background-repeat":"repeat","background-position":"center center","background-size":"auto","background-attachment":"scroll","background-type":"","background-media":"","overlay-type":"","overlay-color":"","overlay-opacity":"","overlay-gradient":""},"tablet":{"background-color":"var(--ast-global-color-5)","background-image":"","background-repeat":"repeat","background-position":"center center","background-size":"auto","background-attachment":"scroll","background-type":"","background-media":"","overlay-type":"","overlay-color":"","overlay-opacity":"","overlay-gradient":""},"mobile":{"background-color":"var(--ast-global-color-5)","background-image":"","background-repeat":"repeat","background-position":"center center","background-size":"auto","background-attachment":"scroll","background-type":"","background-media":"","overlay-type":"","overlay-color":"","overlay-opacity":"","overlay-gradient":""}},"footnotes":""},"categories":[60],"tags":[118,61,410],"class_list":["post-8508","post","type-post","status-publish","format-standard","hentry","category-ciclemitja","tag-4t","tag-cicle-mitja","tag-parc-de-transit"],"post_mailing_queue_ids":[],"_links":{"self":[{"href":"https:\/\/agora.xtec.cat\/escgaspardeportola\/wp-json\/wp\/v2\/posts\/8508","targetHints":{"allow":["GET"]}}],"collection":[{"href":"https:\/\/agora.xtec.cat\/escgaspardeportola\/wp-json\/wp\/v2\/posts"}],"about":[{"href":"https:\/\/agora.xtec.cat\/escgaspardeportola\/wp-json\/wp\/v2\/types\/post"}],"author":[{"embeddable":true,"href":"https:\/\/agora.xtec.cat\/escgaspardeportola\/wp-json\/wp\/v2\/users\/12"}],"replies":[{"embeddable":true,"href":"https:\/\/agora.xtec.cat\/escgaspardeportola\/wp-json\/wp\/v2\/comments?post=8508"}],"version-history":[{"count":2,"href":"https:\/\/agora.xtec.cat\/escgaspardeportola\/wp-json\/wp\/v2\/posts\/8508\/revisions"}],"predecessor-version":[{"id":8511,"href":"https:\/\/agora.xtec.cat\/escgaspardeportola\/wp-json\/wp\/v2\/posts\/8508\/revisions\/8511"}],"wp:attachment":[{"href":"https:\/\/agora.xtec.cat\/escgaspardeportola\/wp-json\/wp\/v2\/media?parent=8508"}],"wp:term":[{"taxonomy":"category","embeddable":true,"href":"https:\/\/agora.xtec.cat\/escgaspardeportola\/wp-json\/wp\/v2\/categories?post=8508"},{"taxonomy":"post_tag","embeddable":true,"href":"https:\/\/agora.xtec.cat\/escgaspardeportola\/wp-json\/wp\/v2\/tags?post=8508"}],"curies":[{"name":"wp","href":"https:\/\/api.w.org\/{rel}","templated":true}]}}