{"id":8502,"date":"2023-06-09T17:50:20","date_gmt":"2023-06-09T15:50:20","guid":{"rendered":"https:\/\/agora.xtec.cat\/escgaspardeportola\/?p=8502"},"modified":"2023-06-10T10:27:25","modified_gmt":"2023-06-10T08:27:25","slug":"i5-al-dia-mundial-del-medi-ambient","status":"publish","type":"post","link":"https:\/\/agora.xtec.cat\/escgaspardeportola\/educacioinfantil\/i5-al-dia-mundial-del-medi-ambient\/","title":{"rendered":"I5 AL DIA MUNDIAL DEL MEDI AMBIENT"},"content":{"rendered":"<p>El passat dia 5 de juny, els nens i nenes d&#8217;i5 vam participar en la celebraci\u00f3 del DIA MUNDIAL DEL MEDI AMBIENT. L&#8217;activitat est\u00e0 emmarcada dins el Pla de Din\u00e0mica Educativa i vam participar les diferents escoles de Balaguer i comarca. Els infants van participar de les activitats dinamitzades per l&#8217;alumnat dels Instituts del municipi, l&#8217;objectiu de les quals era conscienciar de la import\u00e0ncia de la cura del nostre planeta.<\/p>\n<p>Les activitats van ser molt diverses i participatives: observar cucs compostadors encarregats d&#8217;eliminar els residus pl\u00e0stics, memori dels ODS, cursa de reciclatge, el teixit de l&#8217;ecosistema i cercar dins el compost el diferent h\u00e0bitat de petits animals.<\/p>\n<p>Com a cloenda d&#8217;aquesta celebraci\u00f3, els Agents Forestals van alliberar dos Xoriguers recuperats al Centre de Vallcalent.<\/p>\n<p>Va ser un mat\u00ed pedag\u00f2gic i divertit.<\/p>\n<p><a href=\"https:\/\/photos.app.goo.gl\/3h5oChgvB5naGDQ28\">Aqu\u00ed us deixem un recull d&#8217;imatges.<\/a><\/p>\n<p>&nbsp;<\/p>\n","protected":false},"excerpt":{"rendered":"<p>El passat dia 5 de juny, els nens i nenes d&#8217;i5 vam participar en la celebraci\u00f3 del DIA MUNDIAL DEL MEDI AMBIENT. L&#8217;activitat est\u00e0 emmarcada dins el Pla de Din\u00e0mica Educativa i vam participar les diferents escoles de Balaguer i comarca. Els infants van participar de les activitats dinamitzades per l&#8217;alumnat dels Instituts del municipi, [&hellip;]<\/p>\n","protected":false},"author":33,"featured_media":0,"comment_status":"closed","ping_status":"closed","sticky":false,"template":"","format":"standard","meta":{"_bbp_topic_count":0,"_bbp_reply_count":0,"_bbp_total_topic_count":0,"_bbp_total_reply_count":0,"_bbp_voice_count":0,"_bbp_anonymous_reply_count":0,"_bbp_topic_count_hidden":0,"_bbp_reply_count_hidden":0,"_bbp_forum_subforum_count":0,"site-sidebar-layout":"default","site-content-layout":"","ast-site-content-layout":"","site-content-style":"default","site-sidebar-style":"default","ast-global-header-display":"","ast-banner-title-visibility":"","ast-main-header-display":"","ast-hfb-above-header-display":"","ast-hfb-below-header-display":"","ast-hfb-mobile-header-display":"","site-post-title":"","ast-breadcrumbs-content":"","ast-featured-img":"","footer-sml-layout":"","theme-transparent-header-meta":"","adv-header-id-meta":"","stick-header-meta":"","header-above-stick-meta":"","header-main-stick-meta":"","header-below-stick-meta":"","astra-migrate-meta-layouts":"default","ast-page-background-enabled":"default","ast-page-background-meta":{"desktop":{"background-color":"var(--ast-global-color-4)","background-image":"","background-repeat":"repeat","background-position":"center center","background-size":"auto","background-attachment":"scroll","background-type":"","background-media":"","overlay-type":"","overlay-color":"","overlay-opacity":"","overlay-gradient":""},"tablet":{"background-color":"","background-image":"","background-repeat":"repeat","background-position":"center center","background-size":"auto","background-attachment":"scroll","background-type":"","background-media":"","overlay-type":"","overlay-color":"","overlay-opacity":"","overlay-gradient":""},"mobile":{"background-color":"","background-image":"","background-repeat":"repeat","background-position":"center center","background-size":"auto","background-attachment":"scroll","background-type":"","background-media":"","overlay-type":"","overlay-color":"","overlay-opacity":"","overlay-gradient":""}},"ast-content-background-meta":{"desktop":{"background-color":"var(--ast-global-color-5)","background-image":"","background-repeat":"repeat","background-position":"center center","background-size":"auto","background-attachment":"scroll","background-type":"","background-media":"","overlay-type":"","overlay-color":"","overlay-opacity":"","overlay-gradient":""},"tablet":{"background-color":"var(--ast-global-color-5)","background-image":"","background-repeat":"repeat","background-position":"center center","background-size":"auto","background-attachment":"scroll","background-type":"","background-media":"","overlay-type":"","overlay-color":"","overlay-opacity":"","overlay-gradient":""},"mobile":{"background-color":"var(--ast-global-color-5)","background-image":"","background-repeat":"repeat","background-position":"center center","background-size":"auto","background-attachment":"scroll","background-type":"","background-media":"","overlay-type":"","overlay-color":"","overlay-opacity":"","overlay-gradient":""}},"footnotes":""},"categories":[64,110],"tags":[112],"class_list":["post-8502","post","type-post","status-publish","format-standard","hentry","category-educacioinfantil","category-escola-verda","tag-escola-verda"],"post_mailing_queue_ids":[],"_links":{"self":[{"href":"https:\/\/agora.xtec.cat\/escgaspardeportola\/wp-json\/wp\/v2\/posts\/8502","targetHints":{"allow":["GET"]}}],"collection":[{"href":"https:\/\/agora.xtec.cat\/escgaspardeportola\/wp-json\/wp\/v2\/posts"}],"about":[{"href":"https:\/\/agora.xtec.cat\/escgaspardeportola\/wp-json\/wp\/v2\/types\/post"}],"author":[{"embeddable":true,"href":"https:\/\/agora.xtec.cat\/escgaspardeportola\/wp-json\/wp\/v2\/users\/33"}],"replies":[{"embeddable":true,"href":"https:\/\/agora.xtec.cat\/escgaspardeportola\/wp-json\/wp\/v2\/comments?post=8502"}],"version-history":[{"count":3,"href":"https:\/\/agora.xtec.cat\/escgaspardeportola\/wp-json\/wp\/v2\/posts\/8502\/revisions"}],"predecessor-version":[{"id":8506,"href":"https:\/\/agora.xtec.cat\/escgaspardeportola\/wp-json\/wp\/v2\/posts\/8502\/revisions\/8506"}],"wp:attachment":[{"href":"https:\/\/agora.xtec.cat\/escgaspardeportola\/wp-json\/wp\/v2\/media?parent=8502"}],"wp:term":[{"taxonomy":"category","embeddable":true,"href":"https:\/\/agora.xtec.cat\/escgaspardeportola\/wp-json\/wp\/v2\/categories?post=8502"},{"taxonomy":"post_tag","embeddable":true,"href":"https:\/\/agora.xtec.cat\/escgaspardeportola\/wp-json\/wp\/v2\/tags?post=8502"}],"curies":[{"name":"wp","href":"https:\/\/api.w.org\/{rel}","templated":true}]}}