{"id":8497,"date":"2023-06-09T14:05:08","date_gmt":"2023-06-09T12:05:08","guid":{"rendered":"https:\/\/agora.xtec.cat\/escgaspardeportola\/?p=8497"},"modified":"2023-07-03T10:19:46","modified_gmt":"2023-07-03T08:19:46","slug":"lescola-gaspar-de-portola-celebra-un-english-day-exitos","status":"publish","type":"post","link":"https:\/\/agora.xtec.cat\/escgaspardeportola\/general\/lescola-gaspar-de-portola-celebra-un-english-day-exitos\/","title":{"rendered":"L&#8217;Escola Gaspar de Portol\u00e0 celebra un English Day exit\u00f3s!"},"content":{"rendered":"<p><span style=\"font-weight: 400;\">El passat 6 de juny a l\u2019Escola Gaspar de Portol\u00e0 es va celebrar la segona edici\u00f3 de l\u2019English Day. L\u2019objectiu de la celebraci\u00f3 d\u2019aquesta jornada \u00e9s que l\u2019alumnat es familiaritzi amb la llengua i perdre la vergonya utilitzant-la davant dels companys i companyes, fent jocs, can\u00e7ons, balls i altres din\u00e0miques en angl\u00e8s. El projecte transversal de l&#8217;escola, l&#8217;espai, va servir com a fil conductor per aprofundir en el tema en tots els nivells educatius.<\/span><\/p>\n<p><span style=\"font-weight: 400;\">Els i les alumnes de 6\u00e8 es van encarregar d&#8217;organitzar i dur a terme les diferents propostes, explicant-les en angl\u00e8s i ajudant als infants m\u00e9s petits a participar i gaudir d\u2019aquesta diada.<\/span><\/p>\n<p><span style=\"font-weight: 400;\">Es van crear 28 tallers: 14 encarats als i les alumnes m\u00e9s grans (de segon curs a cinqu\u00e8) i 14 m\u00e9s per als m\u00e9s petits (Educaci\u00f3 i primer).<\/span><\/p>\n<p><span style=\"font-weight: 400;\">Com a activitat de cloenda, tot l\u2019alumnat de l\u2019escola es va reunir al pati per ballar la coreografia treballada en un dels tallers, amb la can\u00e7\u00f3 \u201cSky full of stars\u201d de Coldplay.<\/span><\/p>\n<p><span style=\"font-weight: 400;\">Aix\u00ed doncs, va ser una jornada molt divertida tant per als infants m\u00e9s petits com per als m\u00e9s grans. Els somriures i les rialles van omplir l&#8217;ambient durant tot el dia, mentre tothom participava activament en la immersi\u00f3 de la llengua anglesa.<\/span><\/p>\n<p><span style=\"font-weight: 400;\">A continuaci\u00f3 podeu visualitzar les <a href=\"https:\/\/photos.app.goo.gl\/VyVLGQAM746rS1566\">fotografies<\/a> d\u2019aquest dia.<\/span><\/p>\n<p>&nbsp;<\/p>\n<p><img loading=\"lazy\" decoding=\"async\" class=\"size-full wp-image-8498 aligncenter\" src=\"https:\/\/agora.xtec.cat\/escgaspardeportola\/wp-content\/uploads\/usu555\/2023\/06\/foto-portada-web.jpg\" alt=\"\" width=\"448\" height=\"336\" srcset=\"https:\/\/agora.xtec.cat\/escgaspardeportola\/wp-content\/uploads\/usu555\/2023\/06\/foto-portada-web.jpg 448w, https:\/\/agora.xtec.cat\/escgaspardeportola\/wp-content\/uploads\/usu555\/2023\/06\/foto-portada-web-300x225.jpg 300w, https:\/\/agora.xtec.cat\/escgaspardeportola\/wp-content\/uploads\/usu555\/2023\/06\/foto-portada-web-200x150.jpg 200w\" sizes=\"auto, (max-width: 448px) 100vw, 448px\" \/><\/p>\n","protected":false},"excerpt":{"rendered":"<p>El passat 6 de juny a l\u2019Escola Gaspar de Portol\u00e0 es va celebrar la segona edici\u00f3 de l\u2019English Day. L\u2019objectiu de la celebraci\u00f3 d\u2019aquesta jornada \u00e9s que l\u2019alumnat es familiaritzi amb la llengua i perdre la vergonya utilitzant-la davant dels companys i companyes, fent jocs, can\u00e7ons, balls i altres din\u00e0miques en angl\u00e8s. El projecte transversal [&hellip;]<\/p>\n","protected":false},"author":1,"featured_media":0,"comment_status":"open","ping_status":"closed","sticky":false,"template":"","format":"standard","meta":{"_bbp_topic_count":0,"_bbp_reply_count":0,"_bbp_total_topic_count":0,"_bbp_total_reply_count":0,"_bbp_voice_count":0,"_bbp_anonymous_reply_count":0,"_bbp_topic_count_hidden":0,"_bbp_reply_count_hidden":0,"_bbp_forum_subforum_count":0,"site-sidebar-layout":"default","site-content-layout":"","ast-site-content-layout":"","site-content-style":"default","site-sidebar-style":"default","ast-global-header-display":"","ast-banner-title-visibility":"","ast-main-header-display":"","ast-hfb-above-header-display":"","ast-hfb-below-header-display":"","ast-hfb-mobile-header-display":"","site-post-title":"","ast-breadcrumbs-content":"","ast-featured-img":"","footer-sml-layout":"","theme-transparent-header-meta":"","adv-header-id-meta":"","stick-header-meta":"","header-above-stick-meta":"","header-main-stick-meta":"","header-below-stick-meta":"","astra-migrate-meta-layouts":"default","ast-page-background-enabled":"default","ast-page-background-meta":{"desktop":{"background-color":"var(--ast-global-color-4)","background-image":"","background-repeat":"repeat","background-position":"center center","background-size":"auto","background-attachment":"scroll","background-type":"","background-media":"","overlay-type":"","overlay-color":"","overlay-opacity":"","overlay-gradient":""},"tablet":{"background-color":"","background-image":"","background-repeat":"repeat","background-position":"center center","background-size":"auto","background-attachment":"scroll","background-type":"","background-media":"","overlay-type":"","overlay-color":"","overlay-opacity":"","overlay-gradient":""},"mobile":{"background-color":"","background-image":"","background-repeat":"repeat","background-position":"center center","background-size":"auto","background-attachment":"scroll","background-type":"","background-media":"","overlay-type":"","overlay-color":"","overlay-opacity":"","overlay-gradient":""}},"ast-content-background-meta":{"desktop":{"background-color":"var(--ast-global-color-5)","background-image":"","background-repeat":"repeat","background-position":"center center","background-size":"auto","background-attachment":"scroll","background-type":"","background-media":"","overlay-type":"","overlay-color":"","overlay-opacity":"","overlay-gradient":""},"tablet":{"background-color":"var(--ast-global-color-5)","background-image":"","background-repeat":"repeat","background-position":"center center","background-size":"auto","background-attachment":"scroll","background-type":"","background-media":"","overlay-type":"","overlay-color":"","overlay-opacity":"","overlay-gradient":""},"mobile":{"background-color":"var(--ast-global-color-5)","background-image":"","background-repeat":"repeat","background-position":"center center","background-size":"auto","background-attachment":"scroll","background-type":"","background-media":"","overlay-type":"","overlay-color":"","overlay-opacity":"","overlay-gradient":""}},"footnotes":""},"categories":[63,60,290,64,1,132,4],"tags":[192,407,30,408,300,409],"class_list":["post-8497","post","type-post","status-publish","format-standard","hentry","category-cicleinicial","category-ciclemitja","category-cicle-superior","category-educacioinfantil","category-general","category-gep","category-portada","tag-angles","tag-english-day","tag-escola","tag-idioma","tag-projectes-escola","tag-space"],"post_mailing_queue_ids":[],"_links":{"self":[{"href":"https:\/\/agora.xtec.cat\/escgaspardeportola\/wp-json\/wp\/v2\/posts\/8497","targetHints":{"allow":["GET"]}}],"collection":[{"href":"https:\/\/agora.xtec.cat\/escgaspardeportola\/wp-json\/wp\/v2\/posts"}],"about":[{"href":"https:\/\/agora.xtec.cat\/escgaspardeportola\/wp-json\/wp\/v2\/types\/post"}],"author":[{"embeddable":true,"href":"https:\/\/agora.xtec.cat\/escgaspardeportola\/wp-json\/wp\/v2\/users\/1"}],"replies":[{"embeddable":true,"href":"https:\/\/agora.xtec.cat\/escgaspardeportola\/wp-json\/wp\/v2\/comments?post=8497"}],"version-history":[{"count":3,"href":"https:\/\/agora.xtec.cat\/escgaspardeportola\/wp-json\/wp\/v2\/posts\/8497\/revisions"}],"predecessor-version":[{"id":8501,"href":"https:\/\/agora.xtec.cat\/escgaspardeportola\/wp-json\/wp\/v2\/posts\/8497\/revisions\/8501"}],"wp:attachment":[{"href":"https:\/\/agora.xtec.cat\/escgaspardeportola\/wp-json\/wp\/v2\/media?parent=8497"}],"wp:term":[{"taxonomy":"category","embeddable":true,"href":"https:\/\/agora.xtec.cat\/escgaspardeportola\/wp-json\/wp\/v2\/categories?post=8497"},{"taxonomy":"post_tag","embeddable":true,"href":"https:\/\/agora.xtec.cat\/escgaspardeportola\/wp-json\/wp\/v2\/tags?post=8497"}],"curies":[{"name":"wp","href":"https:\/\/api.w.org\/{rel}","templated":true}]}}