{"id":8485,"date":"2023-06-02T19:09:46","date_gmt":"2023-06-02T17:09:46","guid":{"rendered":"https:\/\/agora.xtec.cat\/escgaspardeportola\/?p=8485"},"modified":"2023-06-02T19:10:56","modified_gmt":"2023-06-02T17:10:56","slug":"celebrem-el-dia-internacional-de-la-bicicleta","status":"publish","type":"post","link":"https:\/\/agora.xtec.cat\/escgaspardeportola\/escola-verda\/celebrem-el-dia-internacional-de-la-bicicleta\/","title":{"rendered":"CELEBREM EL DIA INTERNACIONAL DE LA BICICLETA."},"content":{"rendered":"<p>&nbsp;<\/p>\n<p><img loading=\"lazy\" decoding=\"async\" class=\"alignnone size-thumbnail wp-image-8487\" src=\"https:\/\/agora.xtec.cat\/escgaspardeportola\/wp-content\/uploads\/usu555\/2023\/06\/20230602_1331230-300x233.jpg\" alt=\"\" width=\"300\" height=\"233\" srcset=\"https:\/\/agora.xtec.cat\/escgaspardeportola\/wp-content\/uploads\/usu555\/2023\/06\/20230602_1331230-300x233.jpg 300w, https:\/\/agora.xtec.cat\/escgaspardeportola\/wp-content\/uploads\/usu555\/2023\/06\/20230602_1331230-1024x797.jpg 1024w, https:\/\/agora.xtec.cat\/escgaspardeportola\/wp-content\/uploads\/usu555\/2023\/06\/20230602_1331230-768x597.jpg 768w, https:\/\/agora.xtec.cat\/escgaspardeportola\/wp-content\/uploads\/usu555\/2023\/06\/20230602_1331230-1536x1195.jpg 1536w, https:\/\/agora.xtec.cat\/escgaspardeportola\/wp-content\/uploads\/usu555\/2023\/06\/20230602_1331230-2048x1593.jpg 2048w\" sizes=\"auto, (max-width: 300px) 100vw, 300px\" \/><\/p>\n<p>Avui, divendres 2 de juny de 2023, els alumnes de cicle superior de l&#8217;Escola Gaspar de Portol\u00e0, hem fet una excursi\u00f3 per commemorar el dia internacional de la bicicleta que se celebrar\u00e0 el proper 3 de juny.<\/p>\n<p>Despr\u00e9s d&#8217;una formaci\u00f3 pr\u00e8via i taller impartit pel CRP de La Noguera sobre la reparaci\u00f3 i mec\u00e0nica de la bicicleta, podem atrevir-nos a dir que est\u00e0vem preparats i preparades per fer una excursi\u00f3 al Monestir de Santa Maria de les Franqueses. Tanmateix, pels qui no han volgut escollir pedalar, l&#8217;han pogut fer a peu.<\/p>\n<p>A les 9 del mat\u00ed, puntuals, hem comen\u00e7at la nostra ruta despr\u00e9s de concentrar-nos pr\u00e8viament al monument del Morter.<\/p>\n<p>Els que hi hem anat en bicicleta, hem arribat gaireb\u00e9 al terme de Men\u00e0rguens on hem pogut aturar-nos a reposar i agafar forces tot esmorzant. Poc despr\u00e9s, ens hem dirigit cap al Monestir de Les Franqueses per retrobar-nos amb els companys i companyes caminadors. Hem tingut una estona de joc lliure i despr\u00e9s de dinar hem empr\u00e8s el viatge de tornada.<\/p>\n<p>Ens en ha passat de tot: caigudes, cops, frenades, trompades, remullades&#8230; per\u00f2 sempre amb un somriure i ganes de passar-ho b\u00e9. Ha estat un dia per fer pinya, per fer grup, per compartir amb els companys i companyes una estona de lleure i esport. El temps ens ha respectat i hem pogut gaudir al m\u00e0xim de tot i de tothom. Un dia que de ben segur repetirem!!<\/p>\n<p>Us en deixem algunes<a href=\"https:\/\/photos.app.goo.gl\/xdxm5o5Je1UjZUS1A\"> imatges i algun v\u00eddeo<\/a><\/p>\n<p>&nbsp;<\/p>\n","protected":false},"excerpt":{"rendered":"<p>&nbsp; Avui, divendres 2 de juny de 2023, els alumnes de cicle superior de l&#8217;Escola Gaspar de Portol\u00e0, hem fet una excursi\u00f3 per commemorar el dia internacional de la bicicleta que se celebrar\u00e0 el proper 3 de juny. Despr\u00e9s d&#8217;una formaci\u00f3 pr\u00e8via i taller impartit pel CRP de La Noguera sobre la reparaci\u00f3 i mec\u00e0nica [&hellip;]<\/p>\n","protected":false},"author":24,"featured_media":0,"comment_status":"closed","ping_status":"closed","sticky":false,"template":"","format":"standard","meta":{"_bbp_topic_count":0,"_bbp_reply_count":0,"_bbp_total_topic_count":0,"_bbp_total_reply_count":0,"_bbp_voice_count":0,"_bbp_anonymous_reply_count":0,"_bbp_topic_count_hidden":0,"_bbp_reply_count_hidden":0,"_bbp_forum_subforum_count":0,"site-sidebar-layout":"default","site-content-layout":"","ast-site-content-layout":"","site-content-style":"default","site-sidebar-style":"default","ast-global-header-display":"","ast-banner-title-visibility":"","ast-main-header-display":"","ast-hfb-above-header-display":"","ast-hfb-below-header-display":"","ast-hfb-mobile-header-display":"","site-post-title":"","ast-breadcrumbs-content":"","ast-featured-img":"","footer-sml-layout":"","theme-transparent-header-meta":"","adv-header-id-meta":"","stick-header-meta":"","header-above-stick-meta":"","header-main-stick-meta":"","header-below-stick-meta":"","astra-migrate-meta-layouts":"default","ast-page-background-enabled":"default","ast-page-background-meta":{"desktop":{"background-color":"var(--ast-global-color-4)","background-image":"","background-repeat":"repeat","background-position":"center center","background-size":"auto","background-attachment":"scroll","background-type":"","background-media":"","overlay-type":"","overlay-color":"","overlay-opacity":"","overlay-gradient":""},"tablet":{"background-color":"","background-image":"","background-repeat":"repeat","background-position":"center center","background-size":"auto","background-attachment":"scroll","background-type":"","background-media":"","overlay-type":"","overlay-color":"","overlay-opacity":"","overlay-gradient":""},"mobile":{"background-color":"","background-image":"","background-repeat":"repeat","background-position":"center center","background-size":"auto","background-attachment":"scroll","background-type":"","background-media":"","overlay-type":"","overlay-color":"","overlay-opacity":"","overlay-gradient":""}},"ast-content-background-meta":{"desktop":{"background-color":"var(--ast-global-color-5)","background-image":"","background-repeat":"repeat","background-position":"center center","background-size":"auto","background-attachment":"scroll","background-type":"","background-media":"","overlay-type":"","overlay-color":"","overlay-opacity":"","overlay-gradient":""},"tablet":{"background-color":"var(--ast-global-color-5)","background-image":"","background-repeat":"repeat","background-position":"center center","background-size":"auto","background-attachment":"scroll","background-type":"","background-media":"","overlay-type":"","overlay-color":"","overlay-opacity":"","overlay-gradient":""},"mobile":{"background-color":"var(--ast-global-color-5)","background-image":"","background-repeat":"repeat","background-position":"center center","background-size":"auto","background-attachment":"scroll","background-type":"","background-media":"","overlay-type":"","overlay-color":"","overlay-opacity":"","overlay-gradient":""}},"footnotes":""},"categories":[290,110],"tags":[],"class_list":["post-8485","post","type-post","status-publish","format-standard","hentry","category-cicle-superior","category-escola-verda"],"post_mailing_queue_ids":[],"_links":{"self":[{"href":"https:\/\/agora.xtec.cat\/escgaspardeportola\/wp-json\/wp\/v2\/posts\/8485","targetHints":{"allow":["GET"]}}],"collection":[{"href":"https:\/\/agora.xtec.cat\/escgaspardeportola\/wp-json\/wp\/v2\/posts"}],"about":[{"href":"https:\/\/agora.xtec.cat\/escgaspardeportola\/wp-json\/wp\/v2\/types\/post"}],"author":[{"embeddable":true,"href":"https:\/\/agora.xtec.cat\/escgaspardeportola\/wp-json\/wp\/v2\/users\/24"}],"replies":[{"embeddable":true,"href":"https:\/\/agora.xtec.cat\/escgaspardeportola\/wp-json\/wp\/v2\/comments?post=8485"}],"version-history":[{"count":3,"href":"https:\/\/agora.xtec.cat\/escgaspardeportola\/wp-json\/wp\/v2\/posts\/8485\/revisions"}],"predecessor-version":[{"id":8489,"href":"https:\/\/agora.xtec.cat\/escgaspardeportola\/wp-json\/wp\/v2\/posts\/8485\/revisions\/8489"}],"wp:attachment":[{"href":"https:\/\/agora.xtec.cat\/escgaspardeportola\/wp-json\/wp\/v2\/media?parent=8485"}],"wp:term":[{"taxonomy":"category","embeddable":true,"href":"https:\/\/agora.xtec.cat\/escgaspardeportola\/wp-json\/wp\/v2\/categories?post=8485"},{"taxonomy":"post_tag","embeddable":true,"href":"https:\/\/agora.xtec.cat\/escgaspardeportola\/wp-json\/wp\/v2\/tags?post=8485"}],"curies":[{"name":"wp","href":"https:\/\/api.w.org\/{rel}","templated":true}]}}