{"id":8302,"date":"2023-05-12T08:56:56","date_gmt":"2023-05-12T06:56:56","guid":{"rendered":"https:\/\/agora.xtec.cat\/escgaspardeportola\/?p=8302"},"modified":"2023-05-12T08:56:56","modified_gmt":"2023-05-12T06:56:56","slug":"sortida-al-parc-de-les-olors-de-linyola-3er","status":"publish","type":"post","link":"https:\/\/agora.xtec.cat\/escgaspardeportola\/ciclemitja\/sortida-al-parc-de-les-olors-de-linyola-3er\/","title":{"rendered":"SORTIDA AL PARC DE LES OLORS DE LINYOLA &#8211; 3ER"},"content":{"rendered":"<p><img loading=\"lazy\" decoding=\"async\" class=\"size-full wp-image-8332 aligncenter\" src=\"https:\/\/agora.xtec.cat\/escgaspardeportola\/wp-content\/uploads\/usu555\/2023\/04\/IMG_4281.jpg\" alt=\"\" width=\"448\" height=\"336\" srcset=\"https:\/\/agora.xtec.cat\/escgaspardeportola\/wp-content\/uploads\/usu555\/2023\/04\/IMG_4281.jpg 448w, https:\/\/agora.xtec.cat\/escgaspardeportola\/wp-content\/uploads\/usu555\/2023\/04\/IMG_4281-300x225.jpg 300w, https:\/\/agora.xtec.cat\/escgaspardeportola\/wp-content\/uploads\/usu555\/2023\/04\/IMG_4281-200x150.jpg 200w\" sizes=\"auto, (max-width: 448px) 100vw, 448px\" \/><\/p>\n<p style=\"text-align: justify;\">Ahir, els nens i nenes de tercer van anar d\u2019excursi\u00f3 al parc de les olors de Linyola i a l\u2019estany d\u2019Ivars i Vila-Sana. Aquesta sortida ha estat el punt de partida del darrer projecte del curs sobre les plantes.<\/p>\n<p style=\"text-align: justify;\">Nom\u00e9s arribar al parc, l&#8217;alumnat va poder tocar, olorar i fins i tot provar diferents tipus de plantes; algunes d&#8217;elles eren bones, d&#8217;altres&#8230;picaven! Despr\u00e9s, durant el mat\u00ed, es van realitzar quatre tallers diferents: en el primer, es van fabricar petits saquets d\u2019olor amb esp\u00edgol, mariallu\u00efsa i roman\u00ed que es van poder endur a casa; seguidament, es van confeccionar unes bombes de camamilla per sembrar. El tercer taller va consistir en realitzar el cam\u00ed dels sentits, un circuit d\u2019obstacles per desenvolupar la psicomotricitat i el treball en equip. Per acabar, i com a cloenda, van poder refrescar-se amb una beguda que ens van fer molt amablement els monitors en un taller de cuina.<\/p>\n<p style=\"text-align: justify;\">Un cop finalitzats els quatre tallers, vam posar rumb cap a l\u2019estany d\u2019Ivars i Vila-Sana, on vam dinar i jugar i posteriorment gaudir de la flora i la fauna que hi ha en aquest paratge tant fascinant i proper a casa nostra fent una petita passejada.<\/p>\n<p style=\"text-align: justify;\">Podeu veure tot un recull d\u2019imatges <a href=\"https:\/\/drive.google.com\/drive\/folders\/17rxOc1k4shLatd9TJ6ltPN0M7JvJLpt3?usp=sharing\">aqu\u00ed.<\/a><\/p>\n","protected":false},"excerpt":{"rendered":"<p>Ahir, els nens i nenes de tercer van anar d\u2019excursi\u00f3 al parc de les olors de Linyola i a l\u2019estany d\u2019Ivars i Vila-Sana. Aquesta sortida ha estat el punt de partida del darrer projecte del curs sobre les plantes. Nom\u00e9s arribar al parc, l&#8217;alumnat va poder tocar, olorar i fins i tot provar diferents tipus [&hellip;]<\/p>\n","protected":false},"author":49,"featured_media":0,"comment_status":"open","ping_status":"closed","sticky":false,"template":"","format":"standard","meta":{"_bbp_topic_count":0,"_bbp_reply_count":0,"_bbp_total_topic_count":0,"_bbp_total_reply_count":0,"_bbp_voice_count":0,"_bbp_anonymous_reply_count":0,"_bbp_topic_count_hidden":0,"_bbp_reply_count_hidden":0,"_bbp_forum_subforum_count":0,"site-sidebar-layout":"default","site-content-layout":"","ast-site-content-layout":"","site-content-style":"default","site-sidebar-style":"default","ast-global-header-display":"","ast-banner-title-visibility":"","ast-main-header-display":"","ast-hfb-above-header-display":"","ast-hfb-below-header-display":"","ast-hfb-mobile-header-display":"","site-post-title":"","ast-breadcrumbs-content":"","ast-featured-img":"","footer-sml-layout":"","theme-transparent-header-meta":"","adv-header-id-meta":"","stick-header-meta":"","header-above-stick-meta":"","header-main-stick-meta":"","header-below-stick-meta":"","astra-migrate-meta-layouts":"default","ast-page-background-enabled":"default","ast-page-background-meta":{"desktop":{"background-color":"var(--ast-global-color-4)","background-image":"","background-repeat":"repeat","background-position":"center center","background-size":"auto","background-attachment":"scroll","background-type":"","background-media":"","overlay-type":"","overlay-color":"","overlay-opacity":"","overlay-gradient":""},"tablet":{"background-color":"","background-image":"","background-repeat":"repeat","background-position":"center center","background-size":"auto","background-attachment":"scroll","background-type":"","background-media":"","overlay-type":"","overlay-color":"","overlay-opacity":"","overlay-gradient":""},"mobile":{"background-color":"","background-image":"","background-repeat":"repeat","background-position":"center center","background-size":"auto","background-attachment":"scroll","background-type":"","background-media":"","overlay-type":"","overlay-color":"","overlay-opacity":"","overlay-gradient":""}},"ast-content-background-meta":{"desktop":{"background-color":"var(--ast-global-color-5)","background-image":"","background-repeat":"repeat","background-position":"center center","background-size":"auto","background-attachment":"scroll","background-type":"","background-media":"","overlay-type":"","overlay-color":"","overlay-opacity":"","overlay-gradient":""},"tablet":{"background-color":"var(--ast-global-color-5)","background-image":"","background-repeat":"repeat","background-position":"center center","background-size":"auto","background-attachment":"scroll","background-type":"","background-media":"","overlay-type":"","overlay-color":"","overlay-opacity":"","overlay-gradient":""},"mobile":{"background-color":"var(--ast-global-color-5)","background-image":"","background-repeat":"repeat","background-position":"center center","background-size":"auto","background-attachment":"scroll","background-type":"","background-media":"","overlay-type":"","overlay-color":"","overlay-opacity":"","overlay-gradient":""}},"footnotes":""},"categories":[60],"tags":[61,161,406,405,98,142,160,191],"class_list":["post-8302","post","type-post","status-publish","format-standard","hentry","category-ciclemitja","tag-cicle-mitja","tag-estany-divars","tag-les-plantes","tag-linyola","tag-medi","tag-projecte","tag-sortida","tag-tercer"],"post_mailing_queue_ids":[],"_links":{"self":[{"href":"https:\/\/agora.xtec.cat\/escgaspardeportola\/wp-json\/wp\/v2\/posts\/8302","targetHints":{"allow":["GET"]}}],"collection":[{"href":"https:\/\/agora.xtec.cat\/escgaspardeportola\/wp-json\/wp\/v2\/posts"}],"about":[{"href":"https:\/\/agora.xtec.cat\/escgaspardeportola\/wp-json\/wp\/v2\/types\/post"}],"author":[{"embeddable":true,"href":"https:\/\/agora.xtec.cat\/escgaspardeportola\/wp-json\/wp\/v2\/users\/49"}],"replies":[{"embeddable":true,"href":"https:\/\/agora.xtec.cat\/escgaspardeportola\/wp-json\/wp\/v2\/comments?post=8302"}],"version-history":[{"count":3,"href":"https:\/\/agora.xtec.cat\/escgaspardeportola\/wp-json\/wp\/v2\/posts\/8302\/revisions"}],"predecessor-version":[{"id":8333,"href":"https:\/\/agora.xtec.cat\/escgaspardeportola\/wp-json\/wp\/v2\/posts\/8302\/revisions\/8333"}],"wp:attachment":[{"href":"https:\/\/agora.xtec.cat\/escgaspardeportola\/wp-json\/wp\/v2\/media?parent=8302"}],"wp:term":[{"taxonomy":"category","embeddable":true,"href":"https:\/\/agora.xtec.cat\/escgaspardeportola\/wp-json\/wp\/v2\/categories?post=8302"},{"taxonomy":"post_tag","embeddable":true,"href":"https:\/\/agora.xtec.cat\/escgaspardeportola\/wp-json\/wp\/v2\/tags?post=8302"}],"curies":[{"name":"wp","href":"https:\/\/api.w.org\/{rel}","templated":true}]}}