{"id":8185,"date":"2023-03-31T18:46:41","date_gmt":"2023-03-31T16:46:41","guid":{"rendered":"https:\/\/agora.xtec.cat\/escgaspardeportola\/?p=8185"},"modified":"2023-03-31T18:47:10","modified_gmt":"2023-03-31T16:47:10","slug":"mengem-la-mona","status":"publish","type":"post","link":"https:\/\/agora.xtec.cat\/escgaspardeportola\/general\/mengem-la-mona\/","title":{"rendered":"Mengem la mona"},"content":{"rendered":"<p>Hola fam\u00edlies!<\/p>\n<p>Avui, per tancar el trimestre, ens hem animat a preparar el dol\u00e7 t\u00edpic d&#8217;aquesta \u00e8poca;<strong> la mona de pasqua<\/strong>!<\/p>\n<p>De bon mat\u00ed ens hem posat el davantal i hem comen\u00e7at a untar els pans de pessic, amb xocolata, melmelada de pr\u00e9ssec i maduixa&#8230; I despr\u00e9s les hem adornat amb plomalls, pollets, xocolatines i un ou ben gran!<\/p>\n<p>Clicant aqu\u00ed podeu veure com n&#8217;ha estat de dolcet el nostre mat\u00ed\ud83e\udd2a<\/p>\n<p><a href=\"https:\/\/photos.app.goo.gl\/KxYejrYdyVr9FeyD6\">I3 A<\/a>.<br \/>\n<a href=\"https:\/\/photos.app.goo.gl\/8vSNaLMRh2MHBD2f8\">I3 B<\/a><br \/>\n<a href=\"https:\/\/photos.app.goo.gl\/pwAbaNVL7WihQ2da6\">I4 A<\/a><br \/>\n<a href=\"https:\/\/photos.app.goo.gl\/i7C8PVwjHBL1uMyMA\">I4 B<\/a><br \/>\n<a href=\"https:\/\/photos.app.goo.gl\/yyZrpLyfvq2H1m5H6\">I5 A<\/a><br \/>\n<a href=\"https:\/\/photos.app.goo.gl\/DfiVngELzjikzvuV9\">I5 B<\/a><\/p>\n<p>A la tarda tots junts al pati ens les hem menjat i tot seguit hem ballat i jugat, com podeu veure en les <a href=\"https:\/\/photos.app.goo.gl\/iuVu7RJZMCJDWd8Q7\">seg\u00fcents fotos.<\/a><\/p>\n<p>Ha estat un dia ben divertit i especial, i l&#8217;hem gaudit molt!<\/p>\n<p>L&#8217;equip de mestres d&#8217;Educaci\u00f3 Infantil aprofitem aquest article per desitjar-vos unes molt bones vacances, ens retrobem el proper 11 d&#8217;abril.<\/p>\n<p><img loading=\"lazy\" decoding=\"async\" src=\"https:\/\/agora.xtec.cat\/escgaspardeportola\/wp-content\/uploads\/usu555\/2023\/03\/1680279991189-min-457x1024.jpg\" alt=\"\" width=\"457\" height=\"1024\" class=\"alignnone size-large wp-image-8187\" srcset=\"https:\/\/agora.xtec.cat\/escgaspardeportola\/wp-content\/uploads\/usu555\/2023\/03\/1680279991189-min-457x1024.jpg 457w, https:\/\/agora.xtec.cat\/escgaspardeportola\/wp-content\/uploads\/usu555\/2023\/03\/1680279991189-min-134x300.jpg 134w, https:\/\/agora.xtec.cat\/escgaspardeportola\/wp-content\/uploads\/usu555\/2023\/03\/1680279991189-min-768x1719.jpg 768w, https:\/\/agora.xtec.cat\/escgaspardeportola\/wp-content\/uploads\/usu555\/2023\/03\/1680279991189-min-686x1536.jpg 686w, https:\/\/agora.xtec.cat\/escgaspardeportola\/wp-content\/uploads\/usu555\/2023\/03\/1680279991189-min-915x2048.jpg 915w, https:\/\/agora.xtec.cat\/escgaspardeportola\/wp-content\/uploads\/usu555\/2023\/03\/1680279991189-min-scaled.jpg 1144w\" sizes=\"auto, (max-width: 457px) 100vw, 457px\" \/><\/p>\n","protected":false},"excerpt":{"rendered":"<p>Hola fam\u00edlies! Avui, per tancar el trimestre, ens hem animat a preparar el dol\u00e7 t\u00edpic d&#8217;aquesta \u00e8poca; la mona de pasqua! De bon mat\u00ed ens hem posat el davantal i hem comen\u00e7at a untar els pans de pessic, amb xocolata, melmelada de pr\u00e9ssec i maduixa&#8230; I despr\u00e9s les hem adornat amb plomalls, pollets, xocolatines i [&hellip;]<\/p>\n","protected":false},"author":37,"featured_media":0,"comment_status":"closed","ping_status":"closed","sticky":false,"template":"","format":"standard","meta":{"_bbp_topic_count":0,"_bbp_reply_count":0,"_bbp_total_topic_count":0,"_bbp_total_reply_count":0,"_bbp_voice_count":0,"_bbp_anonymous_reply_count":0,"_bbp_topic_count_hidden":0,"_bbp_reply_count_hidden":0,"_bbp_forum_subforum_count":0,"site-sidebar-layout":"default","site-content-layout":"","ast-site-content-layout":"","site-content-style":"default","site-sidebar-style":"default","ast-global-header-display":"","ast-banner-title-visibility":"","ast-main-header-display":"","ast-hfb-above-header-display":"","ast-hfb-below-header-display":"","ast-hfb-mobile-header-display":"","site-post-title":"","ast-breadcrumbs-content":"","ast-featured-img":"","footer-sml-layout":"","theme-transparent-header-meta":"","adv-header-id-meta":"","stick-header-meta":"","header-above-stick-meta":"","header-main-stick-meta":"","header-below-stick-meta":"","astra-migrate-meta-layouts":"default","ast-page-background-enabled":"default","ast-page-background-meta":{"desktop":{"background-color":"var(--ast-global-color-4)","background-image":"","background-repeat":"repeat","background-position":"center center","background-size":"auto","background-attachment":"scroll","background-type":"","background-media":"","overlay-type":"","overlay-color":"","overlay-opacity":"","overlay-gradient":""},"tablet":{"background-color":"","background-image":"","background-repeat":"repeat","background-position":"center center","background-size":"auto","background-attachment":"scroll","background-type":"","background-media":"","overlay-type":"","overlay-color":"","overlay-opacity":"","overlay-gradient":""},"mobile":{"background-color":"","background-image":"","background-repeat":"repeat","background-position":"center center","background-size":"auto","background-attachment":"scroll","background-type":"","background-media":"","overlay-type":"","overlay-color":"","overlay-opacity":"","overlay-gradient":""}},"ast-content-background-meta":{"desktop":{"background-color":"var(--ast-global-color-5)","background-image":"","background-repeat":"repeat","background-position":"center center","background-size":"auto","background-attachment":"scroll","background-type":"","background-media":"","overlay-type":"","overlay-color":"","overlay-opacity":"","overlay-gradient":""},"tablet":{"background-color":"var(--ast-global-color-5)","background-image":"","background-repeat":"repeat","background-position":"center center","background-size":"auto","background-attachment":"scroll","background-type":"","background-media":"","overlay-type":"","overlay-color":"","overlay-opacity":"","overlay-gradient":""},"mobile":{"background-color":"var(--ast-global-color-5)","background-image":"","background-repeat":"repeat","background-position":"center center","background-size":"auto","background-attachment":"scroll","background-type":"","background-media":"","overlay-type":"","overlay-color":"","overlay-opacity":"","overlay-gradient":""}},"footnotes":""},"categories":[64,1],"tags":[],"class_list":["post-8185","post","type-post","status-publish","format-standard","hentry","category-educacioinfantil","category-general"],"post_mailing_queue_ids":[],"_links":{"self":[{"href":"https:\/\/agora.xtec.cat\/escgaspardeportola\/wp-json\/wp\/v2\/posts\/8185","targetHints":{"allow":["GET"]}}],"collection":[{"href":"https:\/\/agora.xtec.cat\/escgaspardeportola\/wp-json\/wp\/v2\/posts"}],"about":[{"href":"https:\/\/agora.xtec.cat\/escgaspardeportola\/wp-json\/wp\/v2\/types\/post"}],"author":[{"embeddable":true,"href":"https:\/\/agora.xtec.cat\/escgaspardeportola\/wp-json\/wp\/v2\/users\/37"}],"replies":[{"embeddable":true,"href":"https:\/\/agora.xtec.cat\/escgaspardeportola\/wp-json\/wp\/v2\/comments?post=8185"}],"version-history":[{"count":3,"href":"https:\/\/agora.xtec.cat\/escgaspardeportola\/wp-json\/wp\/v2\/posts\/8185\/revisions"}],"predecessor-version":[{"id":8194,"href":"https:\/\/agora.xtec.cat\/escgaspardeportola\/wp-json\/wp\/v2\/posts\/8185\/revisions\/8194"}],"wp:attachment":[{"href":"https:\/\/agora.xtec.cat\/escgaspardeportola\/wp-json\/wp\/v2\/media?parent=8185"}],"wp:term":[{"taxonomy":"category","embeddable":true,"href":"https:\/\/agora.xtec.cat\/escgaspardeportola\/wp-json\/wp\/v2\/categories?post=8185"},{"taxonomy":"post_tag","embeddable":true,"href":"https:\/\/agora.xtec.cat\/escgaspardeportola\/wp-json\/wp\/v2\/tags?post=8185"}],"curies":[{"name":"wp","href":"https:\/\/api.w.org\/{rel}","templated":true}]}}