{"id":8178,"date":"2023-03-30T18:20:18","date_gmt":"2023-03-30T16:20:18","guid":{"rendered":"https:\/\/agora.xtec.cat\/escgaspardeportola\/?p=8178"},"modified":"2023-03-30T18:20:18","modified_gmt":"2023-03-30T16:20:18","slug":"tercer-a-lauditori-i-camps-elisis-de-lleida","status":"publish","type":"post","link":"https:\/\/agora.xtec.cat\/escgaspardeportola\/ciclemitja\/tercer-a-lauditori-i-camps-elisis-de-lleida\/","title":{"rendered":"TERCER A L&#8217;AUDITORI I CAMPS ELISIS DE LLEIDA"},"content":{"rendered":"<p><img loading=\"lazy\" decoding=\"async\" class=\"size-full wp-image-8182 aligncenter\" src=\"https:\/\/agora.xtec.cat\/escgaspardeportola\/wp-content\/uploads\/usu555\/2023\/03\/sortida.jpg\" alt=\"\" width=\"448\" height=\"280\" srcset=\"https:\/\/agora.xtec.cat\/escgaspardeportola\/wp-content\/uploads\/usu555\/2023\/03\/sortida.jpg 448w, https:\/\/agora.xtec.cat\/escgaspardeportola\/wp-content\/uploads\/usu555\/2023\/03\/sortida-300x188.jpg 300w\" sizes=\"auto, (max-width: 448px) 100vw, 448px\" \/><\/p>\n<p style=\"text-align: justify;\">Aquest dijous l&#8217;alumnat de tercer ha tornat a marxar d&#8217;excursi\u00f3, aquesta vegada, per\u00f2, una mica m\u00e9s a prop: a Lleida.<\/p>\n<p style=\"text-align: justify;\">Durant el mat\u00ed, els nens i nenes han gaudit d&#8217;una audici\u00f3 a l&#8217;Auditori Enric Granados relacionada amb les danses populars m\u00e9s conegudes de diferents indrets del m\u00f3n; aix\u00ed doncs, han vist que a Espanya, per exemple, hi ha el pas doble, a Argentina el tango, a \u00c0ustria el vals, a Brasil la samba, a Pol\u00f2nia la polca i a R\u00fassia la kalinka. A m\u00e9s, tamb\u00e9 han apr\u00e9s diferents conceptes relacionats amb el ritme: el comp\u00e0s i el tempo. Volem agrair a la Banda Municipal de Lleida la seva implicaci\u00f3 per fer-nos gaudir de la m\u00fasica en directe any rere any.<\/p>\n<p style=\"text-align: justify;\">Despr\u00e9s de l&#8217;audici\u00f3, ens hem despla\u00e7at caminant fins als Camps Elisis on hem dinat i jugat fins a l&#8217;hora de tornada a l&#8217;escola. Ens ho hem passat molt b\u00e9!<\/p>\n<p style=\"text-align: justify;\">Si voleu veure les fotografies, cliqueu el seg\u00fcent <a href=\"https:\/\/drive.google.com\/drive\/folders\/1-8B3dhLOX1uA_CXWqI2dazo42kx3l5-r\">enlla\u00e7<\/a>.<\/p>\n","protected":false},"excerpt":{"rendered":"<p>Aquest dijous l&#8217;alumnat de tercer ha tornat a marxar d&#8217;excursi\u00f3, aquesta vegada, per\u00f2, una mica m\u00e9s a prop: a Lleida. Durant el mat\u00ed, els nens i nenes han gaudit d&#8217;una audici\u00f3 a l&#8217;Auditori Enric Granados relacionada amb les danses populars m\u00e9s conegudes de diferents indrets del m\u00f3n; aix\u00ed doncs, han vist que a Espanya, per [&hellip;]<\/p>\n","protected":false},"author":47,"featured_media":0,"comment_status":"open","ping_status":"closed","sticky":false,"template":"","format":"standard","meta":{"_bbp_topic_count":0,"_bbp_reply_count":0,"_bbp_total_topic_count":0,"_bbp_total_reply_count":0,"_bbp_voice_count":0,"_bbp_anonymous_reply_count":0,"_bbp_topic_count_hidden":0,"_bbp_reply_count_hidden":0,"_bbp_forum_subforum_count":0,"site-sidebar-layout":"default","site-content-layout":"","ast-site-content-layout":"","site-content-style":"default","site-sidebar-style":"default","ast-global-header-display":"","ast-banner-title-visibility":"","ast-main-header-display":"","ast-hfb-above-header-display":"","ast-hfb-below-header-display":"","ast-hfb-mobile-header-display":"","site-post-title":"","ast-breadcrumbs-content":"","ast-featured-img":"","footer-sml-layout":"","theme-transparent-header-meta":"","adv-header-id-meta":"","stick-header-meta":"","header-above-stick-meta":"","header-main-stick-meta":"","header-below-stick-meta":"","astra-migrate-meta-layouts":"default","ast-page-background-enabled":"default","ast-page-background-meta":{"desktop":{"background-color":"var(--ast-global-color-4)","background-image":"","background-repeat":"repeat","background-position":"center center","background-size":"auto","background-attachment":"scroll","background-type":"","background-media":"","overlay-type":"","overlay-color":"","overlay-opacity":"","overlay-gradient":""},"tablet":{"background-color":"","background-image":"","background-repeat":"repeat","background-position":"center center","background-size":"auto","background-attachment":"scroll","background-type":"","background-media":"","overlay-type":"","overlay-color":"","overlay-opacity":"","overlay-gradient":""},"mobile":{"background-color":"","background-image":"","background-repeat":"repeat","background-position":"center center","background-size":"auto","background-attachment":"scroll","background-type":"","background-media":"","overlay-type":"","overlay-color":"","overlay-opacity":"","overlay-gradient":""}},"ast-content-background-meta":{"desktop":{"background-color":"var(--ast-global-color-5)","background-image":"","background-repeat":"repeat","background-position":"center center","background-size":"auto","background-attachment":"scroll","background-type":"","background-media":"","overlay-type":"","overlay-color":"","overlay-opacity":"","overlay-gradient":""},"tablet":{"background-color":"var(--ast-global-color-5)","background-image":"","background-repeat":"repeat","background-position":"center center","background-size":"auto","background-attachment":"scroll","background-type":"","background-media":"","overlay-type":"","overlay-color":"","overlay-opacity":"","overlay-gradient":""},"mobile":{"background-color":"var(--ast-global-color-5)","background-image":"","background-repeat":"repeat","background-position":"center center","background-size":"auto","background-attachment":"scroll","background-type":"","background-media":"","overlay-type":"","overlay-color":"","overlay-opacity":"","overlay-gradient":""}},"footnotes":""},"categories":[60,357],"tags":[392,394,393,331,160,191],"class_list":["post-8178","post","type-post","status-publish","format-standard","hentry","category-ciclemitja","category-musica","tag-auditori","tag-camps-elisis","tag-lleida","tag-musica","tag-sortida","tag-tercer"],"post_mailing_queue_ids":[],"_links":{"self":[{"href":"https:\/\/agora.xtec.cat\/escgaspardeportola\/wp-json\/wp\/v2\/posts\/8178","targetHints":{"allow":["GET"]}}],"collection":[{"href":"https:\/\/agora.xtec.cat\/escgaspardeportola\/wp-json\/wp\/v2\/posts"}],"about":[{"href":"https:\/\/agora.xtec.cat\/escgaspardeportola\/wp-json\/wp\/v2\/types\/post"}],"author":[{"embeddable":true,"href":"https:\/\/agora.xtec.cat\/escgaspardeportola\/wp-json\/wp\/v2\/users\/47"}],"replies":[{"embeddable":true,"href":"https:\/\/agora.xtec.cat\/escgaspardeportola\/wp-json\/wp\/v2\/comments?post=8178"}],"version-history":[{"count":1,"href":"https:\/\/agora.xtec.cat\/escgaspardeportola\/wp-json\/wp\/v2\/posts\/8178\/revisions"}],"predecessor-version":[{"id":8183,"href":"https:\/\/agora.xtec.cat\/escgaspardeportola\/wp-json\/wp\/v2\/posts\/8178\/revisions\/8183"}],"wp:attachment":[{"href":"https:\/\/agora.xtec.cat\/escgaspardeportola\/wp-json\/wp\/v2\/media?parent=8178"}],"wp:term":[{"taxonomy":"category","embeddable":true,"href":"https:\/\/agora.xtec.cat\/escgaspardeportola\/wp-json\/wp\/v2\/categories?post=8178"},{"taxonomy":"post_tag","embeddable":true,"href":"https:\/\/agora.xtec.cat\/escgaspardeportola\/wp-json\/wp\/v2\/tags?post=8178"}],"curies":[{"name":"wp","href":"https:\/\/api.w.org\/{rel}","templated":true}]}}