{"id":8170,"date":"2023-03-30T16:31:59","date_gmt":"2023-03-30T14:31:59","guid":{"rendered":"https:\/\/agora.xtec.cat\/escgaspardeportola\/?p=8170"},"modified":"2023-03-30T16:31:59","modified_gmt":"2023-03-30T14:31:59","slug":"brunzidor-art-prehistoric","status":"publish","type":"post","link":"https:\/\/agora.xtec.cat\/escgaspardeportola\/cicle-superior\/brunzidor-art-prehistoric\/","title":{"rendered":"BRUNZIDOR: ART PREHIST\u00d2RIC"},"content":{"rendered":"<p style=\"text-align: justify;\"><span style=\"color: #000000;\">El\u00a0brunzidor\u00a0\u00e9s un\u00a0instrument musical, fregat pel\u00a0vent.\u00a0Consisteix en una vareta plana feta de canya,\u00a0fusta o escor\u00e7a, m\u00e9s o menys rectangular, lligada al cap d&#8217;un\u00a0cordill. \u00c9s feia giravoltar amb rapidesa, cosa que produ\u00efa un brunzit intens i agut.\u00a0\u00c9s l&#8217;estri sonor m\u00e9s arcaic utilitzat pels humans i el que t\u00e9 l&#8217;origen m\u00e9s antic. Els pobles primitius el feien servir per a comunicar-se amb els esperits\u00a0o\u00a0divinitats. Era una creen\u00e7a molt estesa entre els pobles\u00a0agr\u00edcoles, que creien que la producci\u00f3 del seu so\u00a0afavoria el creixement i l&#8217;abund\u00e0ncia dels\u00a0conreus\u00a0per un efecte\u00a0m\u00e0gic.\u00a0<\/span><\/p>\n<p style=\"text-align: justify;\"><span style=\"color: #000000;\">Vam realitzar aquest brunzidor a la sortida realitzada a St Lloren\u00e7 de Montgai i ara a la classe d&#8217;art l&#8217;hem pintat amb motius que ens recorden la prehist\u00f2ria.<\/span><\/p>\n<p style=\"text-align: justify;\"><span style=\"color: #000000;\">A continuaci\u00f3 hi ha un petit recull d&#8217;<a href=\"https:\/\/www.canva.com\/design\/DAFerk2I40c\/RnbBcsy7UUieersdg0U60w\/view?utm_content=DAFerk2I40c&amp;utm_campaign=designshare&amp;utm_medium=link2&amp;utm_source=sharebutton\">imatges<\/a>.<\/span><\/p>\n<p>ALUMNES DE 5\u00e8<\/p>\n<p>&nbsp;<\/p>\n","protected":false},"excerpt":{"rendered":"<p>El\u00a0brunzidor\u00a0\u00e9s un\u00a0instrument musical, fregat pel\u00a0vent.\u00a0Consisteix en una vareta plana feta de canya,\u00a0fusta o escor\u00e7a, m\u00e9s o menys rectangular, lligada al cap d&#8217;un\u00a0cordill. \u00c9s feia giravoltar amb rapidesa, cosa que produ\u00efa un brunzit intens i agut.\u00a0\u00c9s l&#8217;estri sonor m\u00e9s arcaic utilitzat pels humans i el que t\u00e9 l&#8217;origen m\u00e9s antic. Els pobles primitius el feien servir [&hellip;]<\/p>\n","protected":false},"author":32,"featured_media":0,"comment_status":"closed","ping_status":"closed","sticky":false,"template":"","format":"standard","meta":{"_bbp_topic_count":0,"_bbp_reply_count":0,"_bbp_total_topic_count":0,"_bbp_total_reply_count":0,"_bbp_voice_count":0,"_bbp_anonymous_reply_count":0,"_bbp_topic_count_hidden":0,"_bbp_reply_count_hidden":0,"_bbp_forum_subforum_count":0,"site-sidebar-layout":"default","site-content-layout":"","ast-site-content-layout":"","site-content-style":"default","site-sidebar-style":"default","ast-global-header-display":"","ast-banner-title-visibility":"","ast-main-header-display":"","ast-hfb-above-header-display":"","ast-hfb-below-header-display":"","ast-hfb-mobile-header-display":"","site-post-title":"","ast-breadcrumbs-content":"","ast-featured-img":"","footer-sml-layout":"","theme-transparent-header-meta":"","adv-header-id-meta":"","stick-header-meta":"","header-above-stick-meta":"","header-main-stick-meta":"","header-below-stick-meta":"","astra-migrate-meta-layouts":"default","ast-page-background-enabled":"default","ast-page-background-meta":{"desktop":{"background-color":"var(--ast-global-color-4)","background-image":"","background-repeat":"repeat","background-position":"center center","background-size":"auto","background-attachment":"scroll","background-type":"","background-media":"","overlay-type":"","overlay-color":"","overlay-opacity":"","overlay-gradient":""},"tablet":{"background-color":"","background-image":"","background-repeat":"repeat","background-position":"center center","background-size":"auto","background-attachment":"scroll","background-type":"","background-media":"","overlay-type":"","overlay-color":"","overlay-opacity":"","overlay-gradient":""},"mobile":{"background-color":"","background-image":"","background-repeat":"repeat","background-position":"center center","background-size":"auto","background-attachment":"scroll","background-type":"","background-media":"","overlay-type":"","overlay-color":"","overlay-opacity":"","overlay-gradient":""}},"ast-content-background-meta":{"desktop":{"background-color":"var(--ast-global-color-5)","background-image":"","background-repeat":"repeat","background-position":"center center","background-size":"auto","background-attachment":"scroll","background-type":"","background-media":"","overlay-type":"","overlay-color":"","overlay-opacity":"","overlay-gradient":""},"tablet":{"background-color":"var(--ast-global-color-5)","background-image":"","background-repeat":"repeat","background-position":"center center","background-size":"auto","background-attachment":"scroll","background-type":"","background-media":"","overlay-type":"","overlay-color":"","overlay-opacity":"","overlay-gradient":""},"mobile":{"background-color":"var(--ast-global-color-5)","background-image":"","background-repeat":"repeat","background-position":"center center","background-size":"auto","background-attachment":"scroll","background-type":"","background-media":"","overlay-type":"","overlay-color":"","overlay-opacity":"","overlay-gradient":""}},"footnotes":""},"categories":[290],"tags":[334,391,105,390,389],"class_list":["post-8170","post","type-post","status-publish","format-standard","hentry","category-cicle-superior","tag-art","tag-art-rupestre","tag-cicle-superior","tag-instrument","tag-prehistoria"],"post_mailing_queue_ids":[],"_links":{"self":[{"href":"https:\/\/agora.xtec.cat\/escgaspardeportola\/wp-json\/wp\/v2\/posts\/8170","targetHints":{"allow":["GET"]}}],"collection":[{"href":"https:\/\/agora.xtec.cat\/escgaspardeportola\/wp-json\/wp\/v2\/posts"}],"about":[{"href":"https:\/\/agora.xtec.cat\/escgaspardeportola\/wp-json\/wp\/v2\/types\/post"}],"author":[{"embeddable":true,"href":"https:\/\/agora.xtec.cat\/escgaspardeportola\/wp-json\/wp\/v2\/users\/32"}],"replies":[{"embeddable":true,"href":"https:\/\/agora.xtec.cat\/escgaspardeportola\/wp-json\/wp\/v2\/comments?post=8170"}],"version-history":[{"count":3,"href":"https:\/\/agora.xtec.cat\/escgaspardeportola\/wp-json\/wp\/v2\/posts\/8170\/revisions"}],"predecessor-version":[{"id":8176,"href":"https:\/\/agora.xtec.cat\/escgaspardeportola\/wp-json\/wp\/v2\/posts\/8170\/revisions\/8176"}],"wp:attachment":[{"href":"https:\/\/agora.xtec.cat\/escgaspardeportola\/wp-json\/wp\/v2\/media?parent=8170"}],"wp:term":[{"taxonomy":"category","embeddable":true,"href":"https:\/\/agora.xtec.cat\/escgaspardeportola\/wp-json\/wp\/v2\/categories?post=8170"},{"taxonomy":"post_tag","embeddable":true,"href":"https:\/\/agora.xtec.cat\/escgaspardeportola\/wp-json\/wp\/v2\/tags?post=8170"}],"curies":[{"name":"wp","href":"https:\/\/api.w.org\/{rel}","templated":true}]}}