{"id":8122,"date":"2023-03-30T18:05:27","date_gmt":"2023-03-30T16:05:27","guid":{"rendered":"https:\/\/agora.xtec.cat\/escgaspardeportola\/?p=8122"},"modified":"2023-03-30T18:27:12","modified_gmt":"2023-03-30T16:27:12","slug":"tercer-segueix-recitant-poesies-a-i4","status":"publish","type":"post","link":"https:\/\/agora.xtec.cat\/escgaspardeportola\/ciclemitja\/tercer-segueix-recitant-poesies-a-i4\/","title":{"rendered":"TERCER SEGUEIX RECITANT POESIES A I4"},"content":{"rendered":"<p><img loading=\"lazy\" decoding=\"async\" class=\"wp-image-8179 aligncenter\" src=\"https:\/\/agora.xtec.cat\/escgaspardeportola\/wp-content\/uploads\/usu555\/2023\/03\/IMG-20230330-WA0044-1024x768.jpg\" alt=\"\" width=\"590\" height=\"443\" srcset=\"https:\/\/agora.xtec.cat\/escgaspardeportola\/wp-content\/uploads\/usu555\/2023\/03\/IMG-20230330-WA0044-1024x768.jpg 1024w, https:\/\/agora.xtec.cat\/escgaspardeportola\/wp-content\/uploads\/usu555\/2023\/03\/IMG-20230330-WA0044-300x225.jpg 300w, https:\/\/agora.xtec.cat\/escgaspardeportola\/wp-content\/uploads\/usu555\/2023\/03\/IMG-20230330-WA0044-768x576.jpg 768w, https:\/\/agora.xtec.cat\/escgaspardeportola\/wp-content\/uploads\/usu555\/2023\/03\/IMG-20230330-WA0044-1536x1152.jpg 1536w, https:\/\/agora.xtec.cat\/escgaspardeportola\/wp-content\/uploads\/usu555\/2023\/03\/IMG-20230330-WA0044-200x150.jpg 200w, https:\/\/agora.xtec.cat\/escgaspardeportola\/wp-content\/uploads\/usu555\/2023\/03\/IMG-20230330-WA0044.jpg 1600w\" sizes=\"auto, (max-width: 590px) 100vw, 590px\" \/><\/p>\n<p style=\"text-align: justify;\">Seguint amb el projecte GaspartSchool, l&#8217;alumnat de tercer, al llarg d&#8217;aquest segon trimestre, ha continuat recitant poemes als infants d&#8217;I4.<\/p>\n<p style=\"text-align: justify;\">Alguns d&#8217;aquests poemes han estat relacionats amb el projecte d&#8217;escola (l&#8217;espai) i, d&#8217;altres, amb festivitats o estacions (hivern, carnaval, primavera..).<\/p>\n<p style=\"text-align: justify;\">Com ja sabeu, per dur-ho a terme, primer es confeccionen els cartells en petits grups i, despr\u00e9s, s&#8217;assaja amb diversos mestres per finalment recitar-ho als m\u00e9s petits. Qu\u00e8 be s&#8217;ho passen tant els i les alumnes de tercer com els nens i nenes d&#8217;I4!<\/p>\n<p>Ara, de cara al tercer trimestre, dedicarem tot el temps del qual disposem per assajar les poesies que es duran a terme al teatre de final de curs de cicle mitj\u00e0.<\/p>\n<p style=\"text-align: justify;\">Us deixem un recull d&#8217;imatges <a href=\"https:\/\/drive.google.com\/drive\/folders\/1-F5kAciTmzTCMXYFqnGhDsNTMs5eUxRT?usp=sharing\">aqu\u00ed<\/a>.<\/p>\n","protected":false},"excerpt":{"rendered":"<p>Seguint amb el projecte GaspartSchool, l&#8217;alumnat de tercer, al llarg d&#8217;aquest segon trimestre, ha continuat recitant poemes als infants d&#8217;I4. Alguns d&#8217;aquests poemes han estat relacionats amb el projecte d&#8217;escola (l&#8217;espai) i, d&#8217;altres, amb festivitats o estacions (hivern, carnaval, primavera..). Com ja sabeu, per dur-ho a terme, primer es confeccionen els cartells en petits grups [&hellip;]<\/p>\n","protected":false},"author":47,"featured_media":0,"comment_status":"open","ping_status":"closed","sticky":false,"template":"","format":"standard","meta":{"_bbp_topic_count":0,"_bbp_reply_count":0,"_bbp_total_topic_count":0,"_bbp_total_reply_count":0,"_bbp_voice_count":0,"_bbp_anonymous_reply_count":0,"_bbp_topic_count_hidden":0,"_bbp_reply_count_hidden":0,"_bbp_forum_subforum_count":0,"site-sidebar-layout":"default","site-content-layout":"","ast-site-content-layout":"","site-content-style":"default","site-sidebar-style":"default","ast-global-header-display":"","ast-banner-title-visibility":"","ast-main-header-display":"","ast-hfb-above-header-display":"","ast-hfb-below-header-display":"","ast-hfb-mobile-header-display":"","site-post-title":"","ast-breadcrumbs-content":"","ast-featured-img":"","footer-sml-layout":"","theme-transparent-header-meta":"","adv-header-id-meta":"","stick-header-meta":"","header-above-stick-meta":"","header-main-stick-meta":"","header-below-stick-meta":"","astra-migrate-meta-layouts":"default","ast-page-background-enabled":"default","ast-page-background-meta":{"desktop":{"background-color":"var(--ast-global-color-4)","background-image":"","background-repeat":"repeat","background-position":"center center","background-size":"auto","background-attachment":"scroll","background-type":"","background-media":"","overlay-type":"","overlay-color":"","overlay-opacity":"","overlay-gradient":""},"tablet":{"background-color":"","background-image":"","background-repeat":"repeat","background-position":"center center","background-size":"auto","background-attachment":"scroll","background-type":"","background-media":"","overlay-type":"","overlay-color":"","overlay-opacity":"","overlay-gradient":""},"mobile":{"background-color":"","background-image":"","background-repeat":"repeat","background-position":"center center","background-size":"auto","background-attachment":"scroll","background-type":"","background-media":"","overlay-type":"","overlay-color":"","overlay-opacity":"","overlay-gradient":""}},"ast-content-background-meta":{"desktop":{"background-color":"var(--ast-global-color-5)","background-image":"","background-repeat":"repeat","background-position":"center center","background-size":"auto","background-attachment":"scroll","background-type":"","background-media":"","overlay-type":"","overlay-color":"","overlay-opacity":"","overlay-gradient":""},"tablet":{"background-color":"var(--ast-global-color-5)","background-image":"","background-repeat":"repeat","background-position":"center center","background-size":"auto","background-attachment":"scroll","background-type":"","background-media":"","overlay-type":"","overlay-color":"","overlay-opacity":"","overlay-gradient":""},"mobile":{"background-color":"var(--ast-global-color-5)","background-image":"","background-repeat":"repeat","background-position":"center center","background-size":"auto","background-attachment":"scroll","background-type":"","background-media":"","overlay-type":"","overlay-color":"","overlay-opacity":"","overlay-gradient":""}},"footnotes":""},"categories":[60,64,321],"tags":[198,241,359,348,191],"class_list":["post-8122","post","type-post","status-publish","format-standard","hentry","category-ciclemitja","category-educacioinfantil","category-gaspartschool","tag-educacio-infantil","tag-gaspart-school","tag-i4","tag-poesies","tag-tercer"],"post_mailing_queue_ids":[],"_links":{"self":[{"href":"https:\/\/agora.xtec.cat\/escgaspardeportola\/wp-json\/wp\/v2\/posts\/8122","targetHints":{"allow":["GET"]}}],"collection":[{"href":"https:\/\/agora.xtec.cat\/escgaspardeportola\/wp-json\/wp\/v2\/posts"}],"about":[{"href":"https:\/\/agora.xtec.cat\/escgaspardeportola\/wp-json\/wp\/v2\/types\/post"}],"author":[{"embeddable":true,"href":"https:\/\/agora.xtec.cat\/escgaspardeportola\/wp-json\/wp\/v2\/users\/47"}],"replies":[{"embeddable":true,"href":"https:\/\/agora.xtec.cat\/escgaspardeportola\/wp-json\/wp\/v2\/comments?post=8122"}],"version-history":[{"count":3,"href":"https:\/\/agora.xtec.cat\/escgaspardeportola\/wp-json\/wp\/v2\/posts\/8122\/revisions"}],"predecessor-version":[{"id":8184,"href":"https:\/\/agora.xtec.cat\/escgaspardeportola\/wp-json\/wp\/v2\/posts\/8122\/revisions\/8184"}],"wp:attachment":[{"href":"https:\/\/agora.xtec.cat\/escgaspardeportola\/wp-json\/wp\/v2\/media?parent=8122"}],"wp:term":[{"taxonomy":"category","embeddable":true,"href":"https:\/\/agora.xtec.cat\/escgaspardeportola\/wp-json\/wp\/v2\/categories?post=8122"},{"taxonomy":"post_tag","embeddable":true,"href":"https:\/\/agora.xtec.cat\/escgaspardeportola\/wp-json\/wp\/v2\/tags?post=8122"}],"curies":[{"name":"wp","href":"https:\/\/api.w.org\/{rel}","templated":true}]}}