{"id":8111,"date":"2023-03-25T11:49:30","date_gmt":"2023-03-25T10:49:30","guid":{"rendered":"https:\/\/agora.xtec.cat\/escgaspardeportola\/?p=8111"},"modified":"2023-03-25T11:49:30","modified_gmt":"2023-03-25T10:49:30","slug":"28a-fira-de-jocs-de-pati-al-moli-de-lesquerra","status":"publish","type":"post","link":"https:\/\/agora.xtec.cat\/escgaspardeportola\/ciclemitja\/28a-fira-de-jocs-de-pati-al-moli-de-lesquerra\/","title":{"rendered":"28A FIRA DE JOCS DE PATI AL MOL\u00cd DE L&#8217;ESQUERR\u00c0"},"content":{"rendered":"<p><img loading=\"lazy\" decoding=\"async\" class=\"size-full wp-image-8136 aligncenter\" src=\"https:\/\/agora.xtec.cat\/escgaspardeportola\/wp-content\/uploads\/usu555\/2023\/03\/IMG_20230324_095321.jpg\" alt=\"\" width=\"336\" height=\"448\" srcset=\"https:\/\/agora.xtec.cat\/escgaspardeportola\/wp-content\/uploads\/usu555\/2023\/03\/IMG_20230324_095321.jpg 336w, https:\/\/agora.xtec.cat\/escgaspardeportola\/wp-content\/uploads\/usu555\/2023\/03\/IMG_20230324_095321-225x300.jpg 225w\" sizes=\"auto, (max-width: 336px) 100vw, 336px\" \/><\/p>\n<p style=\"text-align: justify;\">El divendres 24 de mar\u00e7, tot l\u2019alumnat de cicle mitj\u00e0 va realitzar, al llarg de tot el mat\u00ed, la 28a fira de jocs de pati i de carrer al mol\u00ed de l\u2019esquerr\u00e0, on van participar-hi tamb\u00e9 estudiants d\u2019altres escoles de la ciutat.<br \/>\nAlguns dels jocs tradicionals que els nens i nenes van dur a terme van ser el mocador, el cementiri, l&#8217;arrenca cues, la cursa de sacs, anar de compres, el pica-paret o la xarranca, entre d&#8217;altres.<\/p>\n<p style=\"text-align: justify;\">Aquesta jornada, que es duu a terme any rere any, no nom\u00e9s fomenta la import\u00e0ncia de la realitzaci\u00f3 d&#8217;exercici f\u00edsic sin\u00f3 que,\u00a0 a m\u00e9s a m\u00e9s, ajuda als nens i nenes ha posar en pr\u00e0ctica valors importants com el respecte, l\u2019esfor\u00e7, el companyerisme o l&#8217;autocontrol.<\/p>\n<p style=\"text-align: justify;\">Volem agrair als monitors voluntaris de l\u2019IES Almat\u00e0 i a la regidoria d\u2019esports per fer-nos passar un mat\u00ed ben divertit.<\/p>\n<p style=\"text-align: justify;\">Si voleu veure el recull de fotografies cliqueu aquest <a href=\"https:\/\/drive.google.com\/drive\/folders\/1--ikwG_IKOou8j0UPux3aUqLfiQWxzbq\">enlla\u00e7.<\/a><\/p>\n","protected":false},"excerpt":{"rendered":"<p>El divendres 24 de mar\u00e7, tot l\u2019alumnat de cicle mitj\u00e0 va realitzar, al llarg de tot el mat\u00ed, la 28a fira de jocs de pati i de carrer al mol\u00ed de l\u2019esquerr\u00e0, on van participar-hi tamb\u00e9 estudiants d\u2019altres escoles de la ciutat. Alguns dels jocs tradicionals que els nens i nenes van dur a terme [&hellip;]<\/p>\n","protected":false},"author":47,"featured_media":0,"comment_status":"open","ping_status":"closed","sticky":false,"template":"","format":"standard","meta":{"_bbp_topic_count":0,"_bbp_reply_count":0,"_bbp_total_topic_count":0,"_bbp_total_reply_count":0,"_bbp_voice_count":0,"_bbp_anonymous_reply_count":0,"_bbp_topic_count_hidden":0,"_bbp_reply_count_hidden":0,"_bbp_forum_subforum_count":0,"site-sidebar-layout":"default","site-content-layout":"","ast-site-content-layout":"","site-content-style":"default","site-sidebar-style":"default","ast-global-header-display":"","ast-banner-title-visibility":"","ast-main-header-display":"","ast-hfb-above-header-display":"","ast-hfb-below-header-display":"","ast-hfb-mobile-header-display":"","site-post-title":"","ast-breadcrumbs-content":"","ast-featured-img":"","footer-sml-layout":"","theme-transparent-header-meta":"","adv-header-id-meta":"","stick-header-meta":"","header-above-stick-meta":"","header-main-stick-meta":"","header-below-stick-meta":"","astra-migrate-meta-layouts":"default","ast-page-background-enabled":"default","ast-page-background-meta":{"desktop":{"background-color":"var(--ast-global-color-4)","background-image":"","background-repeat":"repeat","background-position":"center center","background-size":"auto","background-attachment":"scroll","background-type":"","background-media":"","overlay-type":"","overlay-color":"","overlay-opacity":"","overlay-gradient":""},"tablet":{"background-color":"","background-image":"","background-repeat":"repeat","background-position":"center center","background-size":"auto","background-attachment":"scroll","background-type":"","background-media":"","overlay-type":"","overlay-color":"","overlay-opacity":"","overlay-gradient":""},"mobile":{"background-color":"","background-image":"","background-repeat":"repeat","background-position":"center center","background-size":"auto","background-attachment":"scroll","background-type":"","background-media":"","overlay-type":"","overlay-color":"","overlay-opacity":"","overlay-gradient":""}},"ast-content-background-meta":{"desktop":{"background-color":"var(--ast-global-color-5)","background-image":"","background-repeat":"repeat","background-position":"center center","background-size":"auto","background-attachment":"scroll","background-type":"","background-media":"","overlay-type":"","overlay-color":"","overlay-opacity":"","overlay-gradient":""},"tablet":{"background-color":"var(--ast-global-color-5)","background-image":"","background-repeat":"repeat","background-position":"center center","background-size":"auto","background-attachment":"scroll","background-type":"","background-media":"","overlay-type":"","overlay-color":"","overlay-opacity":"","overlay-gradient":""},"mobile":{"background-color":"var(--ast-global-color-5)","background-image":"","background-repeat":"repeat","background-position":"center center","background-size":"auto","background-attachment":"scroll","background-type":"","background-media":"","overlay-type":"","overlay-color":"","overlay-opacity":"","overlay-gradient":""}},"footnotes":""},"categories":[60],"tags":[61,166,27,385,100,191,33],"class_list":["post-8111","post","type-post","status-publish","format-standard","hentry","category-ciclemitja","tag-cicle-mitja","tag-educacio-fisica","tag-esport","tag-jocs-tradicionals","tag-quart","tag-tercer","tag-valors"],"post_mailing_queue_ids":[],"_links":{"self":[{"href":"https:\/\/agora.xtec.cat\/escgaspardeportola\/wp-json\/wp\/v2\/posts\/8111","targetHints":{"allow":["GET"]}}],"collection":[{"href":"https:\/\/agora.xtec.cat\/escgaspardeportola\/wp-json\/wp\/v2\/posts"}],"about":[{"href":"https:\/\/agora.xtec.cat\/escgaspardeportola\/wp-json\/wp\/v2\/types\/post"}],"author":[{"embeddable":true,"href":"https:\/\/agora.xtec.cat\/escgaspardeportola\/wp-json\/wp\/v2\/users\/47"}],"replies":[{"embeddable":true,"href":"https:\/\/agora.xtec.cat\/escgaspardeportola\/wp-json\/wp\/v2\/comments?post=8111"}],"version-history":[{"count":3,"href":"https:\/\/agora.xtec.cat\/escgaspardeportola\/wp-json\/wp\/v2\/posts\/8111\/revisions"}],"predecessor-version":[{"id":8137,"href":"https:\/\/agora.xtec.cat\/escgaspardeportola\/wp-json\/wp\/v2\/posts\/8111\/revisions\/8137"}],"wp:attachment":[{"href":"https:\/\/agora.xtec.cat\/escgaspardeportola\/wp-json\/wp\/v2\/media?parent=8111"}],"wp:term":[{"taxonomy":"category","embeddable":true,"href":"https:\/\/agora.xtec.cat\/escgaspardeportola\/wp-json\/wp\/v2\/categories?post=8111"},{"taxonomy":"post_tag","embeddable":true,"href":"https:\/\/agora.xtec.cat\/escgaspardeportola\/wp-json\/wp\/v2\/tags?post=8111"}],"curies":[{"name":"wp","href":"https:\/\/api.w.org\/{rel}","templated":true}]}}