{"id":802,"date":"2016-09-16T16:00:14","date_gmt":"2016-09-16T15:00:14","guid":{"rendered":"http:\/\/agora.xtec.cat\/escgaspardeportola\/?p=802"},"modified":"2016-09-16T16:00:14","modified_gmt":"2016-09-16T15:00:14","slug":"comunicat-a-les-families","status":"publish","type":"post","link":"https:\/\/agora.xtec.cat\/escgaspardeportola\/portada\/comunicat-a-les-families\/","title":{"rendered":"Comunicat a les fam\u00edlies"},"content":{"rendered":"<p>Benvolguda fam\u00edlia,<\/p>\n<p>En primer lloc volem desitjar-vos un molt bon inici del curs 2016-2017 juntament amb els vostres fills i filles i que amb il\u00b7lusi\u00f3 i esfor\u00e7 puguem aconseguir els reptes que ens hem plantejat.<\/p>\n<p>Dir-vos que enguany a l\u2019escola continuarem amb el <strong>Programa d\u2019Escoles Verdes <\/strong>(2n curs) amb l\u2019objectiu de conscienciar a tots els membres de la Comunitat Educativa de Gaspar de Portol\u00e0 (pares, alumnes, professorat, personal laboral,&#8230;) de la necessitat de tenir una escola sostenible. Aix\u00f2 comportar\u00e0 tota una s\u00e8rie d\u2019actuacions que ens implicaran a TOTS.<\/p>\n<p>Molt aviat constituirem una <em><u>Comissi\u00f3 per la Sostenibilitat<\/u><\/em> on hi haur\u00e0 representants dels diferents sectors de l\u2019escola i que vetllaran per fer propostes d\u2019actuacions sostenibles (reduir els residus, posar contenidors per als diferents productes de rebuig, millorar els espais del centre,&#8230;) i en faran el seguiment. Demanem ,per avan\u00e7at, la vostra m\u00e0xima implicaci\u00f3 en totes aquelles propostes que es facin des de la Comissi\u00f3 i que tamb\u00e9 fareu vosaltres; nom\u00e9s aix\u00ed aconseguirem una escola i una societat m\u00e9s respectuosa amb el medi ambient.<\/p>\n<p>Dir-vos tamb\u00e9 que amb l\u2019objectiu de millorar la compet\u00e8ncia ling\u00fc\u00edstica pluriling\u00fce, l\u2019escola participar\u00e0 durant els dos propers cursos, 2016-2017 i 2017-2018, en un <strong>Programa GEP<\/strong> (Grups d\u2019Experimentaci\u00f3 Pluriling\u00fces)que organitza el Departament d\u2019Ensenyament i que ens ha seleccionat per dur-lo a terme. Aquest suposar\u00e0 un increment de l\u2019\u00fas de les lleng\u00fces, sobretot de l\u2019anglesa, en \u00e0rees no ling\u00fc\u00edstiques( visual i pl\u00e0stica, coneixement del medi social i natural, treballs interdisciplinars,&#8230;).<\/p>\n<p>Al web de l\u2019escola us anirem informant de les diferents actuacions que implementem al llarg d\u2019aquest i d\u2019altres cursos envers aquests dos programes i esperem la vostra m\u00e0xima complicitat i implicaci\u00f3.<\/p>\n<p><strong>ESCOLA GASPAR DE PORTOL\u00c0<\/strong><\/p>\n","protected":false},"excerpt":{"rendered":"<p>Benvolguda fam\u00edlia, En primer lloc volem desitjar-vos un molt bon inici del curs 2016-2017 juntament amb els vostres fills i filles i que amb il\u00b7lusi\u00f3 i esfor\u00e7 puguem aconseguir els reptes que ens hem plantejat. Dir-vos que enguany a l\u2019escola continuarem amb el Programa d\u2019Escoles Verdes (2n curs) amb l\u2019objectiu de conscienciar a tots els [&hellip;]<\/p>\n","protected":false},"author":1,"featured_media":803,"comment_status":"open","ping_status":"open","sticky":false,"template":"","format":"standard","meta":{"_bbp_topic_count":0,"_bbp_reply_count":0,"_bbp_total_topic_count":0,"_bbp_total_reply_count":0,"_bbp_voice_count":0,"_bbp_anonymous_reply_count":0,"_bbp_topic_count_hidden":0,"_bbp_reply_count_hidden":0,"_bbp_forum_subforum_count":0,"site-sidebar-layout":"default","site-content-layout":"","ast-site-content-layout":"","site-content-style":"default","site-sidebar-style":"default","ast-global-header-display":"","ast-banner-title-visibility":"","ast-main-header-display":"","ast-hfb-above-header-display":"","ast-hfb-below-header-display":"","ast-hfb-mobile-header-display":"","site-post-title":"","ast-breadcrumbs-content":"","ast-featured-img":"","footer-sml-layout":"","theme-transparent-header-meta":"","adv-header-id-meta":"","stick-header-meta":"","header-above-stick-meta":"","header-main-stick-meta":"","header-below-stick-meta":"","astra-migrate-meta-layouts":"default","ast-page-background-enabled":"default","ast-page-background-meta":{"desktop":{"background-color":"var(--ast-global-color-4)","background-image":"","background-repeat":"repeat","background-position":"center center","background-size":"auto","background-attachment":"scroll","background-type":"","background-media":"","overlay-type":"","overlay-color":"","overlay-opacity":"","overlay-gradient":""},"tablet":{"background-color":"","background-image":"","background-repeat":"repeat","background-position":"center center","background-size":"auto","background-attachment":"scroll","background-type":"","background-media":"","overlay-type":"","overlay-color":"","overlay-opacity":"","overlay-gradient":""},"mobile":{"background-color":"","background-image":"","background-repeat":"repeat","background-position":"center center","background-size":"auto","background-attachment":"scroll","background-type":"","background-media":"","overlay-type":"","overlay-color":"","overlay-opacity":"","overlay-gradient":""}},"ast-content-background-meta":{"desktop":{"background-color":"var(--ast-global-color-5)","background-image":"","background-repeat":"repeat","background-position":"center center","background-size":"auto","background-attachment":"scroll","background-type":"","background-media":"","overlay-type":"","overlay-color":"","overlay-opacity":"","overlay-gradient":""},"tablet":{"background-color":"var(--ast-global-color-5)","background-image":"","background-repeat":"repeat","background-position":"center center","background-size":"auto","background-attachment":"scroll","background-type":"","background-media":"","overlay-type":"","overlay-color":"","overlay-opacity":"","overlay-gradient":""},"mobile":{"background-color":"var(--ast-global-color-5)","background-image":"","background-repeat":"repeat","background-position":"center center","background-size":"auto","background-attachment":"scroll","background-type":"","background-media":"","overlay-type":"","overlay-color":"","overlay-opacity":"","overlay-gradient":""}},"footnotes":""},"categories":[4],"tags":[78,79],"class_list":["post-802","post","type-post","status-publish","format-standard","has-post-thumbnail","hentry","category-portada","tag-benvinguts","tag-comunicat-families"],"post_mailing_queue_ids":[],"_links":{"self":[{"href":"https:\/\/agora.xtec.cat\/escgaspardeportola\/wp-json\/wp\/v2\/posts\/802","targetHints":{"allow":["GET"]}}],"collection":[{"href":"https:\/\/agora.xtec.cat\/escgaspardeportola\/wp-json\/wp\/v2\/posts"}],"about":[{"href":"https:\/\/agora.xtec.cat\/escgaspardeportola\/wp-json\/wp\/v2\/types\/post"}],"author":[{"embeddable":true,"href":"https:\/\/agora.xtec.cat\/escgaspardeportola\/wp-json\/wp\/v2\/users\/1"}],"replies":[{"embeddable":true,"href":"https:\/\/agora.xtec.cat\/escgaspardeportola\/wp-json\/wp\/v2\/comments?post=802"}],"version-history":[{"count":1,"href":"https:\/\/agora.xtec.cat\/escgaspardeportola\/wp-json\/wp\/v2\/posts\/802\/revisions"}],"predecessor-version":[{"id":804,"href":"https:\/\/agora.xtec.cat\/escgaspardeportola\/wp-json\/wp\/v2\/posts\/802\/revisions\/804"}],"wp:featuredmedia":[{"embeddable":true,"href":"https:\/\/agora.xtec.cat\/escgaspardeportola\/wp-json\/wp\/v2\/media\/803"}],"wp:attachment":[{"href":"https:\/\/agora.xtec.cat\/escgaspardeportola\/wp-json\/wp\/v2\/media?parent=802"}],"wp:term":[{"taxonomy":"category","embeddable":true,"href":"https:\/\/agora.xtec.cat\/escgaspardeportola\/wp-json\/wp\/v2\/categories?post=802"},{"taxonomy":"post_tag","embeddable":true,"href":"https:\/\/agora.xtec.cat\/escgaspardeportola\/wp-json\/wp\/v2\/tags?post=802"}],"curies":[{"name":"wp","href":"https:\/\/api.w.org\/{rel}","templated":true}]}}