{"id":7948,"date":"2023-02-10T15:03:10","date_gmt":"2023-02-10T14:03:10","guid":{"rendered":"https:\/\/agora.xtec.cat\/escgaspardeportola\/?p=7948"},"modified":"2023-02-10T15:03:10","modified_gmt":"2023-02-10T14:03:10","slug":"plantem-un-arbre","status":"publish","type":"post","link":"https:\/\/agora.xtec.cat\/escgaspardeportola\/ciclemitja\/plantem-un-arbre\/","title":{"rendered":"Plantem un arbre!"},"content":{"rendered":"<p><img loading=\"lazy\" decoding=\"async\" class=\"size-full wp-image-7949 alignleft\" src=\"https:\/\/agora.xtec.cat\/escgaspardeportola\/wp-content\/uploads\/usu555\/2023\/02\/plantada.jpg\" alt=\"\" width=\"336\" height=\"448\" srcset=\"https:\/\/agora.xtec.cat\/escgaspardeportola\/wp-content\/uploads\/usu555\/2023\/02\/plantada.jpg 336w, https:\/\/agora.xtec.cat\/escgaspardeportola\/wp-content\/uploads\/usu555\/2023\/02\/plantada-225x300.jpg 225w\" sizes=\"auto, (max-width: 336px) 100vw, 336px\" \/>El passat dilluns dia 6 de febrer i dins del projecte: &#8220;Reforestem els espais naturals de Balaguer&#8221;, l&#8217;alumnat de 4t de prim\u00e0ria va anar a plantar un arbre prop de Les Franqueses.<\/p>\n<p>L&#8217;objectiu d&#8217;aquesta activitat \u00e9s promoure un canvi d&#8217;actituds i comportaments fomentant actuacions que permetin una conservaci\u00f3 i millora del medi ambient a la nostra ciutat. Donar a con\u00e8ixer el patrimoni natural i la vegetaci\u00f3 aut\u00f2ctona de la zona i de promoure entre els escolars actituds d\u2019estima i cura del medi ambient i del patrimoni cultural. Es va realitzar un joc de pistes per tal de con\u00e8ixer l\u2019entorn de Santa Maria de les Franqueses.\u00a0 \u00a0Aqu\u00ed teniu enlla\u00e7os de l&#8217;activitat:<\/p>\n<p><span style=\"color: #0000ff\"><strong><a style=\"color: #0000ff\" href=\"https:\/\/www.balaguer.tv\/en-marxa-un-any-mes-el-projecte-reforestem-els-espais-naturals-de-balaguer\/\">\u00a0Balaguer TV<\/a>\u00a0 \u00a0<\/strong><\/span><\/p>\n<p><span style=\"color: #0000ff\"><strong>\u00a0<a style=\"color: #0000ff\" href=\"https:\/\/www.instagram.com\/p\/CoZLmQjopAM\/\">\u00c0rea d&#8217;educaci\u00f3 de la Paeria (instagram)\u00a0 \u00a0 \u00a0 \u00a0 \u00a0<\/a><\/strong><\/span><span style=\"color: #0000ff\"><strong><a style=\"color: #0000ff\" href=\"https:\/\/drive.google.com\/drive\/folders\/1DXnvKzQPY6wQipWiaBi8z0wwdPaLqqJf?usp=sharing\">\u00a0 <\/a><\/strong><\/span><\/p>\n<p><span style=\"color: #0000ff\"><strong><a style=\"color: #0000ff\" href=\"https:\/\/drive.google.com\/drive\/folders\/1DXnvKzQPY6wQipWiaBi8z0wwdPaLqqJf?usp=sharing\">Fotos de l&#8217;activitat<\/a><\/strong><\/span><\/p>\n<p>&nbsp;<\/p>\n","protected":false},"excerpt":{"rendered":"<p>El passat dilluns dia 6 de febrer i dins del projecte: &#8220;Reforestem els espais naturals de Balaguer&#8221;, l&#8217;alumnat de 4t de prim\u00e0ria va anar a plantar un arbre prop de Les Franqueses. L&#8217;objectiu d&#8217;aquesta activitat \u00e9s promoure un canvi d&#8217;actituds i comportaments fomentant actuacions que permetin una conservaci\u00f3 i millora del medi ambient a la [&hellip;]<\/p>\n","protected":false},"author":12,"featured_media":0,"comment_status":"open","ping_status":"closed","sticky":false,"template":"","format":"standard","meta":{"_bbp_topic_count":0,"_bbp_reply_count":0,"_bbp_total_topic_count":0,"_bbp_total_reply_count":0,"_bbp_voice_count":0,"_bbp_anonymous_reply_count":0,"_bbp_topic_count_hidden":0,"_bbp_reply_count_hidden":0,"_bbp_forum_subforum_count":0,"site-sidebar-layout":"default","site-content-layout":"","ast-site-content-layout":"","site-content-style":"default","site-sidebar-style":"default","ast-global-header-display":"","ast-banner-title-visibility":"","ast-main-header-display":"","ast-hfb-above-header-display":"","ast-hfb-below-header-display":"","ast-hfb-mobile-header-display":"","site-post-title":"","ast-breadcrumbs-content":"","ast-featured-img":"","footer-sml-layout":"","theme-transparent-header-meta":"","adv-header-id-meta":"","stick-header-meta":"","header-above-stick-meta":"","header-main-stick-meta":"","header-below-stick-meta":"","astra-migrate-meta-layouts":"default","ast-page-background-enabled":"default","ast-page-background-meta":{"desktop":{"background-color":"var(--ast-global-color-4)","background-image":"","background-repeat":"repeat","background-position":"center center","background-size":"auto","background-attachment":"scroll","background-type":"","background-media":"","overlay-type":"","overlay-color":"","overlay-opacity":"","overlay-gradient":""},"tablet":{"background-color":"","background-image":"","background-repeat":"repeat","background-position":"center center","background-size":"auto","background-attachment":"scroll","background-type":"","background-media":"","overlay-type":"","overlay-color":"","overlay-opacity":"","overlay-gradient":""},"mobile":{"background-color":"","background-image":"","background-repeat":"repeat","background-position":"center center","background-size":"auto","background-attachment":"scroll","background-type":"","background-media":"","overlay-type":"","overlay-color":"","overlay-opacity":"","overlay-gradient":""}},"ast-content-background-meta":{"desktop":{"background-color":"var(--ast-global-color-5)","background-image":"","background-repeat":"repeat","background-position":"center center","background-size":"auto","background-attachment":"scroll","background-type":"","background-media":"","overlay-type":"","overlay-color":"","overlay-opacity":"","overlay-gradient":""},"tablet":{"background-color":"var(--ast-global-color-5)","background-image":"","background-repeat":"repeat","background-position":"center center","background-size":"auto","background-attachment":"scroll","background-type":"","background-media":"","overlay-type":"","overlay-color":"","overlay-opacity":"","overlay-gradient":""},"mobile":{"background-color":"var(--ast-global-color-5)","background-image":"","background-repeat":"repeat","background-position":"center center","background-size":"auto","background-attachment":"scroll","background-type":"","background-media":"","overlay-type":"","overlay-color":"","overlay-opacity":"","overlay-gradient":""}},"footnotes":""},"categories":[60],"tags":[61,372,100],"class_list":["post-7948","post","type-post","status-publish","format-standard","hentry","category-ciclemitja","tag-cicle-mitja","tag-plantada-arbres","tag-quart"],"post_mailing_queue_ids":[],"_links":{"self":[{"href":"https:\/\/agora.xtec.cat\/escgaspardeportola\/wp-json\/wp\/v2\/posts\/7948","targetHints":{"allow":["GET"]}}],"collection":[{"href":"https:\/\/agora.xtec.cat\/escgaspardeportola\/wp-json\/wp\/v2\/posts"}],"about":[{"href":"https:\/\/agora.xtec.cat\/escgaspardeportola\/wp-json\/wp\/v2\/types\/post"}],"author":[{"embeddable":true,"href":"https:\/\/agora.xtec.cat\/escgaspardeportola\/wp-json\/wp\/v2\/users\/12"}],"replies":[{"embeddable":true,"href":"https:\/\/agora.xtec.cat\/escgaspardeportola\/wp-json\/wp\/v2\/comments?post=7948"}],"version-history":[{"count":2,"href":"https:\/\/agora.xtec.cat\/escgaspardeportola\/wp-json\/wp\/v2\/posts\/7948\/revisions"}],"predecessor-version":[{"id":7951,"href":"https:\/\/agora.xtec.cat\/escgaspardeportola\/wp-json\/wp\/v2\/posts\/7948\/revisions\/7951"}],"wp:attachment":[{"href":"https:\/\/agora.xtec.cat\/escgaspardeportola\/wp-json\/wp\/v2\/media?parent=7948"}],"wp:term":[{"taxonomy":"category","embeddable":true,"href":"https:\/\/agora.xtec.cat\/escgaspardeportola\/wp-json\/wp\/v2\/categories?post=7948"},{"taxonomy":"post_tag","embeddable":true,"href":"https:\/\/agora.xtec.cat\/escgaspardeportola\/wp-json\/wp\/v2\/tags?post=7948"}],"curies":[{"name":"wp","href":"https:\/\/api.w.org\/{rel}","templated":true}]}}