{"id":7880,"date":"2023-02-02T09:58:53","date_gmt":"2023-02-02T08:58:53","guid":{"rendered":"https:\/\/agora.xtec.cat\/escgaspardeportola\/?p=7880"},"modified":"2023-02-02T09:58:53","modified_gmt":"2023-02-02T08:58:53","slug":"denip-dia-escolar-de-la-no-violencia-i-la-pau","status":"publish","type":"post","link":"https:\/\/agora.xtec.cat\/escgaspardeportola\/cicle-superior\/denip-dia-escolar-de-la-no-violencia-i-la-pau\/","title":{"rendered":"DENIP: Dia Escolar de la No Viol\u00e8ncia i la Pau"},"content":{"rendered":"<p style=\"text-align: justify;\"><span style=\"font-weight: 400;\"><img loading=\"lazy\" decoding=\"async\" class=\"size-thumbnail wp-image-7882 aligncenter\" src=\"https:\/\/agora.xtec.cat\/escgaspardeportola\/wp-content\/uploads\/usu555\/2023\/02\/Comunicacio-DENIP-300x177.png\" alt=\"\" width=\"300\" height=\"177\" srcset=\"https:\/\/agora.xtec.cat\/escgaspardeportola\/wp-content\/uploads\/usu555\/2023\/02\/Comunicacio-DENIP-300x177.png 300w, https:\/\/agora.xtec.cat\/escgaspardeportola\/wp-content\/uploads\/usu555\/2023\/02\/Comunicacio-DENIP-1024x605.png 1024w, https:\/\/agora.xtec.cat\/escgaspardeportola\/wp-content\/uploads\/usu555\/2023\/02\/Comunicacio-DENIP-768x454.png 768w, https:\/\/agora.xtec.cat\/escgaspardeportola\/wp-content\/uploads\/usu555\/2023\/02\/Comunicacio-DENIP.png 1059w\" sizes=\"auto, (max-width: 300px) 100vw, 300px\" \/><\/span><\/p>\n<p style=\"text-align: justify;\"><span style=\"font-weight: 400;\">El passat dilluns 30 de gener de 2023 vam celebrar a l&#8217;Escola Gaspar de Portol\u00e0 el <\/span><b>DENIP<\/b><span style=\"font-weight: 400;\">. Despr\u00e9s d&#8217;explicar-nos el significat de l&#8217;acr\u00f2nim DENIP (Dia Escolar de la No Viol\u00e8ncia i la Pau), vam <\/span><span style=\"font-weight: 400;\">comen\u00e7ar la din\u00e0mica portada a terme amb nosaltres, els alumnes del cicle superior.<\/span><\/p>\n<p style=\"text-align: justify;\"><span style=\"font-weight: 400;\">Aquesta din\u00e0mica ens va explicar el significat de \u201ccomunicaci\u00f3 violenta\u201d i \u201ccomunicaci\u00f3 no violenta\u201d.\u00a0<\/span><\/p>\n<p style=\"text-align: justify;\"><b>Comunicaci\u00f3 violenta: <\/b>S<span style=\"font-weight: 400;\">obre aquest tema ens van posar d\u2019exemple la foto d\u2019un xacal. D&#8217;aquest animal ens van dir, que, si \u00e9s necessari, es menja a un altre animal sense pensar-ho.\u00a0<\/span><span style=\"font-weight: 400;\">Tot seguit, a la pissarra, ens van posar diferents situacions de comunicaci\u00f3 violenta com: amenaces, ordres, comparaci\u00f3, sarcasme, advert\u00e8ncies.<\/span><\/p>\n<p style=\"text-align: justify;\"><span style=\"font-weight: 400;\">Al costat de les situacions, ens van posar unes frases en les\u00a0 que s&#8217;utilitza la comunicaci\u00f3 violenta, hi podia posar: Ets un desastre!, recull l\u2019habitaci\u00f3\u2026 I ens van fer una activitat en la que nosaltres hav\u00edem de relacionar les frases amb una de les diferents situacions.<\/span><\/p>\n<p style=\"text-align: justify;\"><b>Comunicaci\u00f3 NO violenta: <\/b><span style=\"font-weight: 400;\">Sobre aquest tema, ens van posar d\u2019exemple la foto d\u2019una girafa, i ens van dir que tenia un cor molt gran. <\/span><span style=\"font-weight: 400;\">A la pissarra, tamb\u00e9 ens van posar situacions de comunicaci\u00f3 NO violenta: Expressi\u00f3 estrat\u00e8gica (que vol dir expressar el que veus sense jutjar), Expressi\u00f3 d\u2019emocions no culpabilitzadora (que \u00e9s expressar les emocions sense fer valoraci\u00f3); tamb\u00e9 ens van explicar coses sobre l\u2019expressi\u00f3 de la necessitat i per \u00faltim la petici\u00f3 de connexi\u00f3 que \u00e9s fer una petici\u00f3, no una exig\u00e8ncia.<\/span><\/p>\n<p style=\"text-align: justify;\"><span style=\"font-weight: 400;\">Al costat tamb\u00e9 ens van penjar algunes frases, per exemple, \u201cveig les sabates al passad\u00eds i em sento enfadat, necessito col\u00b7laboraci\u00f3 i ordre\u201d, i per \u00faltim, \u201cet va b\u00e9 que parlem d\u2019aquesta situaci\u00f3?\u201d&#8230; <\/span><span style=\"font-weight: 400;\">Despr\u00e9s tamb\u00e9 ens van fer la mateixa activitat. Hav\u00edem de relacionar les frases amb les situacions.<\/span><\/p>\n<p style=\"text-align: justify;\"><span style=\"font-weight: 400;\">En una segona sessi\u00f3, vam comen\u00e7ar a fer activitats sobre el tema. <\/span><span style=\"font-weight: 400;\">Vam pintar les lletres amb les que formem les paraules \u201cCOMUNICACI\u00d3\u201d \/ \u201cNO-VIOLENTA\u201d\/ \u201cVIOLENTA\u201d per enganxar-les al mural.<\/span><\/p>\n<p style=\"text-align: justify;\"><span style=\"font-weight: 400;\">Despr\u00e9s vam agafar els Chromebooks i, per parelles o individualment,\u00a0 vam escriure un exemple d\u2019una situaci\u00f3 de <\/span><span style=\"font-weight: 400;\">comunicaci\u00f3 violenta<\/span><span style=\"font-weight: 400;\"> i despr\u00e9s la vam modificar perqu\u00e8 fos una situaci\u00f3 de <\/span><span style=\"font-weight: 400;\">comunicaci\u00f3 no violenta.<\/span><\/p>\n<p style=\"text-align: justify;\"><span style=\"font-weight: 400;\">Finalment, les vam imprimir i les vam separar segons fossin situacions de <\/span><span style=\"font-weight: 400;\">comunicaci\u00f3 violenta<\/span><span style=\"font-weight: 400;\"> o <\/span><span style=\"font-weight: 400;\">comunicaci\u00f3 no violenta<\/span><span style=\"font-weight: 400;\"> i en vam fer un <\/span><span style=\"font-weight: 400;\">mural que podem veure als porxos de l&#8217;Escola.<\/span><\/p>\n<p style=\"text-align: justify;\">Us en deixem algunes <a href=\"https:\/\/photos.app.goo.gl\/wW95UrrtT2MJseUz6\">imatges<\/a> per a que pugueu veure&#8217;n el resultat.<\/p>\n","protected":false},"excerpt":{"rendered":"<p>El passat dilluns 30 de gener de 2023 vam celebrar a l&#8217;Escola Gaspar de Portol\u00e0 el DENIP. Despr\u00e9s d&#8217;explicar-nos el significat de l&#8217;acr\u00f2nim DENIP (Dia Escolar de la No Viol\u00e8ncia i la Pau), vam comen\u00e7ar la din\u00e0mica portada a terme amb nosaltres, els alumnes del cicle superior. Aquesta din\u00e0mica ens va explicar el significat de [&hellip;]<\/p>\n","protected":false},"author":24,"featured_media":0,"comment_status":"closed","ping_status":"closed","sticky":false,"template":"","format":"standard","meta":{"_bbp_topic_count":0,"_bbp_reply_count":0,"_bbp_total_topic_count":0,"_bbp_total_reply_count":0,"_bbp_voice_count":0,"_bbp_anonymous_reply_count":0,"_bbp_topic_count_hidden":0,"_bbp_reply_count_hidden":0,"_bbp_forum_subforum_count":0,"site-sidebar-layout":"default","site-content-layout":"","ast-site-content-layout":"","site-content-style":"default","site-sidebar-style":"default","ast-global-header-display":"","ast-banner-title-visibility":"","ast-main-header-display":"","ast-hfb-above-header-display":"","ast-hfb-below-header-display":"","ast-hfb-mobile-header-display":"","site-post-title":"","ast-breadcrumbs-content":"","ast-featured-img":"","footer-sml-layout":"","theme-transparent-header-meta":"","adv-header-id-meta":"","stick-header-meta":"","header-above-stick-meta":"","header-main-stick-meta":"","header-below-stick-meta":"","astra-migrate-meta-layouts":"default","ast-page-background-enabled":"default","ast-page-background-meta":{"desktop":{"background-color":"var(--ast-global-color-4)","background-image":"","background-repeat":"repeat","background-position":"center center","background-size":"auto","background-attachment":"scroll","background-type":"","background-media":"","overlay-type":"","overlay-color":"","overlay-opacity":"","overlay-gradient":""},"tablet":{"background-color":"","background-image":"","background-repeat":"repeat","background-position":"center center","background-size":"auto","background-attachment":"scroll","background-type":"","background-media":"","overlay-type":"","overlay-color":"","overlay-opacity":"","overlay-gradient":""},"mobile":{"background-color":"","background-image":"","background-repeat":"repeat","background-position":"center center","background-size":"auto","background-attachment":"scroll","background-type":"","background-media":"","overlay-type":"","overlay-color":"","overlay-opacity":"","overlay-gradient":""}},"ast-content-background-meta":{"desktop":{"background-color":"var(--ast-global-color-5)","background-image":"","background-repeat":"repeat","background-position":"center center","background-size":"auto","background-attachment":"scroll","background-type":"","background-media":"","overlay-type":"","overlay-color":"","overlay-opacity":"","overlay-gradient":""},"tablet":{"background-color":"var(--ast-global-color-5)","background-image":"","background-repeat":"repeat","background-position":"center center","background-size":"auto","background-attachment":"scroll","background-type":"","background-media":"","overlay-type":"","overlay-color":"","overlay-opacity":"","overlay-gradient":""},"mobile":{"background-color":"var(--ast-global-color-5)","background-image":"","background-repeat":"repeat","background-position":"center center","background-size":"auto","background-attachment":"scroll","background-type":"","background-media":"","overlay-type":"","overlay-color":"","overlay-opacity":"","overlay-gradient":""}},"footnotes":""},"categories":[290,347],"tags":[],"class_list":["post-7880","post","type-post","status-publish","format-standard","hentry","category-cicle-superior","category-revista"],"post_mailing_queue_ids":[],"_links":{"self":[{"href":"https:\/\/agora.xtec.cat\/escgaspardeportola\/wp-json\/wp\/v2\/posts\/7880","targetHints":{"allow":["GET"]}}],"collection":[{"href":"https:\/\/agora.xtec.cat\/escgaspardeportola\/wp-json\/wp\/v2\/posts"}],"about":[{"href":"https:\/\/agora.xtec.cat\/escgaspardeportola\/wp-json\/wp\/v2\/types\/post"}],"author":[{"embeddable":true,"href":"https:\/\/agora.xtec.cat\/escgaspardeportola\/wp-json\/wp\/v2\/users\/24"}],"replies":[{"embeddable":true,"href":"https:\/\/agora.xtec.cat\/escgaspardeportola\/wp-json\/wp\/v2\/comments?post=7880"}],"version-history":[{"count":3,"href":"https:\/\/agora.xtec.cat\/escgaspardeportola\/wp-json\/wp\/v2\/posts\/7880\/revisions"}],"predecessor-version":[{"id":7885,"href":"https:\/\/agora.xtec.cat\/escgaspardeportola\/wp-json\/wp\/v2\/posts\/7880\/revisions\/7885"}],"wp:attachment":[{"href":"https:\/\/agora.xtec.cat\/escgaspardeportola\/wp-json\/wp\/v2\/media?parent=7880"}],"wp:term":[{"taxonomy":"category","embeddable":true,"href":"https:\/\/agora.xtec.cat\/escgaspardeportola\/wp-json\/wp\/v2\/categories?post=7880"},{"taxonomy":"post_tag","embeddable":true,"href":"https:\/\/agora.xtec.cat\/escgaspardeportola\/wp-json\/wp\/v2\/tags?post=7880"}],"curies":[{"name":"wp","href":"https:\/\/api.w.org\/{rel}","templated":true}]}}