{"id":7702,"date":"2022-12-12T21:25:19","date_gmt":"2022-12-12T20:25:19","guid":{"rendered":"https:\/\/agora.xtec.cat\/escgaspardeportola\/?p=7702"},"modified":"2022-12-12T21:59:17","modified_gmt":"2022-12-12T20:59:17","slug":"i5-visita-grues-minguella","status":"publish","type":"post","link":"https:\/\/agora.xtec.cat\/escgaspardeportola\/educacioinfantil\/i5-visita-grues-minguella\/","title":{"rendered":"I5 Visita Grues Minguella"},"content":{"rendered":"<p>Hola fam\u00edlies,<\/p>\n<p>aquest passat dimecres, les nenes i els nens d\u2019I5 vam fer una visita a les instal\u00b7lacions de Grues Minguella. Quan vam arribar, ens estaven esperant amb una xocolata desfeta i una coca bon\u00edssima. Vam poder agafar forces per comen\u00e7ar la nostra visita.<\/p>\n<p>En Tom\u00e0s Minguella i en Jordi Larrosa, ens van fer una petita introducci\u00f3 de quins van ser els seus inicis i l\u2019evoluci\u00f3 de les seves grues.<\/p>\n<p>Acte seguit, vam anar veient amb els gruistes i mec\u00e0nics de l\u2019empresa els diferents tipus de grues que tenen. Ens van ensenyar com funcionaven, quines tasques realitzen i quantes tones poden aixecar, ens van desplegar les grues i fins i tot ens van deixar pujar. Ens ho vam passar d\u2019all\u00f2 m\u00e9s b\u00e9!<\/p>\n<p>Quan va arribar l\u2019hora de dinar, ens havien preparat un semiremolc d\u2019un cami\u00f3 amb unes fustes, per poder seure i dinar m\u00e9s c\u00f2modes. Va ser tot una aventura!<\/p>\n<p>I per finalitzar l\u2019estada, en Jordi, ens va ensenyar un petit bosc que tenen i va aprofitar per explicar-nos un conte molt bonic.<\/p>\n<p>A l\u2019hora de marxar cap a l\u2019escola, ens van obsequiar amb un regle i un bol\u00edgraf de l\u2019empresa i una maqueta de la grua autopropulsada, de Grues Minguella.<\/p>\n<p>Volem agrair de tot cor, a Grues Minguella, la seva dedicaci\u00f3 envers els infants i per haver cuidat cada detall de la nostra estada. MOLTES GR\u00c0CIES!<\/p>\n<p>&nbsp;<\/p>\n<p><a href=\"https:\/\/photos.app.goo.gl\/6cio6YyvQ5JkTZty5\">Us deixem un recull d\u2019imatges per a que pugueu observar com van gaudir.<\/a><\/p>\n","protected":false},"excerpt":{"rendered":"<p>Hola fam\u00edlies, aquest passat dimecres, les nenes i els nens d\u2019I5 vam fer una visita a les instal\u00b7lacions de Grues Minguella. Quan vam arribar, ens estaven esperant amb una xocolata desfeta i una coca bon\u00edssima. Vam poder agafar forces per comen\u00e7ar la nostra visita. En Tom\u00e0s Minguella i en Jordi Larrosa, ens van fer una [&hellip;]<\/p>\n","protected":false},"author":33,"featured_media":0,"comment_status":"closed","ping_status":"closed","sticky":false,"template":"","format":"standard","meta":{"_bbp_topic_count":0,"_bbp_reply_count":0,"_bbp_total_topic_count":0,"_bbp_total_reply_count":0,"_bbp_voice_count":0,"_bbp_anonymous_reply_count":0,"_bbp_topic_count_hidden":0,"_bbp_reply_count_hidden":0,"_bbp_forum_subforum_count":0,"site-sidebar-layout":"default","site-content-layout":"","ast-site-content-layout":"","site-content-style":"default","site-sidebar-style":"default","ast-global-header-display":"","ast-banner-title-visibility":"","ast-main-header-display":"","ast-hfb-above-header-display":"","ast-hfb-below-header-display":"","ast-hfb-mobile-header-display":"","site-post-title":"","ast-breadcrumbs-content":"","ast-featured-img":"","footer-sml-layout":"","theme-transparent-header-meta":"","adv-header-id-meta":"","stick-header-meta":"","header-above-stick-meta":"","header-main-stick-meta":"","header-below-stick-meta":"","astra-migrate-meta-layouts":"default","ast-page-background-enabled":"default","ast-page-background-meta":{"desktop":{"background-color":"var(--ast-global-color-4)","background-image":"","background-repeat":"repeat","background-position":"center center","background-size":"auto","background-attachment":"scroll","background-type":"","background-media":"","overlay-type":"","overlay-color":"","overlay-opacity":"","overlay-gradient":""},"tablet":{"background-color":"","background-image":"","background-repeat":"repeat","background-position":"center center","background-size":"auto","background-attachment":"scroll","background-type":"","background-media":"","overlay-type":"","overlay-color":"","overlay-opacity":"","overlay-gradient":""},"mobile":{"background-color":"","background-image":"","background-repeat":"repeat","background-position":"center center","background-size":"auto","background-attachment":"scroll","background-type":"","background-media":"","overlay-type":"","overlay-color":"","overlay-opacity":"","overlay-gradient":""}},"ast-content-background-meta":{"desktop":{"background-color":"var(--ast-global-color-5)","background-image":"","background-repeat":"repeat","background-position":"center center","background-size":"auto","background-attachment":"scroll","background-type":"","background-media":"","overlay-type":"","overlay-color":"","overlay-opacity":"","overlay-gradient":""},"tablet":{"background-color":"var(--ast-global-color-5)","background-image":"","background-repeat":"repeat","background-position":"center center","background-size":"auto","background-attachment":"scroll","background-type":"","background-media":"","overlay-type":"","overlay-color":"","overlay-opacity":"","overlay-gradient":""},"mobile":{"background-color":"var(--ast-global-color-5)","background-image":"","background-repeat":"repeat","background-position":"center center","background-size":"auto","background-attachment":"scroll","background-type":"","background-media":"","overlay-type":"","overlay-color":"","overlay-opacity":"","overlay-gradient":""}},"footnotes":""},"categories":[64],"tags":[198],"class_list":["post-7702","post","type-post","status-publish","format-standard","hentry","category-educacioinfantil","tag-educacio-infantil"],"post_mailing_queue_ids":[],"_links":{"self":[{"href":"https:\/\/agora.xtec.cat\/escgaspardeportola\/wp-json\/wp\/v2\/posts\/7702","targetHints":{"allow":["GET"]}}],"collection":[{"href":"https:\/\/agora.xtec.cat\/escgaspardeportola\/wp-json\/wp\/v2\/posts"}],"about":[{"href":"https:\/\/agora.xtec.cat\/escgaspardeportola\/wp-json\/wp\/v2\/types\/post"}],"author":[{"embeddable":true,"href":"https:\/\/agora.xtec.cat\/escgaspardeportola\/wp-json\/wp\/v2\/users\/33"}],"replies":[{"embeddable":true,"href":"https:\/\/agora.xtec.cat\/escgaspardeportola\/wp-json\/wp\/v2\/comments?post=7702"}],"version-history":[{"count":2,"href":"https:\/\/agora.xtec.cat\/escgaspardeportola\/wp-json\/wp\/v2\/posts\/7702\/revisions"}],"predecessor-version":[{"id":7704,"href":"https:\/\/agora.xtec.cat\/escgaspardeportola\/wp-json\/wp\/v2\/posts\/7702\/revisions\/7704"}],"wp:attachment":[{"href":"https:\/\/agora.xtec.cat\/escgaspardeportola\/wp-json\/wp\/v2\/media?parent=7702"}],"wp:term":[{"taxonomy":"category","embeddable":true,"href":"https:\/\/agora.xtec.cat\/escgaspardeportola\/wp-json\/wp\/v2\/categories?post=7702"},{"taxonomy":"post_tag","embeddable":true,"href":"https:\/\/agora.xtec.cat\/escgaspardeportola\/wp-json\/wp\/v2\/tags?post=7702"}],"curies":[{"name":"wp","href":"https:\/\/api.w.org\/{rel}","templated":true}]}}