{"id":7692,"date":"2022-12-20T09:26:11","date_gmt":"2022-12-20T08:26:11","guid":{"rendered":"https:\/\/agora.xtec.cat\/escgaspardeportola\/?p=7692"},"modified":"2022-12-20T09:26:11","modified_gmt":"2022-12-20T08:26:11","slug":"tercer-recita-poesies-als-infants-di4","status":"publish","type":"post","link":"https:\/\/agora.xtec.cat\/escgaspardeportola\/ciclemitja\/tercer-recita-poesies-als-infants-di4\/","title":{"rendered":"TERCER RECITA POESIES ALS INFANTS D&#8217;I4"},"content":{"rendered":"<p><img loading=\"lazy\" decoding=\"async\" class=\"size-full wp-image-7693 aligncenter\" src=\"https:\/\/agora.xtec.cat\/escgaspardeportola\/wp-content\/uploads\/usu555\/2022\/12\/12a80537-4594-4b4b-9cfe-2cfa0c7529fb.jpg\" alt=\"\" width=\"448\" height=\"336\" srcset=\"https:\/\/agora.xtec.cat\/escgaspardeportola\/wp-content\/uploads\/usu555\/2022\/12\/12a80537-4594-4b4b-9cfe-2cfa0c7529fb.jpg 448w, https:\/\/agora.xtec.cat\/escgaspardeportola\/wp-content\/uploads\/usu555\/2022\/12\/12a80537-4594-4b4b-9cfe-2cfa0c7529fb-300x225.jpg 300w, https:\/\/agora.xtec.cat\/escgaspardeportola\/wp-content\/uploads\/usu555\/2022\/12\/12a80537-4594-4b4b-9cfe-2cfa0c7529fb-200x150.jpg 200w\" sizes=\"auto, (max-width: 448px) 100vw, 448px\" \/><\/p>\n<p>Al llarg d&#8217;aquest primer trimestre de curs, per tal de treballar l&#8217;expressi\u00f3 oral, els nens i nenes de tercer han recitat, en petits grups, diversos poemes en catal\u00e0, castell\u00e0 i angl\u00e8s a l&#8217;alumnat d&#8217;I4. Cada setmana han pogut recitar-ne un de diferent.<\/p>\n<p>Primer, es va comen\u00e7ar amb la realitzaci\u00f3 dels murals corresponents; despr\u00e9s, es va passar a fer l&#8217;assaig dels poemes, pensant tamb\u00e9 de quins gestos els podiem acompanyar, quines preguntes podiem fer als petits un cop finalitzats, i quina vestimenta podiem portar; per \u00faltim, un cop recitat el poema, els nens i nenes explicaven la seva experi\u00e8ncia a la resta de la classe.<\/p>\n<p>De cara al segon trimestre seguirem recitant m\u00e9s poesies, encarant-les, per\u00f2, a la tem\u00e0tica del projecte d&#8217;escola d&#8217;aquest any, l&#8217;espai, per tal d&#8217;anar assajant, aix\u00ed, el teatre que es dur\u00e0 a terme a final de curs i que forma part del projecte Gaspart School.<\/p>\n<p>Podeu veure un recull d&#8217;imatges <a href=\"https:\/\/drive.google.com\/drive\/folders\/1-XffecaQ5w2k9-n5KPashTNN1OomZu4I\">aqu\u00ed<\/a>.<\/p>\n","protected":false},"excerpt":{"rendered":"<p>Al llarg d&#8217;aquest primer trimestre de curs, per tal de treballar l&#8217;expressi\u00f3 oral, els nens i nenes de tercer han recitat, en petits grups, diversos poemes en catal\u00e0, castell\u00e0 i angl\u00e8s a l&#8217;alumnat d&#8217;I4. Cada setmana han pogut recitar-ne un de diferent. Primer, es va comen\u00e7ar amb la realitzaci\u00f3 dels murals corresponents; despr\u00e9s, es va [&hellip;]<\/p>\n","protected":false},"author":47,"featured_media":0,"comment_status":"open","ping_status":"closed","sticky":false,"template":"","format":"standard","meta":{"_bbp_topic_count":0,"_bbp_reply_count":0,"_bbp_total_topic_count":0,"_bbp_total_reply_count":0,"_bbp_voice_count":0,"_bbp_anonymous_reply_count":0,"_bbp_topic_count_hidden":0,"_bbp_reply_count_hidden":0,"_bbp_forum_subforum_count":0,"site-sidebar-layout":"default","site-content-layout":"","ast-site-content-layout":"","site-content-style":"default","site-sidebar-style":"default","ast-global-header-display":"","ast-banner-title-visibility":"","ast-main-header-display":"","ast-hfb-above-header-display":"","ast-hfb-below-header-display":"","ast-hfb-mobile-header-display":"","site-post-title":"","ast-breadcrumbs-content":"","ast-featured-img":"","footer-sml-layout":"","theme-transparent-header-meta":"","adv-header-id-meta":"","stick-header-meta":"","header-above-stick-meta":"","header-main-stick-meta":"","header-below-stick-meta":"","astra-migrate-meta-layouts":"default","ast-page-background-enabled":"default","ast-page-background-meta":{"desktop":{"background-color":"var(--ast-global-color-4)","background-image":"","background-repeat":"repeat","background-position":"center center","background-size":"auto","background-attachment":"scroll","background-type":"","background-media":"","overlay-type":"","overlay-color":"","overlay-opacity":"","overlay-gradient":""},"tablet":{"background-color":"","background-image":"","background-repeat":"repeat","background-position":"center center","background-size":"auto","background-attachment":"scroll","background-type":"","background-media":"","overlay-type":"","overlay-color":"","overlay-opacity":"","overlay-gradient":""},"mobile":{"background-color":"","background-image":"","background-repeat":"repeat","background-position":"center center","background-size":"auto","background-attachment":"scroll","background-type":"","background-media":"","overlay-type":"","overlay-color":"","overlay-opacity":"","overlay-gradient":""}},"ast-content-background-meta":{"desktop":{"background-color":"var(--ast-global-color-5)","background-image":"","background-repeat":"repeat","background-position":"center center","background-size":"auto","background-attachment":"scroll","background-type":"","background-media":"","overlay-type":"","overlay-color":"","overlay-opacity":"","overlay-gradient":""},"tablet":{"background-color":"var(--ast-global-color-5)","background-image":"","background-repeat":"repeat","background-position":"center center","background-size":"auto","background-attachment":"scroll","background-type":"","background-media":"","overlay-type":"","overlay-color":"","overlay-opacity":"","overlay-gradient":""},"mobile":{"background-color":"var(--ast-global-color-5)","background-image":"","background-repeat":"repeat","background-position":"center center","background-size":"auto","background-attachment":"scroll","background-type":"","background-media":"","overlay-type":"","overlay-color":"","overlay-opacity":"","overlay-gradient":""}},"footnotes":""},"categories":[60,64,321],"tags":[61,358,359,348,142,191],"class_list":["post-7692","post","type-post","status-publish","format-standard","hentry","category-ciclemitja","category-educacioinfantil","category-gaspartschool","tag-cicle-mitja","tag-expressio-oral","tag-i4","tag-poesies","tag-projecte","tag-tercer"],"post_mailing_queue_ids":[],"_links":{"self":[{"href":"https:\/\/agora.xtec.cat\/escgaspardeportola\/wp-json\/wp\/v2\/posts\/7692","targetHints":{"allow":["GET"]}}],"collection":[{"href":"https:\/\/agora.xtec.cat\/escgaspardeportola\/wp-json\/wp\/v2\/posts"}],"about":[{"href":"https:\/\/agora.xtec.cat\/escgaspardeportola\/wp-json\/wp\/v2\/types\/post"}],"author":[{"embeddable":true,"href":"https:\/\/agora.xtec.cat\/escgaspardeportola\/wp-json\/wp\/v2\/users\/47"}],"replies":[{"embeddable":true,"href":"https:\/\/agora.xtec.cat\/escgaspardeportola\/wp-json\/wp\/v2\/comments?post=7692"}],"version-history":[{"count":2,"href":"https:\/\/agora.xtec.cat\/escgaspardeportola\/wp-json\/wp\/v2\/posts\/7692\/revisions"}],"predecessor-version":[{"id":7695,"href":"https:\/\/agora.xtec.cat\/escgaspardeportola\/wp-json\/wp\/v2\/posts\/7692\/revisions\/7695"}],"wp:attachment":[{"href":"https:\/\/agora.xtec.cat\/escgaspardeportola\/wp-json\/wp\/v2\/media?parent=7692"}],"wp:term":[{"taxonomy":"category","embeddable":true,"href":"https:\/\/agora.xtec.cat\/escgaspardeportola\/wp-json\/wp\/v2\/categories?post=7692"},{"taxonomy":"post_tag","embeddable":true,"href":"https:\/\/agora.xtec.cat\/escgaspardeportola\/wp-json\/wp\/v2\/tags?post=7692"}],"curies":[{"name":"wp","href":"https:\/\/api.w.org\/{rel}","templated":true}]}}