{"id":7689,"date":"2022-12-20T09:26:41","date_gmt":"2022-12-20T08:26:41","guid":{"rendered":"https:\/\/agora.xtec.cat\/escgaspardeportola\/?p=7689"},"modified":"2022-12-20T09:26:41","modified_gmt":"2022-12-20T08:26:41","slug":"lalumnat-de-3er-finalitza-el-projecte-de-balaguer","status":"publish","type":"post","link":"https:\/\/agora.xtec.cat\/escgaspardeportola\/ciclemitja\/lalumnat-de-3er-finalitza-el-projecte-de-balaguer\/","title":{"rendered":"L&#8217;alumnat de 3er finalitza el projecte de Balaguer"},"content":{"rendered":"<p><img loading=\"lazy\" decoding=\"async\" class=\"alignnone size-full wp-image-7709 aligncenter\" src=\"https:\/\/agora.xtec.cat\/escgaspardeportola\/wp-content\/uploads\/usu555\/2022\/12\/20221115_121737.jpg\" alt=\"\" width=\"448\" height=\"336\" srcset=\"https:\/\/agora.xtec.cat\/escgaspardeportola\/wp-content\/uploads\/usu555\/2022\/12\/20221115_121737.jpg 448w, https:\/\/agora.xtec.cat\/escgaspardeportola\/wp-content\/uploads\/usu555\/2022\/12\/20221115_121737-300x225.jpg 300w, https:\/\/agora.xtec.cat\/escgaspardeportola\/wp-content\/uploads\/usu555\/2022\/12\/20221115_121737-200x150.jpg 200w\" sizes=\"auto, (max-width: 448px) 100vw, 448px\" \/><\/p>\n<p>Els nens i nenes de tercer just han acabat el segon i \u00faltim projecte de medi d&#8217;aquest primer trimestre.<\/p>\n<p>Al llarg d&#8217;aquest projecte l&#8217;alumnat ha pogut con\u00e8ixer una mica m\u00e9s la ciutat de Balaguer: ha descobert la seva hist\u00f2ria i els canvis que ha patit al llarg dels anys, els seus barris, els seus oficis, qu\u00e8 \u00e9s l&#8217;ajuntament, qui el forma i a qu\u00e8 es dediquen els que all\u00ed treballen.<\/p>\n<p>Part d&#8217;aquesta informaci\u00f3 que ara saben sobre la nostra ciutat l&#8217;han pogut obtenir gr\u00e0cies a l&#8217;entrevista que han realitzat al paer Jordi Ignasi Vidal, una entrevista amb preguntes molt interessants pensades per ells mateixos i que podeu trobar en aquest <a href=\"https:\/\/drive.google.com\/drive\/folders\/18cOl3WKHWmS5q5sblqw6TmSUzOWG1Txt\">enlla\u00e7<\/a>. Aquesta entrevista formava part del producte final del projecte, juntament amb el v\u00eddeo dels oficis que podeu veure tamb\u00e9 <a href=\"https:\/\/drive.google.com\/drive\/folders\/1cXOPh_n58miSIsFyfxPX1jhv5k2iTgKL\">aqu\u00ed<\/a> i que esperem us agradi tant com a ells els hi ha agradat fer-lo.<\/p>\n<p>Per acabar, moltes gr\u00e0cies a totes les fam\u00edlies que ens heu ajudat en la realitzaci\u00f3 d&#8217;aquest projecte mitjan\u00e7ant l&#8217;aportaci\u00f3 de llibres, imatges i altra informaci\u00f3.<\/p>\n<p>Cliqueu en aquest <a href=\"https:\/\/drive.google.com\/drive\/folders\/1-agUcPZuu-co5KM5cFag2Zj1ipgfiSo-\">enlla\u00e7<\/a> per veure les imatges.<\/p>\n<p>&nbsp;<\/p>\n<p>&nbsp;<\/p>\n","protected":false},"excerpt":{"rendered":"<p>Els nens i nenes de tercer just han acabat el segon i \u00faltim projecte de medi d&#8217;aquest primer trimestre. Al llarg d&#8217;aquest projecte l&#8217;alumnat ha pogut con\u00e8ixer una mica m\u00e9s la ciutat de Balaguer: ha descobert la seva hist\u00f2ria i els canvis que ha patit al llarg dels anys, els seus barris, els seus oficis, [&hellip;]<\/p>\n","protected":false},"author":47,"featured_media":0,"comment_status":"open","ping_status":"closed","sticky":false,"template":"","format":"standard","meta":{"_bbp_topic_count":0,"_bbp_reply_count":0,"_bbp_total_topic_count":0,"_bbp_total_reply_count":0,"_bbp_voice_count":0,"_bbp_anonymous_reply_count":0,"_bbp_topic_count_hidden":0,"_bbp_reply_count_hidden":0,"_bbp_forum_subforum_count":0,"site-sidebar-layout":"default","site-content-layout":"","ast-site-content-layout":"","site-content-style":"default","site-sidebar-style":"default","ast-global-header-display":"","ast-banner-title-visibility":"","ast-main-header-display":"","ast-hfb-above-header-display":"","ast-hfb-below-header-display":"","ast-hfb-mobile-header-display":"","site-post-title":"","ast-breadcrumbs-content":"","ast-featured-img":"","footer-sml-layout":"","theme-transparent-header-meta":"","adv-header-id-meta":"","stick-header-meta":"","header-above-stick-meta":"","header-main-stick-meta":"","header-below-stick-meta":"","astra-migrate-meta-layouts":"default","ast-page-background-enabled":"default","ast-page-background-meta":{"desktop":{"background-color":"var(--ast-global-color-4)","background-image":"","background-repeat":"repeat","background-position":"center center","background-size":"auto","background-attachment":"scroll","background-type":"","background-media":"","overlay-type":"","overlay-color":"","overlay-opacity":"","overlay-gradient":""},"tablet":{"background-color":"","background-image":"","background-repeat":"repeat","background-position":"center center","background-size":"auto","background-attachment":"scroll","background-type":"","background-media":"","overlay-type":"","overlay-color":"","overlay-opacity":"","overlay-gradient":""},"mobile":{"background-color":"","background-image":"","background-repeat":"repeat","background-position":"center center","background-size":"auto","background-attachment":"scroll","background-type":"","background-media":"","overlay-type":"","overlay-color":"","overlay-opacity":"","overlay-gradient":""}},"ast-content-background-meta":{"desktop":{"background-color":"var(--ast-global-color-5)","background-image":"","background-repeat":"repeat","background-position":"center center","background-size":"auto","background-attachment":"scroll","background-type":"","background-media":"","overlay-type":"","overlay-color":"","overlay-opacity":"","overlay-gradient":""},"tablet":{"background-color":"var(--ast-global-color-5)","background-image":"","background-repeat":"repeat","background-position":"center center","background-size":"auto","background-attachment":"scroll","background-type":"","background-media":"","overlay-type":"","overlay-color":"","overlay-opacity":"","overlay-gradient":""},"mobile":{"background-color":"var(--ast-global-color-5)","background-image":"","background-repeat":"repeat","background-position":"center center","background-size":"auto","background-attachment":"scroll","background-type":"","background-media":"","overlay-type":"","overlay-color":"","overlay-opacity":"","overlay-gradient":""}},"footnotes":""},"categories":[60],"tags":[155,61,158,191],"class_list":["post-7689","post","type-post","status-publish","format-standard","hentry","category-ciclemitja","tag-balaguer","tag-cicle-mitja","tag-projectes","tag-tercer"],"post_mailing_queue_ids":[],"_links":{"self":[{"href":"https:\/\/agora.xtec.cat\/escgaspardeportola\/wp-json\/wp\/v2\/posts\/7689","targetHints":{"allow":["GET"]}}],"collection":[{"href":"https:\/\/agora.xtec.cat\/escgaspardeportola\/wp-json\/wp\/v2\/posts"}],"about":[{"href":"https:\/\/agora.xtec.cat\/escgaspardeportola\/wp-json\/wp\/v2\/types\/post"}],"author":[{"embeddable":true,"href":"https:\/\/agora.xtec.cat\/escgaspardeportola\/wp-json\/wp\/v2\/users\/47"}],"replies":[{"embeddable":true,"href":"https:\/\/agora.xtec.cat\/escgaspardeportola\/wp-json\/wp\/v2\/comments?post=7689"}],"version-history":[{"count":3,"href":"https:\/\/agora.xtec.cat\/escgaspardeportola\/wp-json\/wp\/v2\/posts\/7689\/revisions"}],"predecessor-version":[{"id":7719,"href":"https:\/\/agora.xtec.cat\/escgaspardeportola\/wp-json\/wp\/v2\/posts\/7689\/revisions\/7719"}],"wp:attachment":[{"href":"https:\/\/agora.xtec.cat\/escgaspardeportola\/wp-json\/wp\/v2\/media?parent=7689"}],"wp:term":[{"taxonomy":"category","embeddable":true,"href":"https:\/\/agora.xtec.cat\/escgaspardeportola\/wp-json\/wp\/v2\/categories?post=7689"},{"taxonomy":"post_tag","embeddable":true,"href":"https:\/\/agora.xtec.cat\/escgaspardeportola\/wp-json\/wp\/v2\/tags?post=7689"}],"curies":[{"name":"wp","href":"https:\/\/api.w.org\/{rel}","templated":true}]}}