{"id":7642,"date":"2022-11-23T10:53:22","date_gmt":"2022-11-23T09:53:22","guid":{"rendered":"https:\/\/agora.xtec.cat\/escgaspardeportola\/?p=7642"},"modified":"2022-11-23T10:53:22","modified_gmt":"2022-11-23T09:53:22","slug":"practiquem-la-clau-de-sol","status":"publish","type":"post","link":"https:\/\/agora.xtec.cat\/escgaspardeportola\/cicleinicial\/practiquem-la-clau-de-sol\/","title":{"rendered":"Practiquem la clau de sol!"},"content":{"rendered":"<p>Les nenes i els nens de primer, entre assaig i assaig de la can\u00e7\u00f3 de Nadal, hem practicat la clau de sol per diferents racons. Ja podem dir que ens surten prou b\u00e9. <a href=\"https:\/\/drive.google.com\/drive\/folders\/1uMmVVv_5tHa1z6Vi0mOB4KmMNBRFctvg?usp=sharing\">Si feu clic en aquest link o a la imatge, veureu m\u00e9s fotos.<\/a><\/p>\n<ol>\n<li>Ceres i un paper gran al terra.<\/li>\n<li>Cartell d&#8217;una carretera de clau de sol i cotxes petits, per resseguir la forma; llana per fer la forma tamb\u00e9.<\/li>\n<li>A la pissarra de guix.<\/li>\n<li>En pissarres blanques i retoladors borrables. <a href=\"https:\/\/drive.google.com\/drive\/folders\/1uMmVVv_5tHa1z6Vi0mOB4KmMNBRFctvg?usp=sharing\"><img loading=\"lazy\" decoding=\"async\" class=\"aligncenter size-large wp-image-7643\" src=\"https:\/\/agora.xtec.cat\/escgaspardeportola\/wp-content\/uploads\/usu555\/2022\/11\/clau-de-sol-1r-collage-1024x1024.jpg\" alt=\"\" width=\"1024\" height=\"1024\" srcset=\"https:\/\/agora.xtec.cat\/escgaspardeportola\/wp-content\/uploads\/usu555\/2022\/11\/clau-de-sol-1r-collage.jpg 1024w, https:\/\/agora.xtec.cat\/escgaspardeportola\/wp-content\/uploads\/usu555\/2022\/11\/clau-de-sol-1r-collage-300x300.jpg 300w, https:\/\/agora.xtec.cat\/escgaspardeportola\/wp-content\/uploads\/usu555\/2022\/11\/clau-de-sol-1r-collage-768x768.jpg 768w\" sizes=\"auto, (max-width: 1024px) 100vw, 1024px\" \/><\/a><\/li>\n<\/ol>\n","protected":false},"excerpt":{"rendered":"<p>Les nenes i els nens de primer, entre assaig i assaig de la can\u00e7\u00f3 de Nadal, hem practicat la clau de sol per diferents racons. Ja podem dir que ens surten prou b\u00e9. Si feu clic en aquest link o a la imatge, veureu m\u00e9s fotos. Ceres i un paper gran al terra. Cartell d&#8217;una [&hellip;]<\/p>\n","protected":false},"author":1,"featured_media":0,"comment_status":"closed","ping_status":"closed","sticky":false,"template":"","format":"standard","meta":{"_bbp_topic_count":0,"_bbp_reply_count":0,"_bbp_total_topic_count":0,"_bbp_total_reply_count":0,"_bbp_voice_count":0,"_bbp_anonymous_reply_count":0,"_bbp_topic_count_hidden":0,"_bbp_reply_count_hidden":0,"_bbp_forum_subforum_count":0,"site-sidebar-layout":"default","site-content-layout":"","ast-site-content-layout":"","site-content-style":"default","site-sidebar-style":"default","ast-global-header-display":"","ast-banner-title-visibility":"","ast-main-header-display":"","ast-hfb-above-header-display":"","ast-hfb-below-header-display":"","ast-hfb-mobile-header-display":"","site-post-title":"","ast-breadcrumbs-content":"","ast-featured-img":"","footer-sml-layout":"","theme-transparent-header-meta":"","adv-header-id-meta":"","stick-header-meta":"","header-above-stick-meta":"","header-main-stick-meta":"","header-below-stick-meta":"","astra-migrate-meta-layouts":"default","ast-page-background-enabled":"default","ast-page-background-meta":{"desktop":{"background-color":"var(--ast-global-color-4)","background-image":"","background-repeat":"repeat","background-position":"center center","background-size":"auto","background-attachment":"scroll","background-type":"","background-media":"","overlay-type":"","overlay-color":"","overlay-opacity":"","overlay-gradient":""},"tablet":{"background-color":"","background-image":"","background-repeat":"repeat","background-position":"center center","background-size":"auto","background-attachment":"scroll","background-type":"","background-media":"","overlay-type":"","overlay-color":"","overlay-opacity":"","overlay-gradient":""},"mobile":{"background-color":"","background-image":"","background-repeat":"repeat","background-position":"center center","background-size":"auto","background-attachment":"scroll","background-type":"","background-media":"","overlay-type":"","overlay-color":"","overlay-opacity":"","overlay-gradient":""}},"ast-content-background-meta":{"desktop":{"background-color":"var(--ast-global-color-5)","background-image":"","background-repeat":"repeat","background-position":"center center","background-size":"auto","background-attachment":"scroll","background-type":"","background-media":"","overlay-type":"","overlay-color":"","overlay-opacity":"","overlay-gradient":""},"tablet":{"background-color":"var(--ast-global-color-5)","background-image":"","background-repeat":"repeat","background-position":"center center","background-size":"auto","background-attachment":"scroll","background-type":"","background-media":"","overlay-type":"","overlay-color":"","overlay-opacity":"","overlay-gradient":""},"mobile":{"background-color":"var(--ast-global-color-5)","background-image":"","background-repeat":"repeat","background-position":"center center","background-size":"auto","background-attachment":"scroll","background-type":"","background-media":"","overlay-type":"","overlay-color":"","overlay-opacity":"","overlay-gradient":""}},"footnotes":""},"categories":[63,357],"tags":[],"class_list":["post-7642","post","type-post","status-publish","format-standard","hentry","category-cicleinicial","category-musica"],"post_mailing_queue_ids":[],"_links":{"self":[{"href":"https:\/\/agora.xtec.cat\/escgaspardeportola\/wp-json\/wp\/v2\/posts\/7642","targetHints":{"allow":["GET"]}}],"collection":[{"href":"https:\/\/agora.xtec.cat\/escgaspardeportola\/wp-json\/wp\/v2\/posts"}],"about":[{"href":"https:\/\/agora.xtec.cat\/escgaspardeportola\/wp-json\/wp\/v2\/types\/post"}],"author":[{"embeddable":true,"href":"https:\/\/agora.xtec.cat\/escgaspardeportola\/wp-json\/wp\/v2\/users\/1"}],"replies":[{"embeddable":true,"href":"https:\/\/agora.xtec.cat\/escgaspardeportola\/wp-json\/wp\/v2\/comments?post=7642"}],"version-history":[{"count":3,"href":"https:\/\/agora.xtec.cat\/escgaspardeportola\/wp-json\/wp\/v2\/posts\/7642\/revisions"}],"predecessor-version":[{"id":7647,"href":"https:\/\/agora.xtec.cat\/escgaspardeportola\/wp-json\/wp\/v2\/posts\/7642\/revisions\/7647"}],"wp:attachment":[{"href":"https:\/\/agora.xtec.cat\/escgaspardeportola\/wp-json\/wp\/v2\/media?parent=7642"}],"wp:term":[{"taxonomy":"category","embeddable":true,"href":"https:\/\/agora.xtec.cat\/escgaspardeportola\/wp-json\/wp\/v2\/categories?post=7642"},{"taxonomy":"post_tag","embeddable":true,"href":"https:\/\/agora.xtec.cat\/escgaspardeportola\/wp-json\/wp\/v2\/tags?post=7642"}],"curies":[{"name":"wp","href":"https:\/\/api.w.org\/{rel}","templated":true}]}}