{"id":7555,"date":"2022-11-05T16:43:22","date_gmt":"2022-11-05T15:43:22","guid":{"rendered":"https:\/\/agora.xtec.cat\/escgaspardeportola\/?p=7555"},"modified":"2022-11-05T16:43:22","modified_gmt":"2022-11-05T15:43:22","slug":"treball-dartistes-projecte-pati-de-tardor","status":"publish","type":"post","link":"https:\/\/agora.xtec.cat\/escgaspardeportola\/portada\/treball-dartistes-projecte-pati-de-tardor\/","title":{"rendered":"Treball d&#8217;artistes! Projecte pati de tardor."},"content":{"rendered":"<p>Aquest mat\u00ed ens hem reunit part de la comunitat educativa per restaurar els murals de sota el porxo.<\/p>\n<p>Un \u00e9s el que afecta el roc\u00f2drom, hem donat una capa de pintura i tapat els forats de la part de sota.<\/p>\n<p>I l&#8217;altre \u00e9s on es penja tots els treballs d&#8217;art de GaspArtSchool. En aquest cas a part de tornar a donar una capa de pintura i tapar alguns forats hem posat uns llistons de fusta. D&#8217;aquesta manera quan es pengin els treballs d&#8217;art es faran sempre sobre el llist\u00f3 i evitarem fer malb\u00e9 de manera m\u00e9s r\u00e0pida la pintura de la paret.<\/p>\n<p>Ha estat un mat\u00ed for\u00e7a entretingut, formant un gran equip hem aconseguit fer un treball de veritables artistes. Moltes gr\u00e0cies a totes persones que avui han contribu\u00eft a la millora del nostre pati. En especial a l&#8217;organitzaci\u00f3 i experi\u00e8ncia de la Montse Brusau.<\/p>\n<p>Fes clic a la fotografia per veure m\u00e9s imatges.<\/p>\n<p><a href=\"https:\/\/photos.google.com\/share\/AF1QipNL7KFW75wWYSza0sKbqmRWkE2HcGwJOl3nUJWnQkhCd5sL_q3hBlFpWnNyu-okiQ?key=QzBWXzg4dE1aNm9aeWdLdUlvTUFnOF9TcW9xZnZ3\"><img loading=\"lazy\" decoding=\"async\" class=\"alignnone size-large\" src=\"https:\/\/lh3.googleusercontent.com\/pw\/AL9nZEXgrqwbYK2MvMx72zQ9XZkZomSbUyeMLcJwGmi7Ib1QJVfRxNzxolx3ix3_IaZ-uIkxnh8ZK629-8TKSuLdgG4bHYW-lXKL8klxdwcShhiSco78aEBCk9WH4ob_cn_IfpB5UQP6ZWQJZJz4QNngNFrL=w1116-h837-no?authuser=0\" width=\"1116\" height=\"837\" \/><\/a><\/p>\n<p>&nbsp;<\/p>\n<p>&nbsp;<\/p>\n","protected":false},"excerpt":{"rendered":"<p>Aquest mat\u00ed ens hem reunit part de la comunitat educativa per restaurar els murals de sota el porxo. Un \u00e9s el que afecta el roc\u00f2drom, hem donat una capa de pintura i tapat els forats de la part de sota. I l&#8217;altre \u00e9s on es penja tots els treballs d&#8217;art de GaspArtSchool. En aquest cas [&hellip;]<\/p>\n","protected":false},"author":1,"featured_media":0,"comment_status":"closed","ping_status":"closed","sticky":false,"template":"","format":"standard","meta":{"_bbp_topic_count":0,"_bbp_reply_count":0,"_bbp_total_topic_count":0,"_bbp_total_reply_count":0,"_bbp_voice_count":0,"_bbp_anonymous_reply_count":0,"_bbp_topic_count_hidden":0,"_bbp_reply_count_hidden":0,"_bbp_forum_subforum_count":0,"site-sidebar-layout":"default","site-content-layout":"","ast-site-content-layout":"","site-content-style":"default","site-sidebar-style":"default","ast-global-header-display":"","ast-banner-title-visibility":"","ast-main-header-display":"","ast-hfb-above-header-display":"","ast-hfb-below-header-display":"","ast-hfb-mobile-header-display":"","site-post-title":"","ast-breadcrumbs-content":"","ast-featured-img":"","footer-sml-layout":"","theme-transparent-header-meta":"","adv-header-id-meta":"","stick-header-meta":"","header-above-stick-meta":"","header-main-stick-meta":"","header-below-stick-meta":"","astra-migrate-meta-layouts":"default","ast-page-background-enabled":"default","ast-page-background-meta":{"desktop":{"background-color":"var(--ast-global-color-4)","background-image":"","background-repeat":"repeat","background-position":"center center","background-size":"auto","background-attachment":"scroll","background-type":"","background-media":"","overlay-type":"","overlay-color":"","overlay-opacity":"","overlay-gradient":""},"tablet":{"background-color":"","background-image":"","background-repeat":"repeat","background-position":"center center","background-size":"auto","background-attachment":"scroll","background-type":"","background-media":"","overlay-type":"","overlay-color":"","overlay-opacity":"","overlay-gradient":""},"mobile":{"background-color":"","background-image":"","background-repeat":"repeat","background-position":"center center","background-size":"auto","background-attachment":"scroll","background-type":"","background-media":"","overlay-type":"","overlay-color":"","overlay-opacity":"","overlay-gradient":""}},"ast-content-background-meta":{"desktop":{"background-color":"var(--ast-global-color-5)","background-image":"","background-repeat":"repeat","background-position":"center center","background-size":"auto","background-attachment":"scroll","background-type":"","background-media":"","overlay-type":"","overlay-color":"","overlay-opacity":"","overlay-gradient":""},"tablet":{"background-color":"var(--ast-global-color-5)","background-image":"","background-repeat":"repeat","background-position":"center center","background-size":"auto","background-attachment":"scroll","background-type":"","background-media":"","overlay-type":"","overlay-color":"","overlay-opacity":"","overlay-gradient":""},"mobile":{"background-color":"var(--ast-global-color-5)","background-image":"","background-repeat":"repeat","background-position":"center center","background-size":"auto","background-attachment":"scroll","background-type":"","background-media":"","overlay-type":"","overlay-color":"","overlay-opacity":"","overlay-gradient":""}},"footnotes":""},"categories":[321,4],"tags":[],"class_list":["post-7555","post","type-post","status-publish","format-standard","hentry","category-gaspartschool","category-portada"],"post_mailing_queue_ids":[],"_links":{"self":[{"href":"https:\/\/agora.xtec.cat\/escgaspardeportola\/wp-json\/wp\/v2\/posts\/7555","targetHints":{"allow":["GET"]}}],"collection":[{"href":"https:\/\/agora.xtec.cat\/escgaspardeportola\/wp-json\/wp\/v2\/posts"}],"about":[{"href":"https:\/\/agora.xtec.cat\/escgaspardeportola\/wp-json\/wp\/v2\/types\/post"}],"author":[{"embeddable":true,"href":"https:\/\/agora.xtec.cat\/escgaspardeportola\/wp-json\/wp\/v2\/users\/1"}],"replies":[{"embeddable":true,"href":"https:\/\/agora.xtec.cat\/escgaspardeportola\/wp-json\/wp\/v2\/comments?post=7555"}],"version-history":[{"count":1,"href":"https:\/\/agora.xtec.cat\/escgaspardeportola\/wp-json\/wp\/v2\/posts\/7555\/revisions"}],"predecessor-version":[{"id":7556,"href":"https:\/\/agora.xtec.cat\/escgaspardeportola\/wp-json\/wp\/v2\/posts\/7555\/revisions\/7556"}],"wp:attachment":[{"href":"https:\/\/agora.xtec.cat\/escgaspardeportola\/wp-json\/wp\/v2\/media?parent=7555"}],"wp:term":[{"taxonomy":"category","embeddable":true,"href":"https:\/\/agora.xtec.cat\/escgaspardeportola\/wp-json\/wp\/v2\/categories?post=7555"},{"taxonomy":"post_tag","embeddable":true,"href":"https:\/\/agora.xtec.cat\/escgaspardeportola\/wp-json\/wp\/v2\/tags?post=7555"}],"curies":[{"name":"wp","href":"https:\/\/api.w.org\/{rel}","templated":true}]}}