{"id":7452,"date":"2022-10-25T12:51:17","date_gmt":"2022-10-25T10:51:17","guid":{"rendered":"https:\/\/agora.xtec.cat\/escgaspardeportola\/?p=7452"},"modified":"2022-10-25T12:51:17","modified_gmt":"2022-10-25T10:51:17","slug":"recollida-de-taps-gaspar-amb-la-laura","status":"publish","type":"post","link":"https:\/\/agora.xtec.cat\/escgaspardeportola\/general\/recollida-de-taps-gaspar-amb-la-laura\/","title":{"rendered":"Recollida de taps. Gaspar amb la Laura."},"content":{"rendered":"<p>Benvolgudes fam\u00edlies,<\/p>\n<p><img loading=\"lazy\" decoding=\"async\" class=\"wp-image-7453 alignleft\" src=\"https:\/\/agora.xtec.cat\/escgaspardeportola\/wp-content\/uploads\/usu555\/2022\/10\/AmbLaLaura-1024x650.png\" alt=\"\" width=\"291\" height=\"185\" srcset=\"https:\/\/agora.xtec.cat\/escgaspardeportola\/wp-content\/uploads\/usu555\/2022\/10\/AmbLaLaura-1024x650.png 1024w, https:\/\/agora.xtec.cat\/escgaspardeportola\/wp-content\/uploads\/usu555\/2022\/10\/AmbLaLaura-300x190.png 300w, https:\/\/agora.xtec.cat\/escgaspardeportola\/wp-content\/uploads\/usu555\/2022\/10\/AmbLaLaura-768x488.png 768w, https:\/\/agora.xtec.cat\/escgaspardeportola\/wp-content\/uploads\/usu555\/2022\/10\/AmbLaLaura.png 1350w\" sizes=\"auto, (max-width: 291px) 100vw, 291px\" \/>donar-vos la m\u00e9s sincera de les felicitacions i el m\u00e9s profund agra\u00efment per la vostra resposta respecte aquest projecte endegat ara fa <a href=\"https:\/\/agora.xtec.cat\/escgaspardeportola\/general\/recollida-de-taps-i-de-piles\/\" target=\"_blank\" rel=\"noopener\">un any<\/a>. Fruit de la proposta d&#8217;acci\u00f3 a la comissi\u00f3 d&#8217;escola verda de l&#8217;escola, es va creure oport\u00fa tirar endavant amb ella per la seva doble vessant: encaixava perfectament en els objectius de les 3R de l&#8217;ecologia (Reduir, Reutilitzar i Reciclar) i tenia un component social extraordinari.<\/p>\n<p>En els menys de nou mesos del curs passat vam recollit la quantitat d&#8217;aproximadament 270 Kg de taps!!! Ens en sentim molt cofois de la vostra inestimable col\u00b7laboraci\u00f3 i, per aquest motiu, hem decidit continuar amb el projecte i consolidar-lo en el futur m\u00e9s pr\u00f2xim.<\/p>\n<p>Tamb\u00e9 ens agradaria agrair la inestimable col\u00b7laboraci\u00f3 de la Sra. Paquita (fins fa poc regentava la cafeteria Lo Talladet), que ens feia d&#8217;intermedi\u00e0ria amb la persona que recull els taps i els porta al seu dest\u00ed. Com que ja s&#8217;ha jubilat, ens ha passat el contacte i, a partir, d&#8217;aquest curs ens els recolliran <a href=\"https:\/\/www.fundacionseur.org\/tapones\/\" target=\"_blank\" rel=\"noopener\"><img loading=\"lazy\" decoding=\"async\" class=\"wp-image-7454 alignright\" src=\"https:\/\/agora.xtec.cat\/escgaspardeportola\/wp-content\/uploads\/usu555\/2022\/10\/logo_SeurFundacion.png\" alt=\"\" width=\"130\" height=\"66\" \/><\/a>directament en la pr\u00f2pia escola. Ho far\u00e0 en David, treballador de Seur, empresa que mitjan\u00e7ant la seva fundaci\u00f3 porta endavant el projecte &#8220;Tapones para una nueva vida\u00ae&#8221;, amb el que ja han aconseguit ajudar m\u00e9s de 188 nens i nenes (una de les quals \u00e9s la &#8220;nostra&#8221; Laura) i continuen fent-ho. Si voleu m\u00e9s informaci\u00f3 al voltant del projecte ho podeu fer <a href=\"https:\/\/www.fundacionseur.org\/tapones\/\" target=\"_blank\" rel=\"noopener\">aqu\u00ed<\/a>.<\/p>\n<p>Per acabar, comentar que aquest primer mes del curs hem recollit la gens menyspreable quantitat de 58 Kg de taps, cosa que ens empeny a agrair-vos l&#8217;esfor\u00e7 i demanar continuar en ell, pel b\u00e9 del planeta i d&#8217;aquest nens i nenes que necessiten d&#8217;aquesta ajuda per al finan\u00e7ament dels seus tractaments m\u00e8dics i ortop\u00e8dics.<\/p>\n<p>De tot cor, gr\u00e0cies.<\/p>\n","protected":false},"excerpt":{"rendered":"<p>Benvolgudes fam\u00edlies, donar-vos la m\u00e9s sincera de les felicitacions i el m\u00e9s profund agra\u00efment per la vostra resposta respecte aquest projecte endegat ara fa un any. Fruit de la proposta d&#8217;acci\u00f3 a la comissi\u00f3 d&#8217;escola verda de l&#8217;escola, es va creure oport\u00fa tirar endavant amb ella per la seva doble vessant: encaixava perfectament en els [&hellip;]<\/p>\n","protected":false},"author":1,"featured_media":0,"comment_status":"closed","ping_status":"closed","sticky":false,"template":"","format":"standard","meta":{"_bbp_topic_count":0,"_bbp_reply_count":0,"_bbp_total_topic_count":0,"_bbp_total_reply_count":0,"_bbp_voice_count":0,"_bbp_anonymous_reply_count":0,"_bbp_topic_count_hidden":0,"_bbp_reply_count_hidden":0,"_bbp_forum_subforum_count":0,"site-sidebar-layout":"default","site-content-layout":"","ast-site-content-layout":"","site-content-style":"default","site-sidebar-style":"default","ast-global-header-display":"","ast-banner-title-visibility":"","ast-main-header-display":"","ast-hfb-above-header-display":"","ast-hfb-below-header-display":"","ast-hfb-mobile-header-display":"","site-post-title":"","ast-breadcrumbs-content":"","ast-featured-img":"","footer-sml-layout":"","theme-transparent-header-meta":"","adv-header-id-meta":"","stick-header-meta":"","header-above-stick-meta":"","header-main-stick-meta":"","header-below-stick-meta":"","astra-migrate-meta-layouts":"default","ast-page-background-enabled":"default","ast-page-background-meta":{"desktop":{"background-color":"var(--ast-global-color-4)","background-image":"","background-repeat":"repeat","background-position":"center center","background-size":"auto","background-attachment":"scroll","background-type":"","background-media":"","overlay-type":"","overlay-color":"","overlay-opacity":"","overlay-gradient":""},"tablet":{"background-color":"","background-image":"","background-repeat":"repeat","background-position":"center center","background-size":"auto","background-attachment":"scroll","background-type":"","background-media":"","overlay-type":"","overlay-color":"","overlay-opacity":"","overlay-gradient":""},"mobile":{"background-color":"","background-image":"","background-repeat":"repeat","background-position":"center center","background-size":"auto","background-attachment":"scroll","background-type":"","background-media":"","overlay-type":"","overlay-color":"","overlay-opacity":"","overlay-gradient":""}},"ast-content-background-meta":{"desktop":{"background-color":"var(--ast-global-color-5)","background-image":"","background-repeat":"repeat","background-position":"center center","background-size":"auto","background-attachment":"scroll","background-type":"","background-media":"","overlay-type":"","overlay-color":"","overlay-opacity":"","overlay-gradient":""},"tablet":{"background-color":"var(--ast-global-color-5)","background-image":"","background-repeat":"repeat","background-position":"center center","background-size":"auto","background-attachment":"scroll","background-type":"","background-media":"","overlay-type":"","overlay-color":"","overlay-opacity":"","overlay-gradient":""},"mobile":{"background-color":"var(--ast-global-color-5)","background-image":"","background-repeat":"repeat","background-position":"center center","background-size":"auto","background-attachment":"scroll","background-type":"","background-media":"","overlay-type":"","overlay-color":"","overlay-opacity":"","overlay-gradient":""}},"footnotes":""},"categories":[290,110,1,4,347],"tags":[],"class_list":["post-7452","post","type-post","status-publish","format-standard","hentry","category-cicle-superior","category-escola-verda","category-general","category-portada","category-revista"],"post_mailing_queue_ids":[],"_links":{"self":[{"href":"https:\/\/agora.xtec.cat\/escgaspardeportola\/wp-json\/wp\/v2\/posts\/7452","targetHints":{"allow":["GET"]}}],"collection":[{"href":"https:\/\/agora.xtec.cat\/escgaspardeportola\/wp-json\/wp\/v2\/posts"}],"about":[{"href":"https:\/\/agora.xtec.cat\/escgaspardeportola\/wp-json\/wp\/v2\/types\/post"}],"author":[{"embeddable":true,"href":"https:\/\/agora.xtec.cat\/escgaspardeportola\/wp-json\/wp\/v2\/users\/1"}],"replies":[{"embeddable":true,"href":"https:\/\/agora.xtec.cat\/escgaspardeportola\/wp-json\/wp\/v2\/comments?post=7452"}],"version-history":[{"count":2,"href":"https:\/\/agora.xtec.cat\/escgaspardeportola\/wp-json\/wp\/v2\/posts\/7452\/revisions"}],"predecessor-version":[{"id":7456,"href":"https:\/\/agora.xtec.cat\/escgaspardeportola\/wp-json\/wp\/v2\/posts\/7452\/revisions\/7456"}],"wp:attachment":[{"href":"https:\/\/agora.xtec.cat\/escgaspardeportola\/wp-json\/wp\/v2\/media?parent=7452"}],"wp:term":[{"taxonomy":"category","embeddable":true,"href":"https:\/\/agora.xtec.cat\/escgaspardeportola\/wp-json\/wp\/v2\/categories?post=7452"},{"taxonomy":"post_tag","embeddable":true,"href":"https:\/\/agora.xtec.cat\/escgaspardeportola\/wp-json\/wp\/v2\/tags?post=7452"}],"curies":[{"name":"wp","href":"https:\/\/api.w.org\/{rel}","templated":true}]}}