{"id":7440,"date":"2022-10-20T20:00:04","date_gmt":"2022-10-20T18:00:04","guid":{"rendered":"https:\/\/agora.xtec.cat\/escgaspardeportola\/?p=7440"},"modified":"2022-10-20T20:15:33","modified_gmt":"2022-10-20T18:15:33","slug":"alliberem-tres-astors","status":"publish","type":"post","link":"https:\/\/agora.xtec.cat\/escgaspardeportola\/ciclemitja\/alliberem-tres-astors\/","title":{"rendered":"Alliberem tres astors!"},"content":{"rendered":"<p style=\"text-align: justify;\">Ahir els nens i nenes de 3r van tenir una visita molt especial!<\/p>\n<p style=\"text-align: justify;\">Ni m\u00e9s ni menys, des del projecte de medi, tres agents rurals van venir a l\u2019escola per alliberar tres astors, els quals havien estat curats al centre de fauna de Vallcalent.<\/p>\n<p style=\"text-align: justify;\">Aix\u00ed doncs, els hi van explicar en qu\u00e8 consisteix la seva feina i la seva import\u00e0ncia, qu\u00e8 s\u00f3n els astors, on acostumen a viure i altra informaci\u00f3 relacionada amb tot el qu\u00e8 s\u2019est\u00e0 treballant a l\u2019aula. Tamb\u00e9, els i les alumnes els hi van poder fer preguntes de tota mena i van poder gaudir d\u2019un alliberament a primera l\u00ednia.<\/p>\n<p style=\"text-align: justify;\">Aqu\u00ed us deixem un petit recull de <a href=\"https:\/\/drive.google.com\/drive\/folders\/1-YaiF1dgHMwpwwFfnavl8Ms7_bEooSnY?usp=sharing\">fotografies<\/a>.<\/p>\n<p style=\"text-align: justify;\">Agra\u00efm a la Judit Terr\u00e9, mare d\u2019un dels nostres alumnes, i als altres dos agents per la participaci\u00f3 i l\u2019oportunitat de vincular el projecte amb la realitat. Molt\u00edssimes gr\u00e0cies!<\/p>\n<p><img loading=\"lazy\" decoding=\"async\" class=\"wp-image-7442 alignleft\" src=\"https:\/\/agora.xtec.cat\/escgaspardeportola\/wp-content\/uploads\/usu555\/2022\/10\/IMG_8092.jpg\" alt=\"\" width=\"191\" height=\"255\" srcset=\"https:\/\/agora.xtec.cat\/escgaspardeportola\/wp-content\/uploads\/usu555\/2022\/10\/IMG_8092.jpg 336w, https:\/\/agora.xtec.cat\/escgaspardeportola\/wp-content\/uploads\/usu555\/2022\/10\/IMG_8092-225x300.jpg 225w\" sizes=\"auto, (max-width: 191px) 100vw, 191px\" \/><img loading=\"lazy\" decoding=\"async\" class=\"wp-image-7444 alignleft\" src=\"https:\/\/agora.xtec.cat\/escgaspardeportola\/wp-content\/uploads\/usu555\/2022\/10\/20221019_150947.jpg\" alt=\"\" width=\"335\" height=\"251\" srcset=\"https:\/\/agora.xtec.cat\/escgaspardeportola\/wp-content\/uploads\/usu555\/2022\/10\/20221019_150947.jpg 448w, https:\/\/agora.xtec.cat\/escgaspardeportola\/wp-content\/uploads\/usu555\/2022\/10\/20221019_150947-300x225.jpg 300w, https:\/\/agora.xtec.cat\/escgaspardeportola\/wp-content\/uploads\/usu555\/2022\/10\/20221019_150947-200x150.jpg 200w\" sizes=\"auto, (max-width: 335px) 100vw, 335px\" \/><\/p>\n<p>&nbsp;<\/p>\n","protected":false},"excerpt":{"rendered":"<p>Ahir els nens i nenes de 3r van tenir una visita molt especial! Ni m\u00e9s ni menys, des del projecte de medi, tres agents rurals van venir a l\u2019escola per alliberar tres astors, els quals havien estat curats al centre de fauna de Vallcalent. Aix\u00ed doncs, els hi van explicar en qu\u00e8 consisteix la seva [&hellip;]<\/p>\n","protected":false},"author":49,"featured_media":0,"comment_status":"open","ping_status":"closed","sticky":false,"template":"","format":"standard","meta":{"_bbp_topic_count":0,"_bbp_reply_count":0,"_bbp_total_topic_count":0,"_bbp_total_reply_count":0,"_bbp_voice_count":0,"_bbp_anonymous_reply_count":0,"_bbp_topic_count_hidden":0,"_bbp_reply_count_hidden":0,"_bbp_forum_subforum_count":0,"site-sidebar-layout":"default","site-content-layout":"","ast-site-content-layout":"","site-content-style":"default","site-sidebar-style":"default","ast-global-header-display":"","ast-banner-title-visibility":"","ast-main-header-display":"","ast-hfb-above-header-display":"","ast-hfb-below-header-display":"","ast-hfb-mobile-header-display":"","site-post-title":"","ast-breadcrumbs-content":"","ast-featured-img":"","footer-sml-layout":"","theme-transparent-header-meta":"","adv-header-id-meta":"","stick-header-meta":"","header-above-stick-meta":"","header-main-stick-meta":"","header-below-stick-meta":"","astra-migrate-meta-layouts":"default","ast-page-background-enabled":"default","ast-page-background-meta":{"desktop":{"background-color":"var(--ast-global-color-4)","background-image":"","background-repeat":"repeat","background-position":"center center","background-size":"auto","background-attachment":"scroll","background-type":"","background-media":"","overlay-type":"","overlay-color":"","overlay-opacity":"","overlay-gradient":""},"tablet":{"background-color":"","background-image":"","background-repeat":"repeat","background-position":"center center","background-size":"auto","background-attachment":"scroll","background-type":"","background-media":"","overlay-type":"","overlay-color":"","overlay-opacity":"","overlay-gradient":""},"mobile":{"background-color":"","background-image":"","background-repeat":"repeat","background-position":"center center","background-size":"auto","background-attachment":"scroll","background-type":"","background-media":"","overlay-type":"","overlay-color":"","overlay-opacity":"","overlay-gradient":""}},"ast-content-background-meta":{"desktop":{"background-color":"var(--ast-global-color-5)","background-image":"","background-repeat":"repeat","background-position":"center center","background-size":"auto","background-attachment":"scroll","background-type":"","background-media":"","overlay-type":"","overlay-color":"","overlay-opacity":"","overlay-gradient":""},"tablet":{"background-color":"var(--ast-global-color-5)","background-image":"","background-repeat":"repeat","background-position":"center center","background-size":"auto","background-attachment":"scroll","background-type":"","background-media":"","overlay-type":"","overlay-color":"","overlay-opacity":"","overlay-gradient":""},"mobile":{"background-color":"var(--ast-global-color-5)","background-image":"","background-repeat":"repeat","background-position":"center center","background-size":"auto","background-attachment":"scroll","background-type":"","background-media":"","overlay-type":"","overlay-color":"","overlay-opacity":"","overlay-gradient":""}},"footnotes":""},"categories":[60],"tags":[61,98,305,191],"class_list":["post-7440","post","type-post","status-publish","format-standard","hentry","category-ciclemitja","tag-cicle-mitja","tag-medi","tag-projecte-dels-animals","tag-tercer"],"post_mailing_queue_ids":[],"_links":{"self":[{"href":"https:\/\/agora.xtec.cat\/escgaspardeportola\/wp-json\/wp\/v2\/posts\/7440","targetHints":{"allow":["GET"]}}],"collection":[{"href":"https:\/\/agora.xtec.cat\/escgaspardeportola\/wp-json\/wp\/v2\/posts"}],"about":[{"href":"https:\/\/agora.xtec.cat\/escgaspardeportola\/wp-json\/wp\/v2\/types\/post"}],"author":[{"embeddable":true,"href":"https:\/\/agora.xtec.cat\/escgaspardeportola\/wp-json\/wp\/v2\/users\/49"}],"replies":[{"embeddable":true,"href":"https:\/\/agora.xtec.cat\/escgaspardeportola\/wp-json\/wp\/v2\/comments?post=7440"}],"version-history":[{"count":3,"href":"https:\/\/agora.xtec.cat\/escgaspardeportola\/wp-json\/wp\/v2\/posts\/7440\/revisions"}],"predecessor-version":[{"id":7448,"href":"https:\/\/agora.xtec.cat\/escgaspardeportola\/wp-json\/wp\/v2\/posts\/7440\/revisions\/7448"}],"wp:attachment":[{"href":"https:\/\/agora.xtec.cat\/escgaspardeportola\/wp-json\/wp\/v2\/media?parent=7440"}],"wp:term":[{"taxonomy":"category","embeddable":true,"href":"https:\/\/agora.xtec.cat\/escgaspardeportola\/wp-json\/wp\/v2\/categories?post=7440"},{"taxonomy":"post_tag","embeddable":true,"href":"https:\/\/agora.xtec.cat\/escgaspardeportola\/wp-json\/wp\/v2\/tags?post=7440"}],"curies":[{"name":"wp","href":"https:\/\/api.w.org\/{rel}","templated":true}]}}