{"id":7401,"date":"2022-10-10T16:21:20","date_gmt":"2022-10-10T14:21:20","guid":{"rendered":"https:\/\/agora.xtec.cat\/escgaspardeportola\/?p=7401"},"modified":"2022-10-10T22:07:59","modified_gmt":"2022-10-10T20:07:59","slug":"forma-espais-dart-contemporani","status":"publish","type":"post","link":"https:\/\/agora.xtec.cat\/escgaspardeportola\/cicle-superior\/forma-espais-dart-contemporani\/","title":{"rendered":"FORMA &#8211; ESPAIS D&#8217;ART CONTEMPORANI-"},"content":{"rendered":"<div class=\"elementor-column elementor-col-50 elementor-inner-column elementor-element elementor-element-e65330a\" data-id=\"e65330a\" data-element_type=\"column\">\n<div class=\"elementor-widget-wrap elementor-element-populated\">\n<div class=\"elementor-element elementor-element-608a391 elementor-widget elementor-widget-text-editor\" data-id=\"608a391\" data-element_type=\"widget\" data-widget_type=\"text-editor.default\">\n<div class=\"elementor-widget-container\">\n<p>El passat dimarts 4 d&#8217;octubre, els i les alumnes de 5\u00e8 de l&#8217;escola, vam participar al <strong>Forma Balaguer Espais d\u2019Art Contemporani.\u00a0<\/strong> Es tracta d&#8217;un esdeveniment per a la creaci\u00f3 i la difusi\u00f3 de l\u2019art contemporani, a trav\u00e9s de les arts visuals, que pret\u00e9n conjugar intervencions i instal\u00b7lacions en espais de la ciutat.<\/p>\n<p>Un dels principals objectius \u00e9s la descoberta dels carrers, les places, els edificis i els espais patrimonials de la ciutat des d\u2019una mirada art\u00edstica i compromesa. Es pret\u00e9n que la ciutat esdevingui un museu temporal, en el qual tant els artistes com la ciutadania facin seu l\u2019espai p\u00fablic.<\/p>\n<p>Vam gaudir de la visita guiada pels diferents espais i tamb\u00e9 d&#8217;un taller creatiu a dins del museu de la Noguera. L&#8217;organitzaci\u00f3 del FORMA anir\u00e0 penjant els treballs dels alumnes sota la porxada esquerra (mirant l&#8217;ajuntament), us animem que aneu a mirar-ho amb els vostres fills i filles, aveure si els reconeixeu!!! A continuaci\u00f3 teniu una mostra de <a href=\"https:\/\/photos.app.goo.gl\/TWB94p2SrSdHUQ5m9\">fotografies<\/a> de la jornada. S\u00f3n uns i unes artistes!!<\/p>\n<p>Cicle Superior.<\/p>\n<\/div>\n<\/div>\n<\/div>\n<\/div>\n","protected":false},"excerpt":{"rendered":"<p>El passat dimarts 4 d&#8217;octubre, els i les alumnes de 5\u00e8 de l&#8217;escola, vam participar al Forma Balaguer Espais d\u2019Art Contemporani.\u00a0 Es tracta d&#8217;un esdeveniment per a la creaci\u00f3 i la difusi\u00f3 de l\u2019art contemporani, a trav\u00e9s de les arts visuals, que pret\u00e9n conjugar intervencions i instal\u00b7lacions en espais de la ciutat. Un dels principals [&hellip;]<\/p>\n","protected":false},"author":32,"featured_media":0,"comment_status":"closed","ping_status":"closed","sticky":false,"template":"","format":"standard","meta":{"_bbp_topic_count":0,"_bbp_reply_count":0,"_bbp_total_topic_count":0,"_bbp_total_reply_count":0,"_bbp_voice_count":0,"_bbp_anonymous_reply_count":0,"_bbp_topic_count_hidden":0,"_bbp_reply_count_hidden":0,"_bbp_forum_subforum_count":0,"site-sidebar-layout":"default","site-content-layout":"","ast-site-content-layout":"","site-content-style":"default","site-sidebar-style":"default","ast-global-header-display":"","ast-banner-title-visibility":"","ast-main-header-display":"","ast-hfb-above-header-display":"","ast-hfb-below-header-display":"","ast-hfb-mobile-header-display":"","site-post-title":"","ast-breadcrumbs-content":"","ast-featured-img":"","footer-sml-layout":"","theme-transparent-header-meta":"","adv-header-id-meta":"","stick-header-meta":"","header-above-stick-meta":"","header-main-stick-meta":"","header-below-stick-meta":"","astra-migrate-meta-layouts":"default","ast-page-background-enabled":"default","ast-page-background-meta":{"desktop":{"background-color":"var(--ast-global-color-4)","background-image":"","background-repeat":"repeat","background-position":"center center","background-size":"auto","background-attachment":"scroll","background-type":"","background-media":"","overlay-type":"","overlay-color":"","overlay-opacity":"","overlay-gradient":""},"tablet":{"background-color":"","background-image":"","background-repeat":"repeat","background-position":"center center","background-size":"auto","background-attachment":"scroll","background-type":"","background-media":"","overlay-type":"","overlay-color":"","overlay-opacity":"","overlay-gradient":""},"mobile":{"background-color":"","background-image":"","background-repeat":"repeat","background-position":"center center","background-size":"auto","background-attachment":"scroll","background-type":"","background-media":"","overlay-type":"","overlay-color":"","overlay-opacity":"","overlay-gradient":""}},"ast-content-background-meta":{"desktop":{"background-color":"var(--ast-global-color-5)","background-image":"","background-repeat":"repeat","background-position":"center center","background-size":"auto","background-attachment":"scroll","background-type":"","background-media":"","overlay-type":"","overlay-color":"","overlay-opacity":"","overlay-gradient":""},"tablet":{"background-color":"var(--ast-global-color-5)","background-image":"","background-repeat":"repeat","background-position":"center center","background-size":"auto","background-attachment":"scroll","background-type":"","background-media":"","overlay-type":"","overlay-color":"","overlay-opacity":"","overlay-gradient":""},"mobile":{"background-color":"var(--ast-global-color-5)","background-image":"","background-repeat":"repeat","background-position":"center center","background-size":"auto","background-attachment":"scroll","background-type":"","background-media":"","overlay-type":"","overlay-color":"","overlay-opacity":"","overlay-gradient":""}},"footnotes":""},"categories":[290],"tags":[],"class_list":["post-7401","post","type-post","status-publish","format-standard","hentry","category-cicle-superior"],"post_mailing_queue_ids":[],"_links":{"self":[{"href":"https:\/\/agora.xtec.cat\/escgaspardeportola\/wp-json\/wp\/v2\/posts\/7401","targetHints":{"allow":["GET"]}}],"collection":[{"href":"https:\/\/agora.xtec.cat\/escgaspardeportola\/wp-json\/wp\/v2\/posts"}],"about":[{"href":"https:\/\/agora.xtec.cat\/escgaspardeportola\/wp-json\/wp\/v2\/types\/post"}],"author":[{"embeddable":true,"href":"https:\/\/agora.xtec.cat\/escgaspardeportola\/wp-json\/wp\/v2\/users\/32"}],"replies":[{"embeddable":true,"href":"https:\/\/agora.xtec.cat\/escgaspardeportola\/wp-json\/wp\/v2\/comments?post=7401"}],"version-history":[{"count":3,"href":"https:\/\/agora.xtec.cat\/escgaspardeportola\/wp-json\/wp\/v2\/posts\/7401\/revisions"}],"predecessor-version":[{"id":7404,"href":"https:\/\/agora.xtec.cat\/escgaspardeportola\/wp-json\/wp\/v2\/posts\/7401\/revisions\/7404"}],"wp:attachment":[{"href":"https:\/\/agora.xtec.cat\/escgaspardeportola\/wp-json\/wp\/v2\/media?parent=7401"}],"wp:term":[{"taxonomy":"category","embeddable":true,"href":"https:\/\/agora.xtec.cat\/escgaspardeportola\/wp-json\/wp\/v2\/categories?post=7401"},{"taxonomy":"post_tag","embeddable":true,"href":"https:\/\/agora.xtec.cat\/escgaspardeportola\/wp-json\/wp\/v2\/tags?post=7401"}],"curies":[{"name":"wp","href":"https:\/\/api.w.org\/{rel}","templated":true}]}}