{"id":7335,"date":"2022-09-10T11:44:56","date_gmt":"2022-09-10T09:44:56","guid":{"rendered":"https:\/\/agora.xtec.cat\/escgaspardeportola\/?p=7335"},"modified":"2022-09-21T13:36:41","modified_gmt":"2022-09-21T11:36:41","slug":"el-2022-2023-un-curs-dalta-volada","status":"publish","type":"post","link":"https:\/\/agora.xtec.cat\/escgaspardeportola\/cicle-superior\/el-2022-2023-un-curs-dalta-volada\/","title":{"rendered":"El 2022-2023, un curs &#8220;d&#8217;alta volada&#8221;"},"content":{"rendered":"<p><img loading=\"lazy\" decoding=\"async\" class=\"wp-image-7321 alignright\" src=\"https:\/\/agora.xtec.cat\/escgaspardeportola\/wp-content\/uploads\/usu555\/2022\/09\/Welcome-Students-1024x724.gif\" alt=\"\" width=\"281\" height=\"199\" srcset=\"https:\/\/agora.xtec.cat\/escgaspardeportola\/wp-content\/uploads\/usu555\/2022\/09\/Welcome-Students-1024x724.gif 1024w, https:\/\/agora.xtec.cat\/escgaspardeportola\/wp-content\/uploads\/usu555\/2022\/09\/Welcome-Students-300x212.gif 300w, https:\/\/agora.xtec.cat\/escgaspardeportola\/wp-content\/uploads\/usu555\/2022\/09\/Welcome-Students-768x543.gif 768w\" sizes=\"auto, (max-width: 281px) 100vw, 281px\" \/>Despr\u00e9s d&#8217;una magn\u00edfica <strong><a href=\"https:\/\/agora.xtec.cat\/escgaspardeportola\/portada\/gran-festa-final-dels-50-anys\/\" target=\"_blank\" rel=\"noopener\">festa d&#8217;acomiadament<\/a><\/strong> del curs passat, el del 50\u00e8 aniversari de l&#8217;ESCOLA, i d&#8217;unes vacances de recuperaci\u00f3 de la ressaca de les molt\u00edssimes activitats al voltant d&#8217;aquest gran esdeveniment, dutes a terme (dins i fora de l&#8217;escola) al llarg de tot l&#8217;any, dilluns passat, dia 5 de setembre, v\u00e0rem inaugurar el present curs escolar.<\/p>\n<p>&nbsp;<\/p>\n<p>&nbsp;<\/p>\n<p><a href=\"https:\/\/agora.xtec.cat\/escgaspardeportola\/wp-content\/uploads\/usu555\/2022\/09\/Img_CS_01.jpg\" target=\"_blank\" rel=\"noopener\"><img loading=\"lazy\" decoding=\"async\" class=\"wp-image-7332 alignleft\" src=\"https:\/\/agora.xtec.cat\/escgaspardeportola\/wp-content\/uploads\/usu555\/2022\/09\/Img_CS_01.jpg\" alt=\"\" width=\"445\" height=\"334\" srcset=\"https:\/\/agora.xtec.cat\/escgaspardeportola\/wp-content\/uploads\/usu555\/2022\/09\/Img_CS_01.jpg 1024w, https:\/\/agora.xtec.cat\/escgaspardeportola\/wp-content\/uploads\/usu555\/2022\/09\/Img_CS_01-300x225.jpg 300w, https:\/\/agora.xtec.cat\/escgaspardeportola\/wp-content\/uploads\/usu555\/2022\/09\/Img_CS_01-768x576.jpg 768w, https:\/\/agora.xtec.cat\/escgaspardeportola\/wp-content\/uploads\/usu555\/2022\/09\/Img_CS_01-200x150.jpg 200w\" sizes=\"auto, (max-width: 445px) 100vw, 445px\" \/><\/a>Com podeu llegir en la imatge de l&#8217;esquerra, ENS ENLAIREM EN UNA NOVA AVENTURA plens d&#8217;il\u00b7lusi\u00f3 i amb renovades energies, tot esperant tenir un magn\u00edfic curs.<\/p>\n<p>Durant aquests primers dies, els i les vostres fills i filles s&#8217;han retrobat de nou a l&#8217;escola, han retrobat la seva aula o n&#8217;han ocupat una de desconeguda, han retrobat el professorat conegut i n&#8217;han trobat de nouvingut. I tot aix\u00f2 ho han fet sense cap restricci\u00f3 Covid, lliures de mascaretes ni grups bombolla!<\/p>\n<p>&nbsp;<\/p>\n<p>Aquests primers dies han estat dies de tornar, poc a poc, a les rutines escolars, tan necess\u00e0ries; han tornat a escoltar les paraules <em>treball<\/em>, <em>esfor\u00e7<\/em>, <em>dedicaci\u00f3 a l&#8217;estudi<\/em>, joc, companyonia,&#8230; que esperem ens acompanyin al llarg de tot el curs.<\/p>\n<p>En aquest <a href=\"https:\/\/photos.app.goo.gl\/NWtwR2syjTG67sdS7\" target=\"_blank\" rel=\"noopener\"><strong>enlla\u00e7<\/strong> <\/a>us deixem unes imatges d&#8217;aquests primers dies.<\/p>\n<p>Que tinguem un magn\u00edfic curs, un curs d&#8217;alta volada.<\/p>\n<p><em><strong>Professorat del cicle superior.<\/strong><\/em><\/p>\n<p>&nbsp;<\/p>\n","protected":false},"excerpt":{"rendered":"<p>Despr\u00e9s d&#8217;una magn\u00edfica festa d&#8217;acomiadament del curs passat, el del 50\u00e8 aniversari de l&#8217;ESCOLA, i d&#8217;unes vacances de recuperaci\u00f3 de la ressaca de les molt\u00edssimes activitats al voltant d&#8217;aquest gran esdeveniment, dutes a terme (dins i fora de l&#8217;escola) al llarg de tot l&#8217;any, dilluns passat, dia 5 de setembre, v\u00e0rem inaugurar el present curs [&hellip;]<\/p>\n","protected":false},"author":1,"featured_media":0,"comment_status":"closed","ping_status":"closed","sticky":false,"template":"","format":"standard","meta":{"_bbp_topic_count":0,"_bbp_reply_count":0,"_bbp_total_topic_count":0,"_bbp_total_reply_count":0,"_bbp_voice_count":0,"_bbp_anonymous_reply_count":0,"_bbp_topic_count_hidden":0,"_bbp_reply_count_hidden":0,"_bbp_forum_subforum_count":0,"site-sidebar-layout":"default","site-content-layout":"","ast-site-content-layout":"","site-content-style":"default","site-sidebar-style":"default","ast-global-header-display":"","ast-banner-title-visibility":"","ast-main-header-display":"","ast-hfb-above-header-display":"","ast-hfb-below-header-display":"","ast-hfb-mobile-header-display":"","site-post-title":"","ast-breadcrumbs-content":"","ast-featured-img":"","footer-sml-layout":"","theme-transparent-header-meta":"","adv-header-id-meta":"","stick-header-meta":"","header-above-stick-meta":"","header-main-stick-meta":"","header-below-stick-meta":"","astra-migrate-meta-layouts":"default","ast-page-background-enabled":"default","ast-page-background-meta":{"desktop":{"background-color":"var(--ast-global-color-4)","background-image":"","background-repeat":"repeat","background-position":"center center","background-size":"auto","background-attachment":"scroll","background-type":"","background-media":"","overlay-type":"","overlay-color":"","overlay-opacity":"","overlay-gradient":""},"tablet":{"background-color":"","background-image":"","background-repeat":"repeat","background-position":"center center","background-size":"auto","background-attachment":"scroll","background-type":"","background-media":"","overlay-type":"","overlay-color":"","overlay-opacity":"","overlay-gradient":""},"mobile":{"background-color":"","background-image":"","background-repeat":"repeat","background-position":"center center","background-size":"auto","background-attachment":"scroll","background-type":"","background-media":"","overlay-type":"","overlay-color":"","overlay-opacity":"","overlay-gradient":""}},"ast-content-background-meta":{"desktop":{"background-color":"var(--ast-global-color-5)","background-image":"","background-repeat":"repeat","background-position":"center center","background-size":"auto","background-attachment":"scroll","background-type":"","background-media":"","overlay-type":"","overlay-color":"","overlay-opacity":"","overlay-gradient":""},"tablet":{"background-color":"var(--ast-global-color-5)","background-image":"","background-repeat":"repeat","background-position":"center center","background-size":"auto","background-attachment":"scroll","background-type":"","background-media":"","overlay-type":"","overlay-color":"","overlay-opacity":"","overlay-gradient":""},"mobile":{"background-color":"var(--ast-global-color-5)","background-image":"","background-repeat":"repeat","background-position":"center center","background-size":"auto","background-attachment":"scroll","background-type":"","background-media":"","overlay-type":"","overlay-color":"","overlay-opacity":"","overlay-gradient":""}},"footnotes":""},"categories":[290,347],"tags":[],"class_list":["post-7335","post","type-post","status-publish","format-standard","hentry","category-cicle-superior","category-revista"],"post_mailing_queue_ids":[],"_links":{"self":[{"href":"https:\/\/agora.xtec.cat\/escgaspardeportola\/wp-json\/wp\/v2\/posts\/7335","targetHints":{"allow":["GET"]}}],"collection":[{"href":"https:\/\/agora.xtec.cat\/escgaspardeportola\/wp-json\/wp\/v2\/posts"}],"about":[{"href":"https:\/\/agora.xtec.cat\/escgaspardeportola\/wp-json\/wp\/v2\/types\/post"}],"author":[{"embeddable":true,"href":"https:\/\/agora.xtec.cat\/escgaspardeportola\/wp-json\/wp\/v2\/users\/1"}],"replies":[{"embeddable":true,"href":"https:\/\/agora.xtec.cat\/escgaspardeportola\/wp-json\/wp\/v2\/comments?post=7335"}],"version-history":[{"count":4,"href":"https:\/\/agora.xtec.cat\/escgaspardeportola\/wp-json\/wp\/v2\/posts\/7335\/revisions"}],"predecessor-version":[{"id":7343,"href":"https:\/\/agora.xtec.cat\/escgaspardeportola\/wp-json\/wp\/v2\/posts\/7335\/revisions\/7343"}],"wp:attachment":[{"href":"https:\/\/agora.xtec.cat\/escgaspardeportola\/wp-json\/wp\/v2\/media?parent=7335"}],"wp:term":[{"taxonomy":"category","embeddable":true,"href":"https:\/\/agora.xtec.cat\/escgaspardeportola\/wp-json\/wp\/v2\/categories?post=7335"},{"taxonomy":"post_tag","embeddable":true,"href":"https:\/\/agora.xtec.cat\/escgaspardeportola\/wp-json\/wp\/v2\/tags?post=7335"}],"curies":[{"name":"wp","href":"https:\/\/api.w.org\/{rel}","templated":true}]}}