{"id":7316,"date":"2022-07-26T08:41:33","date_gmt":"2022-07-26T06:41:33","guid":{"rendered":"https:\/\/agora.xtec.cat\/escgaspardeportola\/?p=7316"},"modified":"2022-07-26T08:41:33","modified_gmt":"2022-07-26T06:41:33","slug":"agraiments-i-comiats","status":"publish","type":"post","link":"https:\/\/agora.xtec.cat\/escgaspardeportola\/portada\/agraiments-i-comiats\/","title":{"rendered":"Agraiments i comiats."},"content":{"rendered":"<p>L&#8217;\u00faltim dia de curs, fora de la celebraci\u00f3 del 50\u00e8 aniversari i no menys important, vam celebrar uns actes molt especials.<\/p>\n<p>Vam entregar les orles als alumnes de P5 que amb molt d&#8217;orgull passen a formar part de l&#8217;educaci\u00f3 prim\u00e0ria durant el curs 22-23.<\/p>\n<p>Tamb\u00e9 vam viure una emocionant entrega d&#8217;orles a l&#8217;alumnat de 6\u00e8, els m\u00e9s grans marxen a secund\u00e0ria despr\u00e9s d&#8217;estar tants anys a l&#8217;escola. Els trobarem molt a faltar i ja saben que Gaspar sempre ser\u00e0 casa seva. Els seus balls i el seu comiat va ser molt emotiu.<\/p>\n<p>Finalment, vam fer homenatge al Samuel i la Maria que aquest curs es jubilen. Es va fer una representaci\u00f3 en una l\u00ednia del temps des del curs actual fins al curs en qu\u00e8 es va inaugurar l&#8217;escolar, alumnat representant de diversos cursos van anar actuant i recordant el pas del temps. Amb molta il\u00b7lusi\u00f3 es va entrega del pin de l&#8217;escola als dos, Samuel i Maria us trobarem molt a faltar!<\/p>\n<p>Aix\u00ed vam donar fi a un curs molt intens i emocionant amb un refrescant gelat per a tot l&#8217;alumnat on ara els <span class=\"hiddenGrammarError\">hi<\/span> toca gaudir de l&#8217;estiu.<\/p>\n<p><a href=\"https:\/\/photos.google.com\/u\/3\/share\/AF1QipMbLCnHVDNjrrphvuTz6BRslCmtsff1IZq9LfiYDuo-_cbzatpiZHyzoRpNVSI8nw?key=YnJfbEpURXNNYko0NnMzc3ZyNGd3QlRZNGNnZGlR\">ORLES P5<\/a><\/p>\n<p><a href=\"https:\/\/photos.google.com\/u\/3\/share\/AF1QipOd8gJCAUsRSlpdI-F9oLpPdZtRw2Azl_UR7oTjzWo9jtyDFNpXL8cuYd6IkVEJnw?key=QnRFMEZ2WkdoY0lCT1pqRkw1M2ROY3k0WU04V1Jn\">ORLES 6\u00c8<\/a><\/p>\n<p><a href=\"https:\/\/photos.google.com\/u\/3\/share\/AF1QipMJCs4AJLQyRBegeyEyeO9YEV06tq0N40DtPA-B0HF-yqs9uR59YBR2laaSDVgirw?key=Y2kwWWJNbndRYVU0TFVLc0taSkkyM1ZtQUtCa0hB\">HOMENATGE SAMUEL I MARIA<\/a><\/p>\n","protected":false},"excerpt":{"rendered":"<p>L&#8217;\u00faltim dia de curs, fora de la celebraci\u00f3 del 50\u00e8 aniversari i no menys important, vam celebrar uns actes molt especials. Vam entregar les orles als alumnes de P5 que amb molt d&#8217;orgull passen a formar part de l&#8217;educaci\u00f3 prim\u00e0ria durant el curs 22-23. Tamb\u00e9 vam viure una emocionant entrega d&#8217;orles a l&#8217;alumnat de 6\u00e8, [&hellip;]<\/p>\n","protected":false},"author":1,"featured_media":0,"comment_status":"closed","ping_status":"closed","sticky":false,"template":"","format":"standard","meta":{"_bbp_topic_count":0,"_bbp_reply_count":0,"_bbp_total_topic_count":0,"_bbp_total_reply_count":0,"_bbp_voice_count":0,"_bbp_anonymous_reply_count":0,"_bbp_topic_count_hidden":0,"_bbp_reply_count_hidden":0,"_bbp_forum_subforum_count":0,"site-sidebar-layout":"default","site-content-layout":"","ast-site-content-layout":"","site-content-style":"default","site-sidebar-style":"default","ast-global-header-display":"","ast-banner-title-visibility":"","ast-main-header-display":"","ast-hfb-above-header-display":"","ast-hfb-below-header-display":"","ast-hfb-mobile-header-display":"","site-post-title":"","ast-breadcrumbs-content":"","ast-featured-img":"","footer-sml-layout":"","theme-transparent-header-meta":"","adv-header-id-meta":"","stick-header-meta":"","header-above-stick-meta":"","header-main-stick-meta":"","header-below-stick-meta":"","astra-migrate-meta-layouts":"default","ast-page-background-enabled":"default","ast-page-background-meta":{"desktop":{"background-color":"var(--ast-global-color-4)","background-image":"","background-repeat":"repeat","background-position":"center center","background-size":"auto","background-attachment":"scroll","background-type":"","background-media":"","overlay-type":"","overlay-color":"","overlay-opacity":"","overlay-gradient":""},"tablet":{"background-color":"","background-image":"","background-repeat":"repeat","background-position":"center center","background-size":"auto","background-attachment":"scroll","background-type":"","background-media":"","overlay-type":"","overlay-color":"","overlay-opacity":"","overlay-gradient":""},"mobile":{"background-color":"","background-image":"","background-repeat":"repeat","background-position":"center center","background-size":"auto","background-attachment":"scroll","background-type":"","background-media":"","overlay-type":"","overlay-color":"","overlay-opacity":"","overlay-gradient":""}},"ast-content-background-meta":{"desktop":{"background-color":"var(--ast-global-color-5)","background-image":"","background-repeat":"repeat","background-position":"center center","background-size":"auto","background-attachment":"scroll","background-type":"","background-media":"","overlay-type":"","overlay-color":"","overlay-opacity":"","overlay-gradient":""},"tablet":{"background-color":"var(--ast-global-color-5)","background-image":"","background-repeat":"repeat","background-position":"center center","background-size":"auto","background-attachment":"scroll","background-type":"","background-media":"","overlay-type":"","overlay-color":"","overlay-opacity":"","overlay-gradient":""},"mobile":{"background-color":"var(--ast-global-color-5)","background-image":"","background-repeat":"repeat","background-position":"center center","background-size":"auto","background-attachment":"scroll","background-type":"","background-media":"","overlay-type":"","overlay-color":"","overlay-opacity":"","overlay-gradient":""}},"footnotes":""},"categories":[290,64,4],"tags":[],"class_list":["post-7316","post","type-post","status-publish","format-standard","hentry","category-cicle-superior","category-educacioinfantil","category-portada"],"post_mailing_queue_ids":[],"_links":{"self":[{"href":"https:\/\/agora.xtec.cat\/escgaspardeportola\/wp-json\/wp\/v2\/posts\/7316","targetHints":{"allow":["GET"]}}],"collection":[{"href":"https:\/\/agora.xtec.cat\/escgaspardeportola\/wp-json\/wp\/v2\/posts"}],"about":[{"href":"https:\/\/agora.xtec.cat\/escgaspardeportola\/wp-json\/wp\/v2\/types\/post"}],"author":[{"embeddable":true,"href":"https:\/\/agora.xtec.cat\/escgaspardeportola\/wp-json\/wp\/v2\/users\/1"}],"replies":[{"embeddable":true,"href":"https:\/\/agora.xtec.cat\/escgaspardeportola\/wp-json\/wp\/v2\/comments?post=7316"}],"version-history":[{"count":1,"href":"https:\/\/agora.xtec.cat\/escgaspardeportola\/wp-json\/wp\/v2\/posts\/7316\/revisions"}],"predecessor-version":[{"id":7317,"href":"https:\/\/agora.xtec.cat\/escgaspardeportola\/wp-json\/wp\/v2\/posts\/7316\/revisions\/7317"}],"wp:attachment":[{"href":"https:\/\/agora.xtec.cat\/escgaspardeportola\/wp-json\/wp\/v2\/media?parent=7316"}],"wp:term":[{"taxonomy":"category","embeddable":true,"href":"https:\/\/agora.xtec.cat\/escgaspardeportola\/wp-json\/wp\/v2\/categories?post=7316"},{"taxonomy":"post_tag","embeddable":true,"href":"https:\/\/agora.xtec.cat\/escgaspardeportola\/wp-json\/wp\/v2\/tags?post=7316"}],"curies":[{"name":"wp","href":"https:\/\/api.w.org\/{rel}","templated":true}]}}