{"id":7304,"date":"2022-07-10T23:44:54","date_gmt":"2022-07-10T21:44:54","guid":{"rendered":"https:\/\/agora.xtec.cat\/escgaspardeportola\/?p=7304"},"modified":"2022-07-10T23:44:54","modified_gmt":"2022-07-10T21:44:54","slug":"acte-academic-50e-aniversari","status":"publish","type":"post","link":"https:\/\/agora.xtec.cat\/escgaspardeportola\/portada\/acte-academic-50e-aniversari\/","title":{"rendered":"Acte acad\u00e8mic 50\u00e8 aniversari"},"content":{"rendered":"<p>La celebraci\u00f3 del 50\u00e8 aniversari no podia obviar un acte acad\u00e8mic on realitzes un petit reconeixement a tots els professionals que durant aquests anys han format part de l&#8217;escola.<\/p>\n<p>Amb una fant\u00e0stica benvinguda per part del grup de batucada &#8220;La patakada&#8221; de l&#8217;escola municipal de m\u00fasica de Balaguer vam poder ballar i aplaudir al grup,, que amb molta il\u00b7lusi\u00f3 els vam agrair la seva m\u00fasica amb un petit detall fet des de l&#8217;escola.<\/p>\n<p>Unes petjades ens anaven guiant el pas per part de l&#8217;escola amb una exposici\u00f3 de records i treballs dels nostres alumnes on anaven marcant una l\u00ednia del temps. L&#8217;esplai tamb\u00e9 va organitzar una fant\u00e0stica exposici\u00f3 al gimn\u00e0s de l&#8217;escola.<\/p>\n<p>Despr\u00e9s, un cop dins el menjador, vam donar pas al protagonisme per part de tota \u00a0la comunitat educativa de l&#8217;escola, professorat, alumnat, fam\u00edlies, AFA, personal no docent, Esplai i la resta d&#8217;institucions des dels serveis educatius, paeria, consell comarcal, diputaci\u00f3 i el mateix departament d&#8217;educaci\u00f3. I en especial, protagonisme pels professors que van iniciar i forma el car\u00e0cter de l&#8217;escola en els seus inicis com els directors que hi van formar part.<\/p>\n<p>Maria Sabanes, Dolors Espuny, Dolors Palau i Llu\u00eds Garrof\u00e9 (el qual li vam obsequiar el pin que a partir del 25\u00e8 aniversari es va anar donant a tots els professors jubilats i ell no tenia) van nomenar les seves sensacions dels primers anys a l&#8217;escola i recordar a tot el professorat que ja no han pogut celebrar el 50\u00e8 aniversari.<\/p>\n<p>Despr\u00e9s de cantar l&#8217;himne per part dels alumnes de l&#8217;escola vam amenitzar la tarda amb un petit refrigeri als porxos de l&#8217;escola.<\/p>\n<p><a href=\"https:\/\/photos.google.com\/u\/3\/share\/AF1QipPXKycoDg9g5aRSUpAMvCHSXhYQrYY1t7G_8F_FjYyGp7M4MZnKHrfIWy8_9xHqpA?key=bTdtZEhjTVcyaFJaQkw0WEMyY244T29RekJhQjJn\"><img loading=\"lazy\" decoding=\"async\" class=\"alignnone size-large\" src=\"https:\/\/lh3.googleusercontent.com\/pw\/AM-JKLVxEYvAwrfp7-4RzVZiIJJlEQPPhDFINQpuCiUoA8l4o3WemcVE8UytgBB_BuY_KnQXHifKClo_OybOjGCXmsvAZcIJHS3r7t1rnzxVTXfQPivOC_NihQxa6ztxB-wNIFeM8u_1d80jXIsQG_Rv5MIi=w1116-h837-no?authuser=3http:\/\/\" width=\"1116\" height=\"837\" \/><\/a><\/p>\n<p>Fes clic a la fotografia per veure m\u00e9s imatges<\/p>\n","protected":false},"excerpt":{"rendered":"<p>La celebraci\u00f3 del 50\u00e8 aniversari no podia obviar un acte acad\u00e8mic on realitzes un petit reconeixement a tots els professionals que durant aquests anys han format part de l&#8217;escola. Amb una fant\u00e0stica benvinguda per part del grup de batucada &#8220;La patakada&#8221; de l&#8217;escola municipal de m\u00fasica de Balaguer vam poder ballar i aplaudir al grup,, [&hellip;]<\/p>\n","protected":false},"author":1,"featured_media":0,"comment_status":"closed","ping_status":"closed","sticky":false,"template":"","format":"standard","meta":{"_bbp_topic_count":0,"_bbp_reply_count":0,"_bbp_total_topic_count":0,"_bbp_total_reply_count":0,"_bbp_voice_count":0,"_bbp_anonymous_reply_count":0,"_bbp_topic_count_hidden":0,"_bbp_reply_count_hidden":0,"_bbp_forum_subforum_count":0,"site-sidebar-layout":"default","site-content-layout":"","ast-site-content-layout":"","site-content-style":"default","site-sidebar-style":"default","ast-global-header-display":"","ast-banner-title-visibility":"","ast-main-header-display":"","ast-hfb-above-header-display":"","ast-hfb-below-header-display":"","ast-hfb-mobile-header-display":"","site-post-title":"","ast-breadcrumbs-content":"","ast-featured-img":"","footer-sml-layout":"","theme-transparent-header-meta":"","adv-header-id-meta":"","stick-header-meta":"","header-above-stick-meta":"","header-main-stick-meta":"","header-below-stick-meta":"","astra-migrate-meta-layouts":"default","ast-page-background-enabled":"default","ast-page-background-meta":{"desktop":{"background-color":"var(--ast-global-color-4)","background-image":"","background-repeat":"repeat","background-position":"center center","background-size":"auto","background-attachment":"scroll","background-type":"","background-media":"","overlay-type":"","overlay-color":"","overlay-opacity":"","overlay-gradient":""},"tablet":{"background-color":"","background-image":"","background-repeat":"repeat","background-position":"center center","background-size":"auto","background-attachment":"scroll","background-type":"","background-media":"","overlay-type":"","overlay-color":"","overlay-opacity":"","overlay-gradient":""},"mobile":{"background-color":"","background-image":"","background-repeat":"repeat","background-position":"center center","background-size":"auto","background-attachment":"scroll","background-type":"","background-media":"","overlay-type":"","overlay-color":"","overlay-opacity":"","overlay-gradient":""}},"ast-content-background-meta":{"desktop":{"background-color":"var(--ast-global-color-5)","background-image":"","background-repeat":"repeat","background-position":"center center","background-size":"auto","background-attachment":"scroll","background-type":"","background-media":"","overlay-type":"","overlay-color":"","overlay-opacity":"","overlay-gradient":""},"tablet":{"background-color":"var(--ast-global-color-5)","background-image":"","background-repeat":"repeat","background-position":"center center","background-size":"auto","background-attachment":"scroll","background-type":"","background-media":"","overlay-type":"","overlay-color":"","overlay-opacity":"","overlay-gradient":""},"mobile":{"background-color":"var(--ast-global-color-5)","background-image":"","background-repeat":"repeat","background-position":"center center","background-size":"auto","background-attachment":"scroll","background-type":"","background-media":"","overlay-type":"","overlay-color":"","overlay-opacity":"","overlay-gradient":""}},"footnotes":""},"categories":[345,4],"tags":[],"class_list":["post-7304","post","type-post","status-publish","format-standard","hentry","category-50e-aniversari","category-portada"],"post_mailing_queue_ids":[],"_links":{"self":[{"href":"https:\/\/agora.xtec.cat\/escgaspardeportola\/wp-json\/wp\/v2\/posts\/7304","targetHints":{"allow":["GET"]}}],"collection":[{"href":"https:\/\/agora.xtec.cat\/escgaspardeportola\/wp-json\/wp\/v2\/posts"}],"about":[{"href":"https:\/\/agora.xtec.cat\/escgaspardeportola\/wp-json\/wp\/v2\/types\/post"}],"author":[{"embeddable":true,"href":"https:\/\/agora.xtec.cat\/escgaspardeportola\/wp-json\/wp\/v2\/users\/1"}],"replies":[{"embeddable":true,"href":"https:\/\/agora.xtec.cat\/escgaspardeportola\/wp-json\/wp\/v2\/comments?post=7304"}],"version-history":[{"count":1,"href":"https:\/\/agora.xtec.cat\/escgaspardeportola\/wp-json\/wp\/v2\/posts\/7304\/revisions"}],"predecessor-version":[{"id":7305,"href":"https:\/\/agora.xtec.cat\/escgaspardeportola\/wp-json\/wp\/v2\/posts\/7304\/revisions\/7305"}],"wp:attachment":[{"href":"https:\/\/agora.xtec.cat\/escgaspardeportola\/wp-json\/wp\/v2\/media?parent=7304"}],"wp:term":[{"taxonomy":"category","embeddable":true,"href":"https:\/\/agora.xtec.cat\/escgaspardeportola\/wp-json\/wp\/v2\/categories?post=7304"},{"taxonomy":"post_tag","embeddable":true,"href":"https:\/\/agora.xtec.cat\/escgaspardeportola\/wp-json\/wp\/v2\/tags?post=7304"}],"curies":[{"name":"wp","href":"https:\/\/api.w.org\/{rel}","templated":true}]}}