{"id":7289,"date":"2022-06-21T22:34:53","date_gmt":"2022-06-21T20:34:53","guid":{"rendered":"https:\/\/agora.xtec.cat\/escgaspardeportola\/?p=7289"},"modified":"2022-06-21T22:34:53","modified_gmt":"2022-06-21T20:34:53","slug":"projecte-sobre-les-plantes-a-3r","status":"publish","type":"post","link":"https:\/\/agora.xtec.cat\/escgaspardeportola\/ciclemitja\/projecte-sobre-les-plantes-a-3r\/","title":{"rendered":"Projecte sobre les plantes a 3r"},"content":{"rendered":"<p><img loading=\"lazy\" decoding=\"async\" class=\"size-full wp-image-7290 alignleft\" src=\"https:\/\/agora.xtec.cat\/escgaspardeportola\/wp-content\/uploads\/usu555\/2022\/06\/biblioplantes.jpg\" alt=\"\" width=\"336\" height=\"448\" srcset=\"https:\/\/agora.xtec.cat\/escgaspardeportola\/wp-content\/uploads\/usu555\/2022\/06\/biblioplantes.jpg 336w, https:\/\/agora.xtec.cat\/escgaspardeportola\/wp-content\/uploads\/usu555\/2022\/06\/biblioplantes-225x300.jpg 225w\" sizes=\"auto, (max-width: 336px) 100vw, 336px\" \/>A 3r ja hem acabat el darrer projecte d&#8217;aquest curs 2021-22: <strong>Quin \u00e9s el color de l&#8217;esperan\u00e7a per la Terra?<\/strong> Doncs s\u00ed, el verd de totes les plantes!<\/p>\n<p>N&#8217;hem conegut les parts m\u00e9s importants i tamb\u00e9 les funcions vitals: com es nodreixen, com es reprodueixen i tamb\u00e9 com es relacionen amb el medi. N&#8217;hem vist de diversos tipus, fins i tot una de carn\u00edvora i hem apr\u00e8s perqu\u00e8 s&#8217;alimenten d&#8217;insectes. A m\u00e9s a m\u00e9s, tamb\u00e9 hem anat a la biblioteca de l&#8217;escola a buscar informaci\u00f3 sobre les plantes. Fins i tot, n&#8217;hem portat algunes a classe i les hem explicat als companys. Finalment, ens hem endut a casa les plantes que tenim a l&#8217;escola per cuidar-les durant l&#8217;estiu i poder-les tenir ben boniques quan comencem 4t!<\/p>\n<p>Aqu\u00ed veieu les fotos; <a href=\"https:\/\/drive.google.com\/drive\/folders\/1eqoPMSf6eBCbDwg44Gl_foGx3Q3EjR1P?usp=sharing\">FOTOS<\/a><\/p>\n","protected":false},"excerpt":{"rendered":"<p>A 3r ja hem acabat el darrer projecte d&#8217;aquest curs 2021-22: Quin \u00e9s el color de l&#8217;esperan\u00e7a per la Terra? Doncs s\u00ed, el verd de totes les plantes! N&#8217;hem conegut les parts m\u00e9s importants i tamb\u00e9 les funcions vitals: com es nodreixen, com es reprodueixen i tamb\u00e9 com es relacionen amb el medi. N&#8217;hem vist [&hellip;]<\/p>\n","protected":false},"author":12,"featured_media":0,"comment_status":"open","ping_status":"closed","sticky":false,"template":"","format":"standard","meta":{"_bbp_topic_count":0,"_bbp_reply_count":0,"_bbp_total_topic_count":0,"_bbp_total_reply_count":0,"_bbp_voice_count":0,"_bbp_anonymous_reply_count":0,"_bbp_topic_count_hidden":0,"_bbp_reply_count_hidden":0,"_bbp_forum_subforum_count":0,"site-sidebar-layout":"default","site-content-layout":"","ast-site-content-layout":"","site-content-style":"default","site-sidebar-style":"default","ast-global-header-display":"","ast-banner-title-visibility":"","ast-main-header-display":"","ast-hfb-above-header-display":"","ast-hfb-below-header-display":"","ast-hfb-mobile-header-display":"","site-post-title":"","ast-breadcrumbs-content":"","ast-featured-img":"","footer-sml-layout":"","theme-transparent-header-meta":"","adv-header-id-meta":"","stick-header-meta":"","header-above-stick-meta":"","header-main-stick-meta":"","header-below-stick-meta":"","astra-migrate-meta-layouts":"default","ast-page-background-enabled":"default","ast-page-background-meta":{"desktop":{"background-color":"var(--ast-global-color-4)","background-image":"","background-repeat":"repeat","background-position":"center center","background-size":"auto","background-attachment":"scroll","background-type":"","background-media":"","overlay-type":"","overlay-color":"","overlay-opacity":"","overlay-gradient":""},"tablet":{"background-color":"","background-image":"","background-repeat":"repeat","background-position":"center center","background-size":"auto","background-attachment":"scroll","background-type":"","background-media":"","overlay-type":"","overlay-color":"","overlay-opacity":"","overlay-gradient":""},"mobile":{"background-color":"","background-image":"","background-repeat":"repeat","background-position":"center center","background-size":"auto","background-attachment":"scroll","background-type":"","background-media":"","overlay-type":"","overlay-color":"","overlay-opacity":"","overlay-gradient":""}},"ast-content-background-meta":{"desktop":{"background-color":"var(--ast-global-color-5)","background-image":"","background-repeat":"repeat","background-position":"center center","background-size":"auto","background-attachment":"scroll","background-type":"","background-media":"","overlay-type":"","overlay-color":"","overlay-opacity":"","overlay-gradient":""},"tablet":{"background-color":"var(--ast-global-color-5)","background-image":"","background-repeat":"repeat","background-position":"center center","background-size":"auto","background-attachment":"scroll","background-type":"","background-media":"","overlay-type":"","overlay-color":"","overlay-opacity":"","overlay-gradient":""},"mobile":{"background-color":"var(--ast-global-color-5)","background-image":"","background-repeat":"repeat","background-position":"center center","background-size":"auto","background-attachment":"scroll","background-type":"","background-media":"","overlay-type":"","overlay-color":"","overlay-opacity":"","overlay-gradient":""}},"footnotes":""},"categories":[60],"tags":[61,280,186],"class_list":["post-7289","post","type-post","status-publish","format-standard","hentry","category-ciclemitja","tag-cicle-mitja","tag-cicle-mitja-tercer","tag-projecte-plantes"],"post_mailing_queue_ids":[],"_links":{"self":[{"href":"https:\/\/agora.xtec.cat\/escgaspardeportola\/wp-json\/wp\/v2\/posts\/7289","targetHints":{"allow":["GET"]}}],"collection":[{"href":"https:\/\/agora.xtec.cat\/escgaspardeportola\/wp-json\/wp\/v2\/posts"}],"about":[{"href":"https:\/\/agora.xtec.cat\/escgaspardeportola\/wp-json\/wp\/v2\/types\/post"}],"author":[{"embeddable":true,"href":"https:\/\/agora.xtec.cat\/escgaspardeportola\/wp-json\/wp\/v2\/users\/12"}],"replies":[{"embeddable":true,"href":"https:\/\/agora.xtec.cat\/escgaspardeportola\/wp-json\/wp\/v2\/comments?post=7289"}],"version-history":[{"count":1,"href":"https:\/\/agora.xtec.cat\/escgaspardeportola\/wp-json\/wp\/v2\/posts\/7289\/revisions"}],"predecessor-version":[{"id":7291,"href":"https:\/\/agora.xtec.cat\/escgaspardeportola\/wp-json\/wp\/v2\/posts\/7289\/revisions\/7291"}],"wp:attachment":[{"href":"https:\/\/agora.xtec.cat\/escgaspardeportola\/wp-json\/wp\/v2\/media?parent=7289"}],"wp:term":[{"taxonomy":"category","embeddable":true,"href":"https:\/\/agora.xtec.cat\/escgaspardeportola\/wp-json\/wp\/v2\/categories?post=7289"},{"taxonomy":"post_tag","embeddable":true,"href":"https:\/\/agora.xtec.cat\/escgaspardeportola\/wp-json\/wp\/v2\/tags?post=7289"}],"curies":[{"name":"wp","href":"https:\/\/api.w.org\/{rel}","templated":true}]}}