{"id":7273,"date":"2022-06-19T17:31:18","date_gmt":"2022-06-19T15:31:18","guid":{"rendered":"https:\/\/agora.xtec.cat\/escgaspardeportola\/?p=7273"},"modified":"2022-06-19T17:31:18","modified_gmt":"2022-06-19T15:31:18","slug":"concurs-de-dibuix-encontats","status":"publish","type":"post","link":"https:\/\/agora.xtec.cat\/escgaspardeportola\/educacioinfantil\/concurs-de-dibuix-encontats\/","title":{"rendered":"Concurs de dibuix Encontats!"},"content":{"rendered":"<p>Dissabte 18 de juny al mat\u00ed a la Pla\u00e7a del Pou cinc alumnes de la nostra escola d&#8217;educaci\u00f3 infantil van recollir \u00a0cinc premis dels sis que van donar a l&#8217;etapa d&#8217;educaci\u00f3 infantil en el concurs de dibuix Encontats 2022.<\/p>\n<p>L&#8217;Oleguer, l&#8217;Aymen, el Gerard, el Martin i la Zineb van ser obsequiats amb un diploma i amb un val per gastar amb les parades de llibres dels encontats de diumenge, el tema del concurs era &#8220;Balaguer, el conte m\u00e9s gran del m\u00f3n&#8221;.<\/p>\n<p>El jurat va estar format per:<\/p>\n<p>Natasha Domanova, il.lustradora dels tallers d\u2019Encontats<br \/>\nM\u00f2nica Boladeres, il.lustradora dels tallers d\u2019Encontats a les escoles.<br \/>\nRamon Mayals, il.lustrador dels tallers d\u2019Encontats a les escoles.<br \/>\n\u00c8ric Berga, director del CRP de la Noguera<br \/>\nN\u00faria Arb\u00f3s, directora de la biblioteca p\u00fablica de Balague<br \/>\nImma Montoliu, t\u00e8cnica d\u2019educaci\u00f3 de la Paeria<\/p>\n<p>Moltes Felicitats a tots i a gaudir de la lectura!<\/p>\n<p><a href=\"https:\/\/photos.app.goo.gl\/iSMzcdvQYXe53a8E6\"><img loading=\"lazy\" decoding=\"async\" class=\"alignnone size-large\" src=\"https:\/\/lh3.googleusercontent.com\/pw\/AM-JKLV1SLjFTS9v4FrlBSlBBNPQvbkxQVwun8gXliZSKPg0b9erNidr0PtR7DmZac5VrWs9DfN_nwjikFSnMkdGx3Aqo_ybnt88lx13qRZ7XxGPm1RvZMEBJFgf8MBVDfeZAxSVVfVF2Wd_yeDXhka1PI-6=w1116-h837-no?authuser=3\" width=\"1116\" height=\"837\" \/><\/a><\/p>\n<p>Feu clic a la imatge per veure m\u00e9s fotografies!<\/p>\n","protected":false},"excerpt":{"rendered":"<p>Dissabte 18 de juny al mat\u00ed a la Pla\u00e7a del Pou cinc alumnes de la nostra escola d&#8217;educaci\u00f3 infantil van recollir \u00a0cinc premis dels sis que van donar a l&#8217;etapa d&#8217;educaci\u00f3 infantil en el concurs de dibuix Encontats 2022. L&#8217;Oleguer, l&#8217;Aymen, el Gerard, el Martin i la Zineb van ser obsequiats amb un diploma i [&hellip;]<\/p>\n","protected":false},"author":1,"featured_media":0,"comment_status":"closed","ping_status":"closed","sticky":false,"template":"","format":"standard","meta":{"_bbp_topic_count":0,"_bbp_reply_count":0,"_bbp_total_topic_count":0,"_bbp_total_reply_count":0,"_bbp_voice_count":0,"_bbp_anonymous_reply_count":0,"_bbp_topic_count_hidden":0,"_bbp_reply_count_hidden":0,"_bbp_forum_subforum_count":0,"site-sidebar-layout":"default","site-content-layout":"","ast-site-content-layout":"","site-content-style":"default","site-sidebar-style":"default","ast-global-header-display":"","ast-banner-title-visibility":"","ast-main-header-display":"","ast-hfb-above-header-display":"","ast-hfb-below-header-display":"","ast-hfb-mobile-header-display":"","site-post-title":"","ast-breadcrumbs-content":"","ast-featured-img":"","footer-sml-layout":"","theme-transparent-header-meta":"","adv-header-id-meta":"","stick-header-meta":"","header-above-stick-meta":"","header-main-stick-meta":"","header-below-stick-meta":"","astra-migrate-meta-layouts":"default","ast-page-background-enabled":"default","ast-page-background-meta":{"desktop":{"background-color":"var(--ast-global-color-4)","background-image":"","background-repeat":"repeat","background-position":"center center","background-size":"auto","background-attachment":"scroll","background-type":"","background-media":"","overlay-type":"","overlay-color":"","overlay-opacity":"","overlay-gradient":""},"tablet":{"background-color":"","background-image":"","background-repeat":"repeat","background-position":"center center","background-size":"auto","background-attachment":"scroll","background-type":"","background-media":"","overlay-type":"","overlay-color":"","overlay-opacity":"","overlay-gradient":""},"mobile":{"background-color":"","background-image":"","background-repeat":"repeat","background-position":"center center","background-size":"auto","background-attachment":"scroll","background-type":"","background-media":"","overlay-type":"","overlay-color":"","overlay-opacity":"","overlay-gradient":""}},"ast-content-background-meta":{"desktop":{"background-color":"var(--ast-global-color-5)","background-image":"","background-repeat":"repeat","background-position":"center center","background-size":"auto","background-attachment":"scroll","background-type":"","background-media":"","overlay-type":"","overlay-color":"","overlay-opacity":"","overlay-gradient":""},"tablet":{"background-color":"var(--ast-global-color-5)","background-image":"","background-repeat":"repeat","background-position":"center center","background-size":"auto","background-attachment":"scroll","background-type":"","background-media":"","overlay-type":"","overlay-color":"","overlay-opacity":"","overlay-gradient":""},"mobile":{"background-color":"var(--ast-global-color-5)","background-image":"","background-repeat":"repeat","background-position":"center center","background-size":"auto","background-attachment":"scroll","background-type":"","background-media":"","overlay-type":"","overlay-color":"","overlay-opacity":"","overlay-gradient":""}},"footnotes":""},"categories":[64],"tags":[],"class_list":["post-7273","post","type-post","status-publish","format-standard","hentry","category-educacioinfantil"],"post_mailing_queue_ids":[],"_links":{"self":[{"href":"https:\/\/agora.xtec.cat\/escgaspardeportola\/wp-json\/wp\/v2\/posts\/7273","targetHints":{"allow":["GET"]}}],"collection":[{"href":"https:\/\/agora.xtec.cat\/escgaspardeportola\/wp-json\/wp\/v2\/posts"}],"about":[{"href":"https:\/\/agora.xtec.cat\/escgaspardeportola\/wp-json\/wp\/v2\/types\/post"}],"author":[{"embeddable":true,"href":"https:\/\/agora.xtec.cat\/escgaspardeportola\/wp-json\/wp\/v2\/users\/1"}],"replies":[{"embeddable":true,"href":"https:\/\/agora.xtec.cat\/escgaspardeportola\/wp-json\/wp\/v2\/comments?post=7273"}],"version-history":[{"count":1,"href":"https:\/\/agora.xtec.cat\/escgaspardeportola\/wp-json\/wp\/v2\/posts\/7273\/revisions"}],"predecessor-version":[{"id":7274,"href":"https:\/\/agora.xtec.cat\/escgaspardeportola\/wp-json\/wp\/v2\/posts\/7273\/revisions\/7274"}],"wp:attachment":[{"href":"https:\/\/agora.xtec.cat\/escgaspardeportola\/wp-json\/wp\/v2\/media?parent=7273"}],"wp:term":[{"taxonomy":"category","embeddable":true,"href":"https:\/\/agora.xtec.cat\/escgaspardeportola\/wp-json\/wp\/v2\/categories?post=7273"},{"taxonomy":"post_tag","embeddable":true,"href":"https:\/\/agora.xtec.cat\/escgaspardeportola\/wp-json\/wp\/v2\/tags?post=7273"}],"curies":[{"name":"wp","href":"https:\/\/api.w.org\/{rel}","templated":true}]}}