{"id":7230,"date":"2022-06-09T12:18:46","date_gmt":"2022-06-09T10:18:46","guid":{"rendered":"https:\/\/agora.xtec.cat\/escgaspardeportola\/?p=7230"},"modified":"2022-06-09T12:18:46","modified_gmt":"2022-06-09T10:18:46","slug":"color-i-alegria","status":"publish","type":"post","link":"https:\/\/agora.xtec.cat\/escgaspardeportola\/portada\/color-i-alegria\/","title":{"rendered":"Color i alegria!"},"content":{"rendered":"<p>Aquests dies l&#8217;escola estem gaudint d&#8217;una fant\u00e0stica fa\u00e7ana. L&#8217;artista i pare de l&#8217;escola Jonatan Arrar\u00e1s ens l&#8217;ha dissenyat,\u00a0 posant color i alegria al centre, aprofitant el 50\u00e8 aniversari de l&#8217;escola. Agra\u00efm molt la seva col\u00b7laboraci\u00f3 i la il\u00b7lusi\u00f3 que hi ha posat, tot i suportar el sol i la calor d&#8217;aquestes setmanes.<\/p>\n<p>No \u00e9s el primer cop que inverteix temps i hores en les parets del nostre centre. El mural de la caseta de l&#8217;AFA i de l&#8217;esplai, en el seu moment, no ens va deixar indiferents.<\/p>\n<p>Moltes gr\u00e0cies per tot Jonatan.<\/p>\n<p><img loading=\"lazy\" decoding=\"async\" class=\"alignnone size-large\" src=\"https:\/\/lh3.googleusercontent.com\/k-P0dFr7ZDn079L6-MlW1SRByqZdiQts0iCUq3c7moCve4YxKWpWPi-EmQBctFR2wfj9MrTV8fXA168rX5sfu_67K1E5DHPnc-3Rjcq5hPJ9710r6089MCCMZm60t35JxCZa8MAz_0vzfAXawh1iAQm3-cje1nL8WNAEkVoQsFbzi5QB4pY5wb5SFTyVwP9qa4Hs0ETfy38Btt999PgA-H7BAA0_3nfZpplsULPPhLRAycmhqBlOcsvxz0lKCcNIDKqjQD9t3AabnXaBG_AcP3LJJcf5Gyw1t-yI1trbEE8Irvzbm5k7IgSiJfb-eoYjXvXxf5J11p6t747dIfqP9GWure13vX-10h-jobdxsRIOHM6eFVFaWJM3nwDyTZlFfDReqOEV_1e1nVe1mKWEFeaWK51bKcmJU43Es5_lhdGMb_o9jJM8LhkB7Qi9LcjDfI4rjSbLpYbbh22RsKTzzXOXzL9zZuow_2F97iYYD6IkzlDjeTakdhJBiyXkttVSH8UUmQUGhPRufzN-lVwBLf-Yqm7mmb2cdcyPk1S3Fgta6xkO3RDkEHq2XqkMweqYS3bV65uSh0FsmLg0t_IY757VqllDMA3RxAzkFSjG_B6GE1Nv01pOvoMPg4EzB519zz8DQ44t1VzG4s86jz5FJQbM2rw4HfAO6Frn-t5miDw3KbGhThi6YaSY7Y7xlE-eKeusyxOTqwfhn9pT_0D2g_0Ez_bCm5N0r0OxOa2HRIcjeKuJuawUcJj0cjYjcWacCcH04e-7bJtGb01lhe3xVcryyLUO6EpJNyLL6I-sS2UoM779NW_DHXsSaDyhEsQxuoOmo1lWFzHInR3uI25yrpIThu354SkmLs9xAMQqAYum_EOrChyybkoHlklwr4F7yjBrjiS8kaztREDactIf8bvxeOgBDlv_Tif0XKUOsQE4Tw=w1680-h776-no?authuser=3\" width=\"1680\" height=\"775\" \/><\/p>\n","protected":false},"excerpt":{"rendered":"<p>Aquests dies l&#8217;escola estem gaudint d&#8217;una fant\u00e0stica fa\u00e7ana. L&#8217;artista i pare de l&#8217;escola Jonatan Arrar\u00e1s ens l&#8217;ha dissenyat,\u00a0 posant color i alegria al centre, aprofitant el 50\u00e8 aniversari de l&#8217;escola. Agra\u00efm molt la seva col\u00b7laboraci\u00f3 i la il\u00b7lusi\u00f3 que hi ha posat, tot i suportar el sol i la calor d&#8217;aquestes setmanes. No \u00e9s el [&hellip;]<\/p>\n","protected":false},"author":1,"featured_media":0,"comment_status":"closed","ping_status":"closed","sticky":false,"template":"","format":"standard","meta":{"_bbp_topic_count":0,"_bbp_reply_count":0,"_bbp_total_topic_count":0,"_bbp_total_reply_count":0,"_bbp_voice_count":0,"_bbp_anonymous_reply_count":0,"_bbp_topic_count_hidden":0,"_bbp_reply_count_hidden":0,"_bbp_forum_subforum_count":0,"site-sidebar-layout":"default","site-content-layout":"","ast-site-content-layout":"","site-content-style":"default","site-sidebar-style":"default","ast-global-header-display":"","ast-banner-title-visibility":"","ast-main-header-display":"","ast-hfb-above-header-display":"","ast-hfb-below-header-display":"","ast-hfb-mobile-header-display":"","site-post-title":"","ast-breadcrumbs-content":"","ast-featured-img":"","footer-sml-layout":"","theme-transparent-header-meta":"","adv-header-id-meta":"","stick-header-meta":"","header-above-stick-meta":"","header-main-stick-meta":"","header-below-stick-meta":"","astra-migrate-meta-layouts":"default","ast-page-background-enabled":"default","ast-page-background-meta":{"desktop":{"background-color":"var(--ast-global-color-4)","background-image":"","background-repeat":"repeat","background-position":"center center","background-size":"auto","background-attachment":"scroll","background-type":"","background-media":"","overlay-type":"","overlay-color":"","overlay-opacity":"","overlay-gradient":""},"tablet":{"background-color":"","background-image":"","background-repeat":"repeat","background-position":"center center","background-size":"auto","background-attachment":"scroll","background-type":"","background-media":"","overlay-type":"","overlay-color":"","overlay-opacity":"","overlay-gradient":""},"mobile":{"background-color":"","background-image":"","background-repeat":"repeat","background-position":"center center","background-size":"auto","background-attachment":"scroll","background-type":"","background-media":"","overlay-type":"","overlay-color":"","overlay-opacity":"","overlay-gradient":""}},"ast-content-background-meta":{"desktop":{"background-color":"var(--ast-global-color-5)","background-image":"","background-repeat":"repeat","background-position":"center center","background-size":"auto","background-attachment":"scroll","background-type":"","background-media":"","overlay-type":"","overlay-color":"","overlay-opacity":"","overlay-gradient":""},"tablet":{"background-color":"var(--ast-global-color-5)","background-image":"","background-repeat":"repeat","background-position":"center center","background-size":"auto","background-attachment":"scroll","background-type":"","background-media":"","overlay-type":"","overlay-color":"","overlay-opacity":"","overlay-gradient":""},"mobile":{"background-color":"var(--ast-global-color-5)","background-image":"","background-repeat":"repeat","background-position":"center center","background-size":"auto","background-attachment":"scroll","background-type":"","background-media":"","overlay-type":"","overlay-color":"","overlay-opacity":"","overlay-gradient":""}},"footnotes":""},"categories":[345,4],"tags":[],"class_list":["post-7230","post","type-post","status-publish","format-standard","hentry","category-50e-aniversari","category-portada"],"post_mailing_queue_ids":[],"_links":{"self":[{"href":"https:\/\/agora.xtec.cat\/escgaspardeportola\/wp-json\/wp\/v2\/posts\/7230","targetHints":{"allow":["GET"]}}],"collection":[{"href":"https:\/\/agora.xtec.cat\/escgaspardeportola\/wp-json\/wp\/v2\/posts"}],"about":[{"href":"https:\/\/agora.xtec.cat\/escgaspardeportola\/wp-json\/wp\/v2\/types\/post"}],"author":[{"embeddable":true,"href":"https:\/\/agora.xtec.cat\/escgaspardeportola\/wp-json\/wp\/v2\/users\/1"}],"replies":[{"embeddable":true,"href":"https:\/\/agora.xtec.cat\/escgaspardeportola\/wp-json\/wp\/v2\/comments?post=7230"}],"version-history":[{"count":1,"href":"https:\/\/agora.xtec.cat\/escgaspardeportola\/wp-json\/wp\/v2\/posts\/7230\/revisions"}],"predecessor-version":[{"id":7231,"href":"https:\/\/agora.xtec.cat\/escgaspardeportola\/wp-json\/wp\/v2\/posts\/7230\/revisions\/7231"}],"wp:attachment":[{"href":"https:\/\/agora.xtec.cat\/escgaspardeportola\/wp-json\/wp\/v2\/media?parent=7230"}],"wp:term":[{"taxonomy":"category","embeddable":true,"href":"https:\/\/agora.xtec.cat\/escgaspardeportola\/wp-json\/wp\/v2\/categories?post=7230"},{"taxonomy":"post_tag","embeddable":true,"href":"https:\/\/agora.xtec.cat\/escgaspardeportola\/wp-json\/wp\/v2\/tags?post=7230"}],"curies":[{"name":"wp","href":"https:\/\/api.w.org\/{rel}","templated":true}]}}