{"id":7107,"date":"2022-05-04T09:52:11","date_gmt":"2022-05-04T07:52:11","guid":{"rendered":"https:\/\/agora.xtec.cat\/escgaspardeportola\/?p=7107"},"modified":"2022-05-04T09:59:38","modified_gmt":"2022-05-04T07:59:38","slug":"unai-nil-quim-sofia-i-mariette-al-saltem-i-ballem","status":"publish","type":"post","link":"https:\/\/agora.xtec.cat\/escgaspardeportola\/ciclemitja\/unai-nil-quim-sofia-i-mariette-al-saltem-i-ballem\/","title":{"rendered":"Unai, Nil, Quim, Sofia i Mariette al Saltem i Ballem!"},"content":{"rendered":"<p>Benvolgudes fam\u00edlies,<\/p>\n<p>Volem fer un agra\u00efment especial a l&#8217;Unai, Nil, Quim, Sofia i Mariette de 4t que van ser els \u00fanics representants de l&#8217;escola de cicle mitj\u00e0 a la trobada de sardanes que organitzava Saltem i Ballem dins els programes de Balaguer capital de la Sardana.<\/p>\n<p>La trobada es va realitzar el dissabte 30 de maig a la pla\u00e7a del morter, hi havia representaci\u00f3 de totes les escoles de Balaguer i de la comarca, els monitors del curs de sardana que ens van oferir al centre i d&#8217;autoritats com el delegat dels serveis territorials d&#8217;ensenyament, el Paer en Cap Jordi Ignasi Vidal de la ciutat entre altres.<\/p>\n<p>Vam realitzar l&#8217;entrada fent la Galop i vam ballar una sardana per grups. Despr\u00e9s gr\u00e0cies a la cobla Gira-Gira i el grup Polcasol3 ens van amenitzar diversos jocs cantats. Ens ho vam passar molt b\u00e9.<\/p>\n<p>Un bon berenar i un bon detall per l&#8217;escola i els participants va ser la cloenda d&#8217;una bonica tarda. Agrair a les companyes de Vedruna que va fer que fessim el grup m\u00e9s gran.<\/p>\n<p><a href=\"https:\/\/photos.app.goo.gl\/VkooDGNKBiSnqCTs6\"><img loading=\"lazy\" decoding=\"async\" class=\"alignnone size-large\" src=\"https:\/\/lh3.googleusercontent.com\/pw\/AM-JKLUTDv2w1wCVf6btWtSUGGn5hg7Wbb__aGbiZ_8zUNoni3aqfK7zoL6HuvUdYCXfzhxykKBrE59NRWvHejA6dNjcnD1puwzY8qGxF1rp8vXQ5z3mJUZmRxlyH-1bj1s0aDVZwQgGMwdHQAriV4KGYX4u=w1116-h837-no?authuser=3http:\/\/\" width=\"1116\" height=\"837\" \/><\/a><\/p>\n<p>Fes clic a la imatge per veure m\u00e9s fotografies<\/p>\n","protected":false},"excerpt":{"rendered":"<p>Benvolgudes fam\u00edlies, Volem fer un agra\u00efment especial a l&#8217;Unai, Nil, Quim, Sofia i Mariette de 4t que van ser els \u00fanics representants de l&#8217;escola de cicle mitj\u00e0 a la trobada de sardanes que organitzava Saltem i Ballem dins els programes de Balaguer capital de la Sardana. La trobada es va realitzar el dissabte 30 de [&hellip;]<\/p>\n","protected":false},"author":1,"featured_media":0,"comment_status":"closed","ping_status":"closed","sticky":false,"template":"","format":"standard","meta":{"_bbp_topic_count":0,"_bbp_reply_count":0,"_bbp_total_topic_count":0,"_bbp_total_reply_count":0,"_bbp_voice_count":0,"_bbp_anonymous_reply_count":0,"_bbp_topic_count_hidden":0,"_bbp_reply_count_hidden":0,"_bbp_forum_subforum_count":0,"site-sidebar-layout":"default","site-content-layout":"","ast-site-content-layout":"","site-content-style":"default","site-sidebar-style":"default","ast-global-header-display":"","ast-banner-title-visibility":"","ast-main-header-display":"","ast-hfb-above-header-display":"","ast-hfb-below-header-display":"","ast-hfb-mobile-header-display":"","site-post-title":"","ast-breadcrumbs-content":"","ast-featured-img":"","footer-sml-layout":"","theme-transparent-header-meta":"","adv-header-id-meta":"","stick-header-meta":"","header-above-stick-meta":"","header-main-stick-meta":"","header-below-stick-meta":"","astra-migrate-meta-layouts":"default","ast-page-background-enabled":"default","ast-page-background-meta":{"desktop":{"background-color":"var(--ast-global-color-4)","background-image":"","background-repeat":"repeat","background-position":"center center","background-size":"auto","background-attachment":"scroll","background-type":"","background-media":"","overlay-type":"","overlay-color":"","overlay-opacity":"","overlay-gradient":""},"tablet":{"background-color":"","background-image":"","background-repeat":"repeat","background-position":"center center","background-size":"auto","background-attachment":"scroll","background-type":"","background-media":"","overlay-type":"","overlay-color":"","overlay-opacity":"","overlay-gradient":""},"mobile":{"background-color":"","background-image":"","background-repeat":"repeat","background-position":"center center","background-size":"auto","background-attachment":"scroll","background-type":"","background-media":"","overlay-type":"","overlay-color":"","overlay-opacity":"","overlay-gradient":""}},"ast-content-background-meta":{"desktop":{"background-color":"var(--ast-global-color-5)","background-image":"","background-repeat":"repeat","background-position":"center center","background-size":"auto","background-attachment":"scroll","background-type":"","background-media":"","overlay-type":"","overlay-color":"","overlay-opacity":"","overlay-gradient":""},"tablet":{"background-color":"var(--ast-global-color-5)","background-image":"","background-repeat":"repeat","background-position":"center center","background-size":"auto","background-attachment":"scroll","background-type":"","background-media":"","overlay-type":"","overlay-color":"","overlay-opacity":"","overlay-gradient":""},"mobile":{"background-color":"var(--ast-global-color-5)","background-image":"","background-repeat":"repeat","background-position":"center center","background-size":"auto","background-attachment":"scroll","background-type":"","background-media":"","overlay-type":"","overlay-color":"","overlay-opacity":"","overlay-gradient":""}},"footnotes":""},"categories":[60],"tags":[],"class_list":["post-7107","post","type-post","status-publish","format-standard","hentry","category-ciclemitja"],"post_mailing_queue_ids":[],"_links":{"self":[{"href":"https:\/\/agora.xtec.cat\/escgaspardeportola\/wp-json\/wp\/v2\/posts\/7107","targetHints":{"allow":["GET"]}}],"collection":[{"href":"https:\/\/agora.xtec.cat\/escgaspardeportola\/wp-json\/wp\/v2\/posts"}],"about":[{"href":"https:\/\/agora.xtec.cat\/escgaspardeportola\/wp-json\/wp\/v2\/types\/post"}],"author":[{"embeddable":true,"href":"https:\/\/agora.xtec.cat\/escgaspardeportola\/wp-json\/wp\/v2\/users\/1"}],"replies":[{"embeddable":true,"href":"https:\/\/agora.xtec.cat\/escgaspardeportola\/wp-json\/wp\/v2\/comments?post=7107"}],"version-history":[{"count":3,"href":"https:\/\/agora.xtec.cat\/escgaspardeportola\/wp-json\/wp\/v2\/posts\/7107\/revisions"}],"predecessor-version":[{"id":7110,"href":"https:\/\/agora.xtec.cat\/escgaspardeportola\/wp-json\/wp\/v2\/posts\/7107\/revisions\/7110"}],"wp:attachment":[{"href":"https:\/\/agora.xtec.cat\/escgaspardeportola\/wp-json\/wp\/v2\/media?parent=7107"}],"wp:term":[{"taxonomy":"category","embeddable":true,"href":"https:\/\/agora.xtec.cat\/escgaspardeportola\/wp-json\/wp\/v2\/categories?post=7107"},{"taxonomy":"post_tag","embeddable":true,"href":"https:\/\/agora.xtec.cat\/escgaspardeportola\/wp-json\/wp\/v2\/tags?post=7107"}],"curies":[{"name":"wp","href":"https:\/\/api.w.org\/{rel}","templated":true}]}}