{"id":7056,"date":"2022-04-27T22:13:59","date_gmt":"2022-04-27T20:13:59","guid":{"rendered":"https:\/\/agora.xtec.cat\/escgaspardeportola\/?p=7056"},"modified":"2022-04-27T23:02:33","modified_gmt":"2022-04-27T21:02:33","slug":"jocs-florals","status":"publish","type":"post","link":"https:\/\/agora.xtec.cat\/escgaspardeportola\/portada\/jocs-florals\/","title":{"rendered":"Jocs Florals"},"content":{"rendered":"<p>La tarda del dilluns, 25 d&#8217;abril vam fer l&#8217;entrega dels premis de dos convocat\u00f2ries de Jocs Florals. Per una banda, els que estaven organitzats des de l&#8217;escola; per altra banda, els organitzats a nivell de Catalunya.<\/p>\n<p>Primerament, es va fer l&#8217;entrega dels obsequis als nostres representants en els IX Jocs Florals de Catalunya. El tema de l&#8217;escrit era lliure i s&#8217;havia de fer amb grups de treballs.<\/p>\n<p>El grup representant de la categoria de cicle mitj\u00e0 va presentar un escrit basat en una protagonista molt valenta que aconsegueix solucionar una situaci\u00f3 molt estranya. Els i les autores d&#8217;aquesta hist\u00f2ria tan bonica s\u00f3n: Salma Akrach, Val\u00e8ria Beltr\u00e1n, Iker Rod\u00e9s i Gabriela Sandoya.<\/p>\n<p><img loading=\"lazy\" decoding=\"async\" class=\"alignnone size-large wp-image-7062\" src=\"https:\/\/agora.xtec.cat\/escgaspardeportola\/wp-content\/uploads\/usu555\/2022\/04\/20220425_152607-743x1024.jpg\" alt=\"\" width=\"743\" height=\"1024\" srcset=\"https:\/\/agora.xtec.cat\/escgaspardeportola\/wp-content\/uploads\/usu555\/2022\/04\/20220425_152607-743x1024.jpg 743w, https:\/\/agora.xtec.cat\/escgaspardeportola\/wp-content\/uploads\/usu555\/2022\/04\/20220425_152607-218x300.jpg 218w, https:\/\/agora.xtec.cat\/escgaspardeportola\/wp-content\/uploads\/usu555\/2022\/04\/20220425_152607-768x1058.jpg 768w, https:\/\/agora.xtec.cat\/escgaspardeportola\/wp-content\/uploads\/usu555\/2022\/04\/20220425_152607-1115x1536.jpg 1115w, https:\/\/agora.xtec.cat\/escgaspardeportola\/wp-content\/uploads\/usu555\/2022\/04\/20220425_152607.jpg 1318w\" sizes=\"auto, (max-width: 743px) 100vw, 743px\" \/><\/p>\n<p>El grup representant de la categoria de cicle superior va presentar una hist\u00f2ria en l&#8217;amistat i el treball en equip per aconseguir tornar a la normalitat. Els i les autores d\u2019aquesta magn\u00edfica hist\u00f2ria s\u00f3n: Rayan Belmamoun, Yousra Htiti, Ares Torra i Ariadna Verdugo.<\/p>\n<p><img loading=\"lazy\" decoding=\"async\" class=\"alignnone size-large wp-image-7063\" src=\"https:\/\/agora.xtec.cat\/escgaspardeportola\/wp-content\/uploads\/usu555\/2022\/04\/20220425_152742-978x1024.jpg\" alt=\"\" width=\"978\" height=\"1024\" srcset=\"https:\/\/agora.xtec.cat\/escgaspardeportola\/wp-content\/uploads\/usu555\/2022\/04\/20220425_152742-978x1024.jpg 978w, https:\/\/agora.xtec.cat\/escgaspardeportola\/wp-content\/uploads\/usu555\/2022\/04\/20220425_152742-286x300.jpg 286w, https:\/\/agora.xtec.cat\/escgaspardeportola\/wp-content\/uploads\/usu555\/2022\/04\/20220425_152742-768x804.jpg 768w, https:\/\/agora.xtec.cat\/escgaspardeportola\/wp-content\/uploads\/usu555\/2022\/04\/20220425_152742-1467x1536.jpg 1467w, https:\/\/agora.xtec.cat\/escgaspardeportola\/wp-content\/uploads\/usu555\/2022\/04\/20220425_152742.jpg 1734w\" sizes=\"auto, (max-width: 978px) 100vw, 978px\" \/><\/p>\n<p>Despr\u00e9s, es va fer l&#8217;entrega dels premis dels VI Jocs Florals de l&#8217;Escola. El tema escollit per aquest any era una an\u00e8cdota sobre els 50 anys de l&#8217;Escola Gaspar de Portol\u00e0, amb l&#8217;avinentesa de la celebraci\u00f3 del nostre aniversari.<\/p>\n<p>El jurat va tenir una tasca dif\u00edcil. \u00c9s per aix\u00f2 que felicitem a tots els alumnes i a totes les alumnes per la seva creativitat i la pr\u00f2pia visi\u00f3 del pas del temps a l&#8217;escola, i en especial als guanyadors i guanyadores que han estat:<\/p>\n<ul>\n<li>en categoria d&#8217;educaci\u00f3 infantil:<\/li>\n<\/ul>\n<p>P3: Mei Nadal <a href=\"https:\/\/drive.google.com\/file\/d\/16jgkmzRIvW9s924n4Y45-vrgdTvKj7cc\/view?usp=sharing\">(dibuix)<\/a>, P4: Sofia Angheluta <a href=\"https:\/\/drive.google.com\/file\/d\/1PrtIfIToA7zR2zWMOeCPGVymNZRt7kN0\/view?usp=sharing\">(dibuix)<\/a>, P5: Lluc Mir <a href=\"https:\/\/drive.google.com\/file\/d\/1i9TKesW1X66hn9xSb9eW1rzof-AdS7kn\/view?usp=sharing\">(dibuix)<\/a>.<\/p>\n<ul>\n<li>en categoria de cicle inicial:<\/li>\n<\/ul>\n<p>3r premi: Sorana Calugar <a href=\"https:\/\/drive.google.com\/file\/d\/1Mcnuq8HmnVhok_oOc_-I22zYLZqwHKW7\/view?usp=sharing\">(text escrit)<\/a>, 2n premi: Clara Tejedor <a href=\"https:\/\/drive.google.com\/file\/d\/1CDkoiqXmyiIofvK1EX9WT_vO10sqnDUw\/view?usp=sharing\">(text escrit)<\/a>, 1r premi: Iulia Cocis <a href=\"https:\/\/drive.google.com\/file\/d\/16F_oo2CmftJrgH07ToAmE0oqlSnR4Wrq\/view?usp=sharing\">(text escrit)<\/a>.<\/p>\n<ul>\n<li>en categoria de cicle mitj\u00e0:<\/li>\n<\/ul>\n<p>3r premi: X\u00e8nia Torrent<a href=\"https:\/\/drive.google.com\/file\/d\/1UHpUBP3JN22SQ93DeLKhxoE8C3R4xDfv\/view?usp=sharing\"> (text escrit)<\/a>, 2n premi: Bianca Cocis <a href=\"https:\/\/drive.google.com\/file\/d\/1t_erMfDBccSecoAsUATMy-rQUjjsv3V4\/view?usp=sharing\">(text escrit)<\/a>, 1r premi: Liseth Beltr\u00e1n <a href=\"https:\/\/drive.google.com\/file\/d\/1hQnn3IboO0xyV4DMz_8-rw1dw7YdTmqZ\/view?usp=sharing\">(text escrit)<\/a>.<\/p>\n<ul>\n<li>en categoria de cicle superior:<\/li>\n<\/ul>\n<p>3r premi: Fatou Sow <a href=\"https:\/\/drive.google.com\/file\/d\/1TRc6yF8qH1-ne8bYq6BTASsruVmPvRkI\/view?usp=sharing\">(text escrit)<\/a>, 2n premi: Mariona S\u00e1nchez <a href=\"https:\/\/drive.google.com\/file\/d\/1kg78pqXxs1mhntEYYKwtSzYwaQP9B8W6\/view?usp=sharing\">(text escrit)<\/a>, 1r premi: Elisa Maria Marginean <a href=\"https:\/\/drive.google.com\/file\/d\/1MMfnedSoUcqA-__gPEsaEOMltfhkfCTf\/view?usp=sharing\">(text escrit)<\/a>.<\/p>\n<p><a href=\"https:\/\/photos.app.goo.gl\/cGUaBnfPPzvWNou87\"><img loading=\"lazy\" decoding=\"async\" class=\"alignnone size-large wp-image-7064\" src=\"https:\/\/agora.xtec.cat\/escgaspardeportola\/wp-content\/uploads\/usu555\/2022\/04\/20220425_154554-1024x461.jpg\" alt=\"\" width=\"1024\" height=\"461\" srcset=\"https:\/\/agora.xtec.cat\/escgaspardeportola\/wp-content\/uploads\/usu555\/2022\/04\/20220425_154554-1024x461.jpg 1024w, https:\/\/agora.xtec.cat\/escgaspardeportola\/wp-content\/uploads\/usu555\/2022\/04\/20220425_154554-300x135.jpg 300w, https:\/\/agora.xtec.cat\/escgaspardeportola\/wp-content\/uploads\/usu555\/2022\/04\/20220425_154554-768x346.jpg 768w, https:\/\/agora.xtec.cat\/escgaspardeportola\/wp-content\/uploads\/usu555\/2022\/04\/20220425_154554-1536x692.jpg 1536w, https:\/\/agora.xtec.cat\/escgaspardeportola\/wp-content\/uploads\/usu555\/2022\/04\/20220425_154554-2048x922.jpg 2048w\" sizes=\"auto, (max-width: 1024px) 100vw, 1024px\" \/><\/a><\/p>\n<p><sub>(feu clic a la fotografia per veure&#8217;n m\u00e9s)<\/sub><\/p>\n","protected":false},"excerpt":{"rendered":"<p>La tarda del dilluns, 25 d&#8217;abril vam fer l&#8217;entrega dels premis de dos convocat\u00f2ries de Jocs Florals. Per una banda, els que estaven organitzats des de l&#8217;escola; per altra banda, els organitzats a nivell de Catalunya. Primerament, es va fer l&#8217;entrega dels obsequis als nostres representants en els IX Jocs Florals de Catalunya. El tema [&hellip;]<\/p>\n","protected":false},"author":36,"featured_media":0,"comment_status":"closed","ping_status":"closed","sticky":false,"template":"","format":"standard","meta":{"_bbp_topic_count":0,"_bbp_reply_count":0,"_bbp_total_topic_count":0,"_bbp_total_reply_count":0,"_bbp_voice_count":0,"_bbp_anonymous_reply_count":0,"_bbp_topic_count_hidden":0,"_bbp_reply_count_hidden":0,"_bbp_forum_subforum_count":0,"site-sidebar-layout":"default","site-content-layout":"","ast-site-content-layout":"","site-content-style":"default","site-sidebar-style":"default","ast-global-header-display":"","ast-banner-title-visibility":"","ast-main-header-display":"","ast-hfb-above-header-display":"","ast-hfb-below-header-display":"","ast-hfb-mobile-header-display":"","site-post-title":"","ast-breadcrumbs-content":"","ast-featured-img":"","footer-sml-layout":"","theme-transparent-header-meta":"","adv-header-id-meta":"","stick-header-meta":"","header-above-stick-meta":"","header-main-stick-meta":"","header-below-stick-meta":"","astra-migrate-meta-layouts":"default","ast-page-background-enabled":"default","ast-page-background-meta":{"desktop":{"background-color":"var(--ast-global-color-4)","background-image":"","background-repeat":"repeat","background-position":"center center","background-size":"auto","background-attachment":"scroll","background-type":"","background-media":"","overlay-type":"","overlay-color":"","overlay-opacity":"","overlay-gradient":""},"tablet":{"background-color":"","background-image":"","background-repeat":"repeat","background-position":"center center","background-size":"auto","background-attachment":"scroll","background-type":"","background-media":"","overlay-type":"","overlay-color":"","overlay-opacity":"","overlay-gradient":""},"mobile":{"background-color":"","background-image":"","background-repeat":"repeat","background-position":"center center","background-size":"auto","background-attachment":"scroll","background-type":"","background-media":"","overlay-type":"","overlay-color":"","overlay-opacity":"","overlay-gradient":""}},"ast-content-background-meta":{"desktop":{"background-color":"var(--ast-global-color-5)","background-image":"","background-repeat":"repeat","background-position":"center center","background-size":"auto","background-attachment":"scroll","background-type":"","background-media":"","overlay-type":"","overlay-color":"","overlay-opacity":"","overlay-gradient":""},"tablet":{"background-color":"var(--ast-global-color-5)","background-image":"","background-repeat":"repeat","background-position":"center center","background-size":"auto","background-attachment":"scroll","background-type":"","background-media":"","overlay-type":"","overlay-color":"","overlay-opacity":"","overlay-gradient":""},"mobile":{"background-color":"var(--ast-global-color-5)","background-image":"","background-repeat":"repeat","background-position":"center center","background-size":"auto","background-attachment":"scroll","background-type":"","background-media":"","overlay-type":"","overlay-color":"","overlay-opacity":"","overlay-gradient":""}},"footnotes":""},"categories":[342,4],"tags":[],"class_list":["post-7056","post","type-post","status-publish","format-standard","hentry","category-bibliogaspar","category-portada"],"post_mailing_queue_ids":[],"_links":{"self":[{"href":"https:\/\/agora.xtec.cat\/escgaspardeportola\/wp-json\/wp\/v2\/posts\/7056","targetHints":{"allow":["GET"]}}],"collection":[{"href":"https:\/\/agora.xtec.cat\/escgaspardeportola\/wp-json\/wp\/v2\/posts"}],"about":[{"href":"https:\/\/agora.xtec.cat\/escgaspardeportola\/wp-json\/wp\/v2\/types\/post"}],"author":[{"embeddable":true,"href":"https:\/\/agora.xtec.cat\/escgaspardeportola\/wp-json\/wp\/v2\/users\/36"}],"replies":[{"embeddable":true,"href":"https:\/\/agora.xtec.cat\/escgaspardeportola\/wp-json\/wp\/v2\/comments?post=7056"}],"version-history":[{"count":3,"href":"https:\/\/agora.xtec.cat\/escgaspardeportola\/wp-json\/wp\/v2\/posts\/7056\/revisions"}],"predecessor-version":[{"id":7070,"href":"https:\/\/agora.xtec.cat\/escgaspardeportola\/wp-json\/wp\/v2\/posts\/7056\/revisions\/7070"}],"wp:attachment":[{"href":"https:\/\/agora.xtec.cat\/escgaspardeportola\/wp-json\/wp\/v2\/media?parent=7056"}],"wp:term":[{"taxonomy":"category","embeddable":true,"href":"https:\/\/agora.xtec.cat\/escgaspardeportola\/wp-json\/wp\/v2\/categories?post=7056"},{"taxonomy":"post_tag","embeddable":true,"href":"https:\/\/agora.xtec.cat\/escgaspardeportola\/wp-json\/wp\/v2\/tags?post=7056"}],"curies":[{"name":"wp","href":"https:\/\/api.w.org\/{rel}","templated":true}]}}