{"id":7030,"date":"2022-06-17T14:00:25","date_gmt":"2022-06-17T12:00:25","guid":{"rendered":"https:\/\/agora.xtec.cat\/escgaspardeportola\/?p=7030"},"modified":"2022-06-14T10:46:10","modified_gmt":"2022-06-14T08:46:10","slug":"projecte-dels-oficis-a-2n","status":"publish","type":"post","link":"https:\/\/agora.xtec.cat\/escgaspardeportola\/cicleinicial\/projecte-dels-oficis-a-2n\/","title":{"rendered":"PROJECTE DELS OFICIS a 2n"},"content":{"rendered":"<p style=\"background: white;margin: 0cm 0cm 15.0pt 0cm\"><span style=\"font-family: 'Arial','sans-serif';color: #444444\">Les nenes i els nens de Segon durant aquest tercer trimestre hem estat investigant sobre els diferents oficis amb l\u2019ajuda de les fam\u00edlies que ens ha explicat moltes coses i hem apr\u00e8s molt\u00edssim. <\/span><\/p>\n<p style=\"background: white;margin: 0cm 0cm 15.0pt 0cm\"><span style=\"font-family: 'Arial','sans-serif';color: #444444\">A continuaci\u00f3 us en deixem un tastet:<\/span><\/p>\n<p style=\"background: white;margin: 0cm 0cm 15.0pt 0cm\"><span style=\"font-family: 'Arial','sans-serif';color: #444444\">La N\u00faria, mare de l\u2019Ona F. ens va parlar de l\u2019ofici de <\/span><a href=\"https:\/\/photos.app.goo.gl\/ZJRvpyH4A4dqWA6w5\"><span style=\"font-family: 'Arial','sans-serif'\">PERRUQUERA<\/span><\/a><\/p>\n<p style=\"background: white;margin: 0cm 0cm 15.0pt 0cm\"><span style=\"font-family: 'Arial','sans-serif';color: #444444\">L\u2019Eva, mare de l\u2019Ona R. ens va parlar de l\u2019ofici d\u2019 <\/span><a href=\"https:\/\/photos.app.goo.gl\/7rJLaraacHbHXP5z5\"><span style=\"font-family: 'Arial','sans-serif'\">EDUCADORA SOCIAL<\/span><\/a><\/p>\n<p style=\"background: white;margin: 0cm 0cm 15.0pt 0cm\"><span style=\"font-family: 'Arial','sans-serif';color: #444444\">El Joan Ramon, pare de l\u2019Ona F. ens va parlar de l\u2019ofici <\/span><a href=\"https:\/\/photos.app.goo.gl\/SzWBnqbfeuqhXgi9A\"><span style=\"font-family: 'Arial','sans-serif'\">ENGINYER AGR\u00d2NOM<\/span><\/a><\/p>\n<p style=\"background: white;margin: 0cm 0cm 15.0pt 0cm\"><span style=\"font-family: 'Arial','sans-serif';color: #444444\">La Carme, mare de la Mariona C. ens va parlar de l\u2019ofici de <\/span><a href=\"https:\/\/photos.app.goo.gl\/1NcFhGwwUM9B6reJ8\"><span style=\"font-family: 'Arial','sans-serif'\">MESTRA I DIRECTORA<\/span><\/a><\/p>\n<p>La Vanesa, mare de la D\u00fania S. ens va parlar de l&#8217;ofici d&#8217; <a href=\"https:\/\/photos.app.goo.gl\/GWxvKfLYyzSj49Na7\">ADMINSTRATIVA<\/a><\/p>\n<p style=\"background: white;margin: 0cm 0cm 15.0pt 0cm\"><span style=\"font-family: 'Arial','sans-serif';color: #444444\">El Dorel, pare de la Desir\u00e9e C. ens va parlar de l\u2019ofici de <a href=\"https:\/\/photos.app.goo.gl\/kXPQPF8ZPHmWFaYk6\">PALETA<\/a> <\/span><\/p>\n<p>La Judith, mare de l&#8217;Om L. ens va parlar de l&#8217;ofici d&#8217; <a href=\"https:\/\/photos.app.goo.gl\/wRVoqY2bVAEb1BSE8\">AGENT RURAL\u00a0<\/a><\/p>\n<p>El Joan, pare de la Mariona C. ens va parlar de l&#8217;ofici de <a href=\"https:\/\/photos.app.goo.gl\/1jHhNvV4si9gSK9C9\">T\u00c8CNIC AMBIENTAL\u00a0<\/a><\/p>\n<p>La Tere, mare de l&#8217;Al\u00e8xia F. ens va parlar de l&#8217;ofici d&#8217; <a href=\"https:\/\/photos.app.goo.gl\/gfLTxw9UVaV6WjhEA\">INFERMERA<\/a><\/p>\n<p>La Susi, mare del Den\u00eds M. ens va parlar de l&#8217;ofici d&#8217; <a href=\"https:\/\/photos.app.goo.gl\/krDUpp5VabHRx2pF7\">ADMINISTRATIVA<\/a><\/p>\n<p>L&#8217;Enric, pare de la Martina P. ens va parlar de l&#8217;ofici de <a href=\"https:\/\/photos.app.goo.gl\/Ro9GT5kbZeHQ1x5P7\">FUNCIONARI DE PRESONS<\/a><\/p>\n<p>La Noem\u00ed, mare de l&#8217;Erik T. ens va parlar de l&#8217;ofici d&#8217; <a href=\"https:\/\/photos.app.goo.gl\/geqH6Yr7Dg4vwEEg8\">OPER\u00c0RIA DE PORC\u00cd<\/a><\/p>\n<p>El Ramon, pare de la Clara T. ens va parlar de l&#8217;ofici de <a href=\"https:\/\/photos.app.goo.gl\/r4q49FKSVaeJxzf38\">PROFESSOR\u00a0<\/a><\/p>\n<p>El Santi, pare de la Carla B. ens va parlar de l&#8217;ofici de <a href=\"https:\/\/photos.app.goo.gl\/mfsMS3j2radd9X829\">COMPTABLE<\/a><\/p>\n<p style=\"background: white;margin: 0cm 0cm 15.0pt 0cm\"><span style=\"font-family: 'Arial','sans-serif';color: #444444\">Moltes gr\u00e0cies per la vostra col\u00b7laboraci\u00f3 fam\u00edlies!!!<\/span><\/p>\n<p style=\"background: white;margin: 0cm 0cm 15.0pt 0cm\"><span style=\"font-family: 'Arial','sans-serif';color: #444444\">Esperem que ho gaudiu tant com ho hem fet nosaltres!<\/span><\/p>\n","protected":false},"excerpt":{"rendered":"<p>Les nenes i els nens de Segon durant aquest tercer trimestre hem estat investigant sobre els diferents oficis amb l\u2019ajuda de les fam\u00edlies que ens ha explicat moltes coses i hem apr\u00e8s molt\u00edssim. A continuaci\u00f3 us en deixem un tastet: La N\u00faria, mare de l\u2019Ona F. ens va parlar de l\u2019ofici de PERRUQUERA L\u2019Eva, mare [&hellip;]<\/p>\n","protected":false},"author":17,"featured_media":0,"comment_status":"closed","ping_status":"closed","sticky":false,"template":"","format":"standard","meta":{"_bbp_topic_count":0,"_bbp_reply_count":0,"_bbp_total_topic_count":0,"_bbp_total_reply_count":0,"_bbp_voice_count":0,"_bbp_anonymous_reply_count":0,"_bbp_topic_count_hidden":0,"_bbp_reply_count_hidden":0,"_bbp_forum_subforum_count":0,"site-sidebar-layout":"default","site-content-layout":"","ast-site-content-layout":"","site-content-style":"default","site-sidebar-style":"default","ast-global-header-display":"","ast-banner-title-visibility":"","ast-main-header-display":"","ast-hfb-above-header-display":"","ast-hfb-below-header-display":"","ast-hfb-mobile-header-display":"","site-post-title":"","ast-breadcrumbs-content":"","ast-featured-img":"","footer-sml-layout":"","theme-transparent-header-meta":"","adv-header-id-meta":"","stick-header-meta":"","header-above-stick-meta":"","header-main-stick-meta":"","header-below-stick-meta":"","astra-migrate-meta-layouts":"default","ast-page-background-enabled":"default","ast-page-background-meta":{"desktop":{"background-color":"var(--ast-global-color-4)","background-image":"","background-repeat":"repeat","background-position":"center center","background-size":"auto","background-attachment":"scroll","background-type":"","background-media":"","overlay-type":"","overlay-color":"","overlay-opacity":"","overlay-gradient":""},"tablet":{"background-color":"","background-image":"","background-repeat":"repeat","background-position":"center center","background-size":"auto","background-attachment":"scroll","background-type":"","background-media":"","overlay-type":"","overlay-color":"","overlay-opacity":"","overlay-gradient":""},"mobile":{"background-color":"","background-image":"","background-repeat":"repeat","background-position":"center center","background-size":"auto","background-attachment":"scroll","background-type":"","background-media":"","overlay-type":"","overlay-color":"","overlay-opacity":"","overlay-gradient":""}},"ast-content-background-meta":{"desktop":{"background-color":"var(--ast-global-color-5)","background-image":"","background-repeat":"repeat","background-position":"center center","background-size":"auto","background-attachment":"scroll","background-type":"","background-media":"","overlay-type":"","overlay-color":"","overlay-opacity":"","overlay-gradient":""},"tablet":{"background-color":"var(--ast-global-color-5)","background-image":"","background-repeat":"repeat","background-position":"center center","background-size":"auto","background-attachment":"scroll","background-type":"","background-media":"","overlay-type":"","overlay-color":"","overlay-opacity":"","overlay-gradient":""},"mobile":{"background-color":"var(--ast-global-color-5)","background-image":"","background-repeat":"repeat","background-position":"center center","background-size":"auto","background-attachment":"scroll","background-type":"","background-media":"","overlay-type":"","overlay-color":"","overlay-opacity":"","overlay-gradient":""}},"footnotes":""},"categories":[63],"tags":[],"class_list":["post-7030","post","type-post","status-publish","format-standard","hentry","category-cicleinicial"],"post_mailing_queue_ids":[],"_links":{"self":[{"href":"https:\/\/agora.xtec.cat\/escgaspardeportola\/wp-json\/wp\/v2\/posts\/7030","targetHints":{"allow":["GET"]}}],"collection":[{"href":"https:\/\/agora.xtec.cat\/escgaspardeportola\/wp-json\/wp\/v2\/posts"}],"about":[{"href":"https:\/\/agora.xtec.cat\/escgaspardeportola\/wp-json\/wp\/v2\/types\/post"}],"author":[{"embeddable":true,"href":"https:\/\/agora.xtec.cat\/escgaspardeportola\/wp-json\/wp\/v2\/users\/17"}],"replies":[{"embeddable":true,"href":"https:\/\/agora.xtec.cat\/escgaspardeportola\/wp-json\/wp\/v2\/comments?post=7030"}],"version-history":[{"count":3,"href":"https:\/\/agora.xtec.cat\/escgaspardeportola\/wp-json\/wp\/v2\/posts\/7030\/revisions"}],"predecessor-version":[{"id":7239,"href":"https:\/\/agora.xtec.cat\/escgaspardeportola\/wp-json\/wp\/v2\/posts\/7030\/revisions\/7239"}],"wp:attachment":[{"href":"https:\/\/agora.xtec.cat\/escgaspardeportola\/wp-json\/wp\/v2\/media?parent=7030"}],"wp:term":[{"taxonomy":"category","embeddable":true,"href":"https:\/\/agora.xtec.cat\/escgaspardeportola\/wp-json\/wp\/v2\/categories?post=7030"},{"taxonomy":"post_tag","embeddable":true,"href":"https:\/\/agora.xtec.cat\/escgaspardeportola\/wp-json\/wp\/v2\/tags?post=7030"}],"curies":[{"name":"wp","href":"https:\/\/api.w.org\/{rel}","templated":true}]}}