{"id":6935,"date":"2022-04-03T20:54:04","date_gmt":"2022-04-03T18:54:04","guid":{"rendered":"https:\/\/agora.xtec.cat\/escgaspardeportola\/?p=6935"},"modified":"2022-05-28T11:38:46","modified_gmt":"2022-05-28T09:38:46","slug":"gracies-lluis","status":"publish","type":"post","link":"https:\/\/agora.xtec.cat\/escgaspardeportola\/portada\/gracies-lluis\/","title":{"rendered":"Gr\u00e0cies Llu\u00eds!"},"content":{"rendered":"<p><span style=\"font-weight: 400;\">Avui ens hem trobat amb molta il\u00b7lusi\u00f3 per fer homenatge al nostre estimat Llu\u00eds Garrof\u00e9. Dins dels actes del 50\u00e8 aniversari hem iniciat una caminada des de l&#8217;escola fins a Santa Maria de Les Franqueses.<\/span><\/p>\n<p><span style=\"font-weight: 400;\">Un cop all\u00ed hem esmorzat i des de l&#8217;escola, el club excursionista del Montsec i el Sr. Paer en Cap Jordi Ignasi Vidal i l&#8217;alcaldesa de Les Avellanes i Santa Linya l&#8217;han obsequiat amb unes boniques paraules.<\/span><\/p>\n<p><span style=\"font-weight: 400;\">Perqu\u00e8 el Llu\u00eds no \u00e9s nom\u00e9s un dels professors que va inaugurar l&#8217;escola l&#8217;any 1971, sin\u00f3 el professor que va marcar la hist\u00f2ria de l&#8217;escola Gaspar de Portol\u00e0. No hem organitzat la caminada\u00a0<\/span><span style=\"font-weight: 400;\">nom\u00e9s pels seus 25 anys de doc\u00e8ncia en aquest centre, tamb\u00e9 per tot el que organitzava fora.<\/span><\/p>\n<p><span style=\"font-weight: 400;\">Les activitats extraescolars, activitats de formaci\u00f3 i inserci\u00f3 laboral. Promocionar la relaci\u00f3 entre els joves de Balaguer de diverses escoles, sortides i classes de paleontologia a la serra del Montsec, participar en la pasqua adolescent, catequesi&#8230; El Llu\u00eds va fer arribar els valors de la natura, les sortides, les travessies, els cims &#8220;El grup mai se separa&#8221; deia i m\u00e9s endavant l&#8217;\u00e0nima de l&#8217;esplai.<\/span><\/p>\n<p><span style=\"font-weight: 400;\">Per\u00f2 el Llu\u00eds, tot i jubilar-se mai va deixar l&#8217;escola. Nom\u00e9s la pand\u00e8mia el va frenar de qu\u00e8 no vingu\u00e9s els divendres al centre, per preparar sopars dels 25 anys, preparar algun cim per pujar i a animar als mestres per veure qui anava, quina sortida amb tren de dissabte podia organitzar amb l&#8217;esplai&#8230; per\u00f2 el Llu\u00eds \u00e9s molt Llu\u00eds i tot i la pand\u00e8mia va organitzar la comissi\u00f3 del 50\u00e8 aniversari. I ens acompanya en tots els actes que anem realitzant.<\/span><\/p>\n<p><span style=\"font-weight: 400;\">Ens hem trobat per agrair-li el que ha fet per l&#8217;escola, per\u00f2 avui tamb\u00e9 som presents molts dels socis i membres del Club excursionista Les Pe\u00fclles del Montsec.<\/span><\/p>\n<p><span style=\"font-weight: 400;\">La tardor del 2012, va organitzar una trobada amb gent dels quatre pobles del seu municipi. Tartareu, Santa Linya, Les Avellanes i Vilanova de la Sal. Perqu\u00e8 volia fer una gran cursa, una gran caminada, que don\u00e9s valor a aquest municipi que amb molt d&#8217;orgull podem dir que gaudeix d&#8217;uns paisatges fant\u00e0stics. Un Club que un\u00eds els quatre pobles, que organitzes sortides i don\u00e9s a con\u00e8ixer el territori.<\/span><\/p>\n<p><span style=\"font-weight: 400;\">El club excursionista Les Pe\u00fclles del Montsec encara ara est\u00e0 de peu, amb moltes ganes d&#8217;organitzar sortides, marxes, marat\u00f3 i caminades de muntanya. Per tu Llu\u00eds, perqu\u00e8 sempre has sabut valorar el territori.<\/span><\/p>\n<p><span style=\"font-weight: 400;\">Avui hem estat tots aqu\u00ed, i hem volgut fer un dels diversos homenatges que li han anat fent, perqu\u00e8 una Medalla al treball President Maci\u00e0 no la t\u00e9 tothom.<\/span><\/p>\n<p><span style=\"font-weight: 400;\">Aix\u00ed doncs, l&#8217;Escola Gaspar de Portol\u00e0, l&#8217;esplai i el Club excursionista del Montsec li hem volgut fer un petit detall.<\/span><\/p>\n<p><span style=\"font-weight: 400;\">Gr\u00e0cies Llu\u00eds!<\/span><\/p>\n<p><a href=\"https:\/\/photos.google.com\/share\/AF1QipO5U2EIY_h7tqHLzY8iUg6zIaM4EgTcyZ_fohpO-FwGvBGQpPcInZI3-3ZTwV9Kcg?key=cHA0T2ZOa1FWanV6U0FKclJJQll6ZWEzSmNZUmRn\"><span style=\"font-weight: 400;\"><img loading=\"lazy\" decoding=\"async\" class=\"alignnone size-large\" src=\"https:\/\/lh3.googleusercontent.com\/pw\/AM-JKLXShVGz86578XG8xs9bVgVhboLNnw7YRUHYGaxgM-6iQOJC9jspnjSfbrJlXABC6eysSJlkodVXKQrb_SwTyiK9nNC7Bkney1YDuHb4On6cerySzJtRauJuRUb_nBw6NoouSKnY9R3N0WQjPjpzxm-y=w1440-h810-no?authuser=0\" width=\"1440\" height=\"810\" \/> <\/span><\/a><\/p>\n<p>Fes clic a la imatge per veure m\u00e9s fotografies<\/p>\n","protected":false},"excerpt":{"rendered":"<p>Avui ens hem trobat amb molta il\u00b7lusi\u00f3 per fer homenatge al nostre estimat Llu\u00eds Garrof\u00e9. Dins dels actes del 50\u00e8 aniversari hem iniciat una caminada des de l&#8217;escola fins a Santa Maria de Les Franqueses. Un cop all\u00ed hem esmorzat i des de l&#8217;escola, el club excursionista del Montsec i el Sr. Paer en Cap [&hellip;]<\/p>\n","protected":false},"author":1,"featured_media":0,"comment_status":"closed","ping_status":"closed","sticky":false,"template":"","format":"standard","meta":{"_bbp_topic_count":0,"_bbp_reply_count":0,"_bbp_total_topic_count":0,"_bbp_total_reply_count":0,"_bbp_voice_count":0,"_bbp_anonymous_reply_count":0,"_bbp_topic_count_hidden":0,"_bbp_reply_count_hidden":0,"_bbp_forum_subforum_count":0,"site-sidebar-layout":"default","site-content-layout":"","ast-site-content-layout":"","site-content-style":"default","site-sidebar-style":"default","ast-global-header-display":"","ast-banner-title-visibility":"","ast-main-header-display":"","ast-hfb-above-header-display":"","ast-hfb-below-header-display":"","ast-hfb-mobile-header-display":"","site-post-title":"","ast-breadcrumbs-content":"","ast-featured-img":"","footer-sml-layout":"","theme-transparent-header-meta":"","adv-header-id-meta":"","stick-header-meta":"","header-above-stick-meta":"","header-main-stick-meta":"","header-below-stick-meta":"","astra-migrate-meta-layouts":"default","ast-page-background-enabled":"default","ast-page-background-meta":{"desktop":{"background-color":"var(--ast-global-color-4)","background-image":"","background-repeat":"repeat","background-position":"center center","background-size":"auto","background-attachment":"scroll","background-type":"","background-media":"","overlay-type":"","overlay-color":"","overlay-opacity":"","overlay-gradient":""},"tablet":{"background-color":"","background-image":"","background-repeat":"repeat","background-position":"center center","background-size":"auto","background-attachment":"scroll","background-type":"","background-media":"","overlay-type":"","overlay-color":"","overlay-opacity":"","overlay-gradient":""},"mobile":{"background-color":"","background-image":"","background-repeat":"repeat","background-position":"center center","background-size":"auto","background-attachment":"scroll","background-type":"","background-media":"","overlay-type":"","overlay-color":"","overlay-opacity":"","overlay-gradient":""}},"ast-content-background-meta":{"desktop":{"background-color":"var(--ast-global-color-5)","background-image":"","background-repeat":"repeat","background-position":"center center","background-size":"auto","background-attachment":"scroll","background-type":"","background-media":"","overlay-type":"","overlay-color":"","overlay-opacity":"","overlay-gradient":""},"tablet":{"background-color":"var(--ast-global-color-5)","background-image":"","background-repeat":"repeat","background-position":"center center","background-size":"auto","background-attachment":"scroll","background-type":"","background-media":"","overlay-type":"","overlay-color":"","overlay-opacity":"","overlay-gradient":""},"mobile":{"background-color":"var(--ast-global-color-5)","background-image":"","background-repeat":"repeat","background-position":"center center","background-size":"auto","background-attachment":"scroll","background-type":"","background-media":"","overlay-type":"","overlay-color":"","overlay-opacity":"","overlay-gradient":""}},"footnotes":""},"categories":[345,4],"tags":[],"class_list":["post-6935","post","type-post","status-publish","format-standard","hentry","category-50e-aniversari","category-portada"],"post_mailing_queue_ids":[],"_links":{"self":[{"href":"https:\/\/agora.xtec.cat\/escgaspardeportola\/wp-json\/wp\/v2\/posts\/6935","targetHints":{"allow":["GET"]}}],"collection":[{"href":"https:\/\/agora.xtec.cat\/escgaspardeportola\/wp-json\/wp\/v2\/posts"}],"about":[{"href":"https:\/\/agora.xtec.cat\/escgaspardeportola\/wp-json\/wp\/v2\/types\/post"}],"author":[{"embeddable":true,"href":"https:\/\/agora.xtec.cat\/escgaspardeportola\/wp-json\/wp\/v2\/users\/1"}],"replies":[{"embeddable":true,"href":"https:\/\/agora.xtec.cat\/escgaspardeportola\/wp-json\/wp\/v2\/comments?post=6935"}],"version-history":[{"count":2,"href":"https:\/\/agora.xtec.cat\/escgaspardeportola\/wp-json\/wp\/v2\/posts\/6935\/revisions"}],"predecessor-version":[{"id":6937,"href":"https:\/\/agora.xtec.cat\/escgaspardeportola\/wp-json\/wp\/v2\/posts\/6935\/revisions\/6937"}],"wp:attachment":[{"href":"https:\/\/agora.xtec.cat\/escgaspardeportola\/wp-json\/wp\/v2\/media?parent=6935"}],"wp:term":[{"taxonomy":"category","embeddable":true,"href":"https:\/\/agora.xtec.cat\/escgaspardeportola\/wp-json\/wp\/v2\/categories?post=6935"},{"taxonomy":"post_tag","embeddable":true,"href":"https:\/\/agora.xtec.cat\/escgaspardeportola\/wp-json\/wp\/v2\/tags?post=6935"}],"curies":[{"name":"wp","href":"https:\/\/api.w.org\/{rel}","templated":true}]}}