{"id":6930,"date":"2022-04-01T22:52:59","date_gmt":"2022-04-01T20:52:59","guid":{"rendered":"https:\/\/agora.xtec.cat\/escgaspardeportola\/?p=6930"},"modified":"2022-04-01T23:11:45","modified_gmt":"2022-04-01T21:11:45","slug":"contacontes-a-educacio-infantil","status":"publish","type":"post","link":"https:\/\/agora.xtec.cat\/escgaspardeportola\/general\/contacontes-a-educacio-infantil\/","title":{"rendered":"Contacontes a Educaci\u00f3 INFANTIL"},"content":{"rendered":"<p>Avui hem encetat el mes d&#8217;abril, i hem comen\u00e7at a preparar-nos per\u00a0 Sant Jordi&#8230; i \u00e9s que aquest mes\u00a0 gaudirem d&#8217;una serie d&#8217;activitats relacionades amb aquesta diada:<\/p>\n<p><span style=\"color: #ff00ff;\">Avui<\/span> la contacontes N\u00faria Caballol ens ha ensenyat a compartir amb la hist\u00f2ria del <span style=\"color: #ff9900;\">PEIX ALEIX,<\/span><\/p>\n<p>El proper <span style=\"color: #0000ff;\">divendres 8,<\/span> el Centre de Titelles de Lleida vindr\u00e0 al pati de la nostra escola i gaudirem de l&#8217;espectacle:\u00a0 <span style=\"color: #993300;\">KISSU<span style=\"color: #000000;\"> i\u00a0<\/span><\/span><\/p>\n<p>El dimecres <span style=\"color: #339966;\">20 de mar\u00e7<\/span> anirem al Parc de la Transegre, a veure la representatci\u00f3 del conte d&#8217;en <span style=\"color: #ff0000;\">PATUFET,<\/span> dins\u00a0 les activitats de la setmana de Sant Jordi.<\/p>\n<p style=\"text-align: center;\"><a href=\"https:\/\/photos.google.com\/u\/1\/share\/AF1QipPAzkFyIwCCc7_yZ-2EHLP1cEjwCmxis7dV5t2tVo2ru3XGuXGjU_ibo57I2Z7RQw?key=cTBMaFlqX3Z2clpWX2hkSWNQV0hXWXlHOXpZNGFR\">Aqui us deixem un recull de fotos de l&#8217;activitat d&#8217;avui.<\/a><\/p>\n<p>&nbsp;<\/p>\n","protected":false},"excerpt":{"rendered":"<p>Avui hem encetat el mes d&#8217;abril, i hem comen\u00e7at a preparar-nos per\u00a0 Sant Jordi&#8230; i \u00e9s que aquest mes\u00a0 gaudirem d&#8217;una serie d&#8217;activitats relacionades amb aquesta diada: Avui la contacontes N\u00faria Caballol ens ha ensenyat a compartir amb la hist\u00f2ria del PEIX ALEIX, El proper divendres 8, el Centre de Titelles de Lleida vindr\u00e0 al [&hellip;]<\/p>\n","protected":false},"author":1,"featured_media":0,"comment_status":"closed","ping_status":"closed","sticky":false,"template":"","format":"standard","meta":{"_bbp_topic_count":0,"_bbp_reply_count":0,"_bbp_total_topic_count":0,"_bbp_total_reply_count":0,"_bbp_voice_count":0,"_bbp_anonymous_reply_count":0,"_bbp_topic_count_hidden":0,"_bbp_reply_count_hidden":0,"_bbp_forum_subforum_count":0,"site-sidebar-layout":"default","site-content-layout":"","ast-site-content-layout":"","site-content-style":"default","site-sidebar-style":"default","ast-global-header-display":"","ast-banner-title-visibility":"","ast-main-header-display":"","ast-hfb-above-header-display":"","ast-hfb-below-header-display":"","ast-hfb-mobile-header-display":"","site-post-title":"","ast-breadcrumbs-content":"","ast-featured-img":"","footer-sml-layout":"","theme-transparent-header-meta":"","adv-header-id-meta":"","stick-header-meta":"","header-above-stick-meta":"","header-main-stick-meta":"","header-below-stick-meta":"","astra-migrate-meta-layouts":"default","ast-page-background-enabled":"default","ast-page-background-meta":{"desktop":{"background-color":"var(--ast-global-color-4)","background-image":"","background-repeat":"repeat","background-position":"center center","background-size":"auto","background-attachment":"scroll","background-type":"","background-media":"","overlay-type":"","overlay-color":"","overlay-opacity":"","overlay-gradient":""},"tablet":{"background-color":"","background-image":"","background-repeat":"repeat","background-position":"center center","background-size":"auto","background-attachment":"scroll","background-type":"","background-media":"","overlay-type":"","overlay-color":"","overlay-opacity":"","overlay-gradient":""},"mobile":{"background-color":"","background-image":"","background-repeat":"repeat","background-position":"center center","background-size":"auto","background-attachment":"scroll","background-type":"","background-media":"","overlay-type":"","overlay-color":"","overlay-opacity":"","overlay-gradient":""}},"ast-content-background-meta":{"desktop":{"background-color":"var(--ast-global-color-5)","background-image":"","background-repeat":"repeat","background-position":"center center","background-size":"auto","background-attachment":"scroll","background-type":"","background-media":"","overlay-type":"","overlay-color":"","overlay-opacity":"","overlay-gradient":""},"tablet":{"background-color":"var(--ast-global-color-5)","background-image":"","background-repeat":"repeat","background-position":"center center","background-size":"auto","background-attachment":"scroll","background-type":"","background-media":"","overlay-type":"","overlay-color":"","overlay-opacity":"","overlay-gradient":""},"mobile":{"background-color":"var(--ast-global-color-5)","background-image":"","background-repeat":"repeat","background-position":"center center","background-size":"auto","background-attachment":"scroll","background-type":"","background-media":"","overlay-type":"","overlay-color":"","overlay-opacity":"","overlay-gradient":""}},"footnotes":""},"categories":[64,1],"tags":[],"class_list":["post-6930","post","type-post","status-publish","format-standard","hentry","category-educacioinfantil","category-general"],"post_mailing_queue_ids":[],"_links":{"self":[{"href":"https:\/\/agora.xtec.cat\/escgaspardeportola\/wp-json\/wp\/v2\/posts\/6930","targetHints":{"allow":["GET"]}}],"collection":[{"href":"https:\/\/agora.xtec.cat\/escgaspardeportola\/wp-json\/wp\/v2\/posts"}],"about":[{"href":"https:\/\/agora.xtec.cat\/escgaspardeportola\/wp-json\/wp\/v2\/types\/post"}],"author":[{"embeddable":true,"href":"https:\/\/agora.xtec.cat\/escgaspardeportola\/wp-json\/wp\/v2\/users\/1"}],"replies":[{"embeddable":true,"href":"https:\/\/agora.xtec.cat\/escgaspardeportola\/wp-json\/wp\/v2\/comments?post=6930"}],"version-history":[{"count":3,"href":"https:\/\/agora.xtec.cat\/escgaspardeportola\/wp-json\/wp\/v2\/posts\/6930\/revisions"}],"predecessor-version":[{"id":6934,"href":"https:\/\/agora.xtec.cat\/escgaspardeportola\/wp-json\/wp\/v2\/posts\/6930\/revisions\/6934"}],"wp:attachment":[{"href":"https:\/\/agora.xtec.cat\/escgaspardeportola\/wp-json\/wp\/v2\/media?parent=6930"}],"wp:term":[{"taxonomy":"category","embeddable":true,"href":"https:\/\/agora.xtec.cat\/escgaspardeportola\/wp-json\/wp\/v2\/categories?post=6930"},{"taxonomy":"post_tag","embeddable":true,"href":"https:\/\/agora.xtec.cat\/escgaspardeportola\/wp-json\/wp\/v2\/tags?post=6930"}],"curies":[{"name":"wp","href":"https:\/\/api.w.org\/{rel}","templated":true}]}}