{"id":6892,"date":"2022-03-21T17:58:49","date_gmt":"2022-03-21T16:58:49","guid":{"rendered":"https:\/\/agora.xtec.cat\/escgaspardeportola\/?p=6892"},"modified":"2022-03-21T17:58:49","modified_gmt":"2022-03-21T16:58:49","slug":"saltem-i-ballem","status":"publish","type":"post","link":"https:\/\/agora.xtec.cat\/escgaspardeportola\/ciclemitja\/saltem-i-ballem\/","title":{"rendered":"Saltem i ballem!"},"content":{"rendered":"<p>Els nens i nenes de cicle mitj\u00e0 durant aquest trimestre realitzen dins el programa saltem i ballem a les escoles, sessions de sardana a l&#8217;hora d&#8217;Educaci\u00f3 F\u00edsica. A part d&#8217;aprendre els passos b\u00e0sics de la sardana, aprenem altres danses i a partir de\u00a0 jocs coneixem els instruments de la cobla amb l&#8217;ajuda de la Montse la nostra monitora. Les i els alumnes de quart van poder gaudir-ne en directe i ballar la sardana a la trobada del 8 de mar\u00e7 en commemoraci\u00f3 del dia internacional de la dona a la pla\u00e7a mercadal de la ciutat.<\/p>\n<p>Com ja sabeu, aquest any Balaguer \u00e9s la capital de la Sardana. El pr\u00f2xim 30 d&#8217;abril <span class=\"hiddenGreenError\">es<\/span> celebrar\u00e0 la Trobada Escolar Intercomarcal del <span class=\"hiddenGrammarError\">Saltem<\/span> i <span class=\"hiddenGrammarError\">Ballem<\/span> a la <span class=\"hiddenGrammarError\">Pla\u00e7a<\/span> del Mercadal amb l&#8217;espectacle Gira-gira amb la Bellpuig Cobla i els <span class=\"hiddenSpellError\">Pocasol3<\/span>. Inclour\u00e0 un taller in situ i posterior ballada <span class=\"hiddenGrammarError\">de la Galop<\/span> de Balaguer per part de totes les escoles de Ponent. Ja us passarem informaci\u00f3 quan la tinguem m\u00e9s concreta.<\/p>\n<p>Us passem fotografies de la trobada i d&#8217;algunes de les sessions.<\/p>\n<p><a href=\"https:\/\/photos.google.com\/u\/2\/share\/AF1QipPjOyaZDGjn9FCoYTFiNQEJl1Jny4TXGoAKO_eEdydR2IT1aYAx6D5XoX2cH6XyzQ?key=QXBOaUw1VmVPVVBUdmFBcnh5NXFiOEZYc2hSU29B\">FOTOGRAFIES 3R<\/a><\/p>\n<p><a href=\"https:\/\/photos.google.com\/u\/2\/share\/AF1QipPrzcPYQDfCEG-mu_G-sRXo1QbfNaLnq7mwSXjr49ln_Odu0S5Ya1Wb-LQpYJalcA?key=UnJyRnRoakctdjZXYVkyRHF2YjlSdkNNTWlnMTh3\">FOTOGRAFIES 4T<\/a><\/p>\n","protected":false},"excerpt":{"rendered":"<p>Els nens i nenes de cicle mitj\u00e0 durant aquest trimestre realitzen dins el programa saltem i ballem a les escoles, sessions de sardana a l&#8217;hora d&#8217;Educaci\u00f3 F\u00edsica. A part d&#8217;aprendre els passos b\u00e0sics de la sardana, aprenem altres danses i a partir de\u00a0 jocs coneixem els instruments de la cobla amb l&#8217;ajuda de la Montse [&hellip;]<\/p>\n","protected":false},"author":1,"featured_media":0,"comment_status":"closed","ping_status":"closed","sticky":false,"template":"","format":"standard","meta":{"_bbp_topic_count":0,"_bbp_reply_count":0,"_bbp_total_topic_count":0,"_bbp_total_reply_count":0,"_bbp_voice_count":0,"_bbp_anonymous_reply_count":0,"_bbp_topic_count_hidden":0,"_bbp_reply_count_hidden":0,"_bbp_forum_subforum_count":0,"site-sidebar-layout":"default","site-content-layout":"","ast-site-content-layout":"","site-content-style":"default","site-sidebar-style":"default","ast-global-header-display":"","ast-banner-title-visibility":"","ast-main-header-display":"","ast-hfb-above-header-display":"","ast-hfb-below-header-display":"","ast-hfb-mobile-header-display":"","site-post-title":"","ast-breadcrumbs-content":"","ast-featured-img":"","footer-sml-layout":"","theme-transparent-header-meta":"","adv-header-id-meta":"","stick-header-meta":"","header-above-stick-meta":"","header-main-stick-meta":"","header-below-stick-meta":"","astra-migrate-meta-layouts":"default","ast-page-background-enabled":"default","ast-page-background-meta":{"desktop":{"background-color":"var(--ast-global-color-4)","background-image":"","background-repeat":"repeat","background-position":"center center","background-size":"auto","background-attachment":"scroll","background-type":"","background-media":"","overlay-type":"","overlay-color":"","overlay-opacity":"","overlay-gradient":""},"tablet":{"background-color":"","background-image":"","background-repeat":"repeat","background-position":"center center","background-size":"auto","background-attachment":"scroll","background-type":"","background-media":"","overlay-type":"","overlay-color":"","overlay-opacity":"","overlay-gradient":""},"mobile":{"background-color":"","background-image":"","background-repeat":"repeat","background-position":"center center","background-size":"auto","background-attachment":"scroll","background-type":"","background-media":"","overlay-type":"","overlay-color":"","overlay-opacity":"","overlay-gradient":""}},"ast-content-background-meta":{"desktop":{"background-color":"var(--ast-global-color-5)","background-image":"","background-repeat":"repeat","background-position":"center center","background-size":"auto","background-attachment":"scroll","background-type":"","background-media":"","overlay-type":"","overlay-color":"","overlay-opacity":"","overlay-gradient":""},"tablet":{"background-color":"var(--ast-global-color-5)","background-image":"","background-repeat":"repeat","background-position":"center center","background-size":"auto","background-attachment":"scroll","background-type":"","background-media":"","overlay-type":"","overlay-color":"","overlay-opacity":"","overlay-gradient":""},"mobile":{"background-color":"var(--ast-global-color-5)","background-image":"","background-repeat":"repeat","background-position":"center center","background-size":"auto","background-attachment":"scroll","background-type":"","background-media":"","overlay-type":"","overlay-color":"","overlay-opacity":"","overlay-gradient":""}},"footnotes":""},"categories":[60],"tags":[],"class_list":["post-6892","post","type-post","status-publish","format-standard","hentry","category-ciclemitja"],"post_mailing_queue_ids":[],"_links":{"self":[{"href":"https:\/\/agora.xtec.cat\/escgaspardeportola\/wp-json\/wp\/v2\/posts\/6892","targetHints":{"allow":["GET"]}}],"collection":[{"href":"https:\/\/agora.xtec.cat\/escgaspardeportola\/wp-json\/wp\/v2\/posts"}],"about":[{"href":"https:\/\/agora.xtec.cat\/escgaspardeportola\/wp-json\/wp\/v2\/types\/post"}],"author":[{"embeddable":true,"href":"https:\/\/agora.xtec.cat\/escgaspardeportola\/wp-json\/wp\/v2\/users\/1"}],"replies":[{"embeddable":true,"href":"https:\/\/agora.xtec.cat\/escgaspardeportola\/wp-json\/wp\/v2\/comments?post=6892"}],"version-history":[{"count":1,"href":"https:\/\/agora.xtec.cat\/escgaspardeportola\/wp-json\/wp\/v2\/posts\/6892\/revisions"}],"predecessor-version":[{"id":6893,"href":"https:\/\/agora.xtec.cat\/escgaspardeportola\/wp-json\/wp\/v2\/posts\/6892\/revisions\/6893"}],"wp:attachment":[{"href":"https:\/\/agora.xtec.cat\/escgaspardeportola\/wp-json\/wp\/v2\/media?parent=6892"}],"wp:term":[{"taxonomy":"category","embeddable":true,"href":"https:\/\/agora.xtec.cat\/escgaspardeportola\/wp-json\/wp\/v2\/categories?post=6892"},{"taxonomy":"post_tag","embeddable":true,"href":"https:\/\/agora.xtec.cat\/escgaspardeportola\/wp-json\/wp\/v2\/tags?post=6892"}],"curies":[{"name":"wp","href":"https:\/\/api.w.org\/{rel}","templated":true}]}}