{"id":6880,"date":"2022-03-19T10:44:29","date_gmt":"2022-03-19T09:44:29","guid":{"rendered":"https:\/\/agora.xtec.cat\/escgaspardeportola\/?p=6880"},"modified":"2022-05-28T11:39:20","modified_gmt":"2022-05-28T09:39:20","slug":"inauguracio-de-la-placa-del-50e-aniversari","status":"publish","type":"post","link":"https:\/\/agora.xtec.cat\/escgaspardeportola\/portada\/inauguracio-de-la-placa-del-50e-aniversari\/","title":{"rendered":"Inauguraci\u00f3 de la placa del 50\u00e8 aniversari!"},"content":{"rendered":"<p>Gr\u00e0cies fam\u00edlies!<\/p>\n<p>Ahir vam poder gaudir del segon acte del 50\u00e8 aniversari.<\/p>\n<p>L&#8217;AFA ens va obsequiar amb un bon berenar de coca amb xocolata i fruita. L&#8217;esplai Gaspar de Portol\u00e0 ens va preparar uns balls i jocs molt divertits, van ser l&#8217;\u00e0nima de la festa!<\/p>\n<p>L&#8217;equip directiu juntament amb la L\u00eddia Vidao, exalumna dissenyadora del logo, el Sr. Paer en Cap Jordi Ignasi Vidal, la Maria Ba\u00f1eres en representaci\u00f3 dels serveis educatius, alumnat, fam\u00edlies, professorat i exprofessorat vam poder inaugurar una fant\u00e0stica placa.\u00a0Aquesta s&#8217;ha col\u00b7locat al costat del mural commemoratiu del 25\u00e8 aniversari. Un cop il\u00b7luminada fa molt i molt de goig.<\/p>\n<p>Continuem venent samarretes i seguim celebrant!!<\/p>\n<p>Recordeu, propera cita el 3 d&#8217;abril!<\/p>\n<p>Fes clic a la imatge per visualitzar m\u00e9s fotografies.<\/p>\n<p><a href=\"https:\/\/photos.app.goo.gl\/MivLBLjNv1ruGAoN7\"><img loading=\"lazy\" decoding=\"async\" class=\"alignnone size-large\" src=\"https:\/\/lh3.googleusercontent.com\/pw\/AM-JKLXkCdPvgGkxKGkN_G88oEFbJcjTljCjQcgGpgoqhIYQjvM6fgvZ90rnI4bQUtdCMy3Wen4_HXYWQRGEkuAf7f2fddgizzdUMhcq5vYcX7-lISgiBB8hddIx4gYadeOpbJiMH5xCYQb8EOPimH6OQRYb=w1141-h642-no?authuser=1\" width=\"1141\" height=\"642\" \/><\/a><\/p>\n","protected":false},"excerpt":{"rendered":"<p>Gr\u00e0cies fam\u00edlies! Ahir vam poder gaudir del segon acte del 50\u00e8 aniversari. L&#8217;AFA ens va obsequiar amb un bon berenar de coca amb xocolata i fruita. L&#8217;esplai Gaspar de Portol\u00e0 ens va preparar uns balls i jocs molt divertits, van ser l&#8217;\u00e0nima de la festa! L&#8217;equip directiu juntament amb la L\u00eddia Vidao, exalumna dissenyadora del [&hellip;]<\/p>\n","protected":false},"author":1,"featured_media":0,"comment_status":"closed","ping_status":"closed","sticky":false,"template":"","format":"standard","meta":{"_bbp_topic_count":0,"_bbp_reply_count":0,"_bbp_total_topic_count":0,"_bbp_total_reply_count":0,"_bbp_voice_count":0,"_bbp_anonymous_reply_count":0,"_bbp_topic_count_hidden":0,"_bbp_reply_count_hidden":0,"_bbp_forum_subforum_count":0,"site-sidebar-layout":"default","site-content-layout":"","ast-site-content-layout":"","site-content-style":"default","site-sidebar-style":"default","ast-global-header-display":"","ast-banner-title-visibility":"","ast-main-header-display":"","ast-hfb-above-header-display":"","ast-hfb-below-header-display":"","ast-hfb-mobile-header-display":"","site-post-title":"","ast-breadcrumbs-content":"","ast-featured-img":"","footer-sml-layout":"","theme-transparent-header-meta":"","adv-header-id-meta":"","stick-header-meta":"","header-above-stick-meta":"","header-main-stick-meta":"","header-below-stick-meta":"","astra-migrate-meta-layouts":"default","ast-page-background-enabled":"default","ast-page-background-meta":{"desktop":{"background-color":"var(--ast-global-color-4)","background-image":"","background-repeat":"repeat","background-position":"center center","background-size":"auto","background-attachment":"scroll","background-type":"","background-media":"","overlay-type":"","overlay-color":"","overlay-opacity":"","overlay-gradient":""},"tablet":{"background-color":"","background-image":"","background-repeat":"repeat","background-position":"center center","background-size":"auto","background-attachment":"scroll","background-type":"","background-media":"","overlay-type":"","overlay-color":"","overlay-opacity":"","overlay-gradient":""},"mobile":{"background-color":"","background-image":"","background-repeat":"repeat","background-position":"center center","background-size":"auto","background-attachment":"scroll","background-type":"","background-media":"","overlay-type":"","overlay-color":"","overlay-opacity":"","overlay-gradient":""}},"ast-content-background-meta":{"desktop":{"background-color":"var(--ast-global-color-5)","background-image":"","background-repeat":"repeat","background-position":"center center","background-size":"auto","background-attachment":"scroll","background-type":"","background-media":"","overlay-type":"","overlay-color":"","overlay-opacity":"","overlay-gradient":""},"tablet":{"background-color":"var(--ast-global-color-5)","background-image":"","background-repeat":"repeat","background-position":"center center","background-size":"auto","background-attachment":"scroll","background-type":"","background-media":"","overlay-type":"","overlay-color":"","overlay-opacity":"","overlay-gradient":""},"mobile":{"background-color":"var(--ast-global-color-5)","background-image":"","background-repeat":"repeat","background-position":"center center","background-size":"auto","background-attachment":"scroll","background-type":"","background-media":"","overlay-type":"","overlay-color":"","overlay-opacity":"","overlay-gradient":""}},"footnotes":""},"categories":[345,266,4],"tags":[],"class_list":["post-6880","post","type-post","status-publish","format-standard","hentry","category-50e-aniversari","category-afa","category-portada"],"post_mailing_queue_ids":[],"_links":{"self":[{"href":"https:\/\/agora.xtec.cat\/escgaspardeportola\/wp-json\/wp\/v2\/posts\/6880","targetHints":{"allow":["GET"]}}],"collection":[{"href":"https:\/\/agora.xtec.cat\/escgaspardeportola\/wp-json\/wp\/v2\/posts"}],"about":[{"href":"https:\/\/agora.xtec.cat\/escgaspardeportola\/wp-json\/wp\/v2\/types\/post"}],"author":[{"embeddable":true,"href":"https:\/\/agora.xtec.cat\/escgaspardeportola\/wp-json\/wp\/v2\/users\/1"}],"replies":[{"embeddable":true,"href":"https:\/\/agora.xtec.cat\/escgaspardeportola\/wp-json\/wp\/v2\/comments?post=6880"}],"version-history":[{"count":1,"href":"https:\/\/agora.xtec.cat\/escgaspardeportola\/wp-json\/wp\/v2\/posts\/6880\/revisions"}],"predecessor-version":[{"id":6881,"href":"https:\/\/agora.xtec.cat\/escgaspardeportola\/wp-json\/wp\/v2\/posts\/6880\/revisions\/6881"}],"wp:attachment":[{"href":"https:\/\/agora.xtec.cat\/escgaspardeportola\/wp-json\/wp\/v2\/media?parent=6880"}],"wp:term":[{"taxonomy":"category","embeddable":true,"href":"https:\/\/agora.xtec.cat\/escgaspardeportola\/wp-json\/wp\/v2\/categories?post=6880"},{"taxonomy":"post_tag","embeddable":true,"href":"https:\/\/agora.xtec.cat\/escgaspardeportola\/wp-json\/wp\/v2\/tags?post=6880"}],"curies":[{"name":"wp","href":"https:\/\/api.w.org\/{rel}","templated":true}]}}