{"id":6676,"date":"2022-02-10T21:23:42","date_gmt":"2022-02-10T20:23:42","guid":{"rendered":"https:\/\/agora.xtec.cat\/escgaspardeportola\/?p=6676"},"modified":"2022-02-10T21:23:42","modified_gmt":"2022-02-10T20:23:42","slug":"recollida-selectiva-plogging-al-maracana","status":"publish","type":"post","link":"https:\/\/agora.xtec.cat\/escgaspardeportola\/escola-verda\/recollida-selectiva-plogging-al-maracana\/","title":{"rendered":"RECOLLIDA SELECTIVA!\u00a0PLOGGING AL MARACAN\u00c0!"},"content":{"rendered":"<p><img loading=\"lazy\" decoding=\"async\" class=\"alignnone size-full wp-image-6677\" src=\"https:\/\/agora.xtec.cat\/escgaspardeportola\/wp-content\/uploads\/usu555\/2022\/02\/images.jpg\" alt=\"\" width=\"275\" height=\"183\" \/><\/p>\n<p><span style=\"font-weight: 400;\">S\u00ed, una altra vegada! El curs passat l\u2019alumnat de cicle superior durant les caminades a educaci\u00f3 f\u00edsica es va adonar de la necessitat de l\u2019organitzaci\u00f3 del Plogging per promoure la salut i impulsar l\u2019activitat f\u00edsica, com us explic\u00e0vem a la p\u00e0gina 24 en la <a href=\"https:\/\/drive.google.com\/file\/d\/10EX5I570SfF404lJaUj7GJ3Zeruhm8Be\/view\">Revista<\/a> del present al futur.<\/span><\/p>\n<p><span style=\"font-weight: 400;\">Aquest curs, una vegada m\u00e9s, ens animem a col\u00b7laborar per mantenir el nostre entorn m\u00e9s proper ben net i segur, fent el que est\u00e0 en les nostres mans <\/span><b>\u201cFem Plogging\u201d. <a href=\"https:\/\/docs.google.com\/document\/d\/1oc_Zv-ds6S2GM2BgpOPK4sb9JGp98ngo\/edit?usp=sharing&amp;ouid=106139839587994451424&amp;rtpof=true&amp;sd=true\">Acc\u00e8s a l&#8217;article<\/a><\/b><\/p>\n<p><span style=\"font-weight: 400;\">A l\u2019aula hem parlat de l\u2019experi\u00e8ncia i surten noves propostes d\u2019espais que cal rec\u00f3rrer perqu\u00e8 no s\u00f3n mereixedors de la cura dels ciutadans i ciutadanes. Quan hi tornem? Us hi voleu afegir? \u00c9s f\u00e0cil organitzar-se i el medi ambient ens ho agraeix. <\/span><\/p>\n<p><b>Tots i totes som Escola Verda!<\/b><\/p>\n<p>Si en voleu veure algunes imatges us les deixem <a href=\"https:\/\/photos.app.goo.gl\/mkD8N9aYxadWnB7A9\">aqu\u00ed<\/a>.<\/p>\n","protected":false},"excerpt":{"rendered":"<p>S\u00ed, una altra vegada! El curs passat l\u2019alumnat de cicle superior durant les caminades a educaci\u00f3 f\u00edsica es va adonar de la necessitat de l\u2019organitzaci\u00f3 del Plogging per promoure la salut i impulsar l\u2019activitat f\u00edsica, com us explic\u00e0vem a la p\u00e0gina 24 en la Revista del present al futur. Aquest curs, una vegada m\u00e9s, ens [&hellip;]<\/p>\n","protected":false},"author":24,"featured_media":0,"comment_status":"closed","ping_status":"closed","sticky":false,"template":"","format":"standard","meta":{"_bbp_topic_count":0,"_bbp_reply_count":0,"_bbp_total_topic_count":0,"_bbp_total_reply_count":0,"_bbp_voice_count":0,"_bbp_anonymous_reply_count":0,"_bbp_topic_count_hidden":0,"_bbp_reply_count_hidden":0,"_bbp_forum_subforum_count":0,"site-sidebar-layout":"default","site-content-layout":"","ast-site-content-layout":"","site-content-style":"default","site-sidebar-style":"default","ast-global-header-display":"","ast-banner-title-visibility":"","ast-main-header-display":"","ast-hfb-above-header-display":"","ast-hfb-below-header-display":"","ast-hfb-mobile-header-display":"","site-post-title":"","ast-breadcrumbs-content":"","ast-featured-img":"","footer-sml-layout":"","theme-transparent-header-meta":"","adv-header-id-meta":"","stick-header-meta":"","header-above-stick-meta":"","header-main-stick-meta":"","header-below-stick-meta":"","astra-migrate-meta-layouts":"default","ast-page-background-enabled":"default","ast-page-background-meta":{"desktop":{"background-color":"var(--ast-global-color-4)","background-image":"","background-repeat":"repeat","background-position":"center center","background-size":"auto","background-attachment":"scroll","background-type":"","background-media":"","overlay-type":"","overlay-color":"","overlay-opacity":"","overlay-gradient":""},"tablet":{"background-color":"","background-image":"","background-repeat":"repeat","background-position":"center center","background-size":"auto","background-attachment":"scroll","background-type":"","background-media":"","overlay-type":"","overlay-color":"","overlay-opacity":"","overlay-gradient":""},"mobile":{"background-color":"","background-image":"","background-repeat":"repeat","background-position":"center center","background-size":"auto","background-attachment":"scroll","background-type":"","background-media":"","overlay-type":"","overlay-color":"","overlay-opacity":"","overlay-gradient":""}},"ast-content-background-meta":{"desktop":{"background-color":"var(--ast-global-color-5)","background-image":"","background-repeat":"repeat","background-position":"center center","background-size":"auto","background-attachment":"scroll","background-type":"","background-media":"","overlay-type":"","overlay-color":"","overlay-opacity":"","overlay-gradient":""},"tablet":{"background-color":"var(--ast-global-color-5)","background-image":"","background-repeat":"repeat","background-position":"center center","background-size":"auto","background-attachment":"scroll","background-type":"","background-media":"","overlay-type":"","overlay-color":"","overlay-opacity":"","overlay-gradient":""},"mobile":{"background-color":"var(--ast-global-color-5)","background-image":"","background-repeat":"repeat","background-position":"center center","background-size":"auto","background-attachment":"scroll","background-type":"","background-media":"","overlay-type":"","overlay-color":"","overlay-opacity":"","overlay-gradient":""}},"footnotes":""},"categories":[290,110],"tags":[],"class_list":["post-6676","post","type-post","status-publish","format-standard","hentry","category-cicle-superior","category-escola-verda"],"post_mailing_queue_ids":[],"_links":{"self":[{"href":"https:\/\/agora.xtec.cat\/escgaspardeportola\/wp-json\/wp\/v2\/posts\/6676","targetHints":{"allow":["GET"]}}],"collection":[{"href":"https:\/\/agora.xtec.cat\/escgaspardeportola\/wp-json\/wp\/v2\/posts"}],"about":[{"href":"https:\/\/agora.xtec.cat\/escgaspardeportola\/wp-json\/wp\/v2\/types\/post"}],"author":[{"embeddable":true,"href":"https:\/\/agora.xtec.cat\/escgaspardeportola\/wp-json\/wp\/v2\/users\/24"}],"replies":[{"embeddable":true,"href":"https:\/\/agora.xtec.cat\/escgaspardeportola\/wp-json\/wp\/v2\/comments?post=6676"}],"version-history":[{"count":2,"href":"https:\/\/agora.xtec.cat\/escgaspardeportola\/wp-json\/wp\/v2\/posts\/6676\/revisions"}],"predecessor-version":[{"id":6679,"href":"https:\/\/agora.xtec.cat\/escgaspardeportola\/wp-json\/wp\/v2\/posts\/6676\/revisions\/6679"}],"wp:attachment":[{"href":"https:\/\/agora.xtec.cat\/escgaspardeportola\/wp-json\/wp\/v2\/media?parent=6676"}],"wp:term":[{"taxonomy":"category","embeddable":true,"href":"https:\/\/agora.xtec.cat\/escgaspardeportola\/wp-json\/wp\/v2\/categories?post=6676"},{"taxonomy":"post_tag","embeddable":true,"href":"https:\/\/agora.xtec.cat\/escgaspardeportola\/wp-json\/wp\/v2\/tags?post=6676"}],"curies":[{"name":"wp","href":"https:\/\/api.w.org\/{rel}","templated":true}]}}