{"id":6605,"date":"2022-02-19T16:39:50","date_gmt":"2022-02-19T15:39:50","guid":{"rendered":"https:\/\/agora.xtec.cat\/escgaspardeportola\/?p=6605"},"modified":"2022-02-19T16:58:56","modified_gmt":"2022-02-19T15:58:56","slug":"la-biblioteca-ja-ens-espera","status":"publish","type":"post","link":"https:\/\/agora.xtec.cat\/escgaspardeportola\/portada\/la-biblioteca-ja-ens-espera\/","title":{"rendered":"La biblioteca ja ens espera!"},"content":{"rendered":"<p><span style=\"font-weight: 400;\">El professorat de l\u2019escola Gaspar de Portol\u00e0 estem molt contents de comunicar-vos que el pr\u00e9stec de la biblioteca escolar ja est\u00e0 obert!!!<\/span><\/p>\n<p><span style=\"font-weight: 400;\">La primera setmana despr\u00e9s de les vacances nadalenques, totes les classes van estar convidades a visitar l\u2019espai de Bibliogaspar, ens van explicar el funcionament i l\u2019organitzaci\u00f3 de les estanteries per a\u00a0 trobar els llibres que ens poden interessar i agradar.<\/span><\/p>\n<p><span style=\"font-weight: 400;\">La seg\u00fcent setmana ja vam iniciar el pr\u00e9stec amb una gran acollida per part de l\u2019alumnat. Ha arribat el moment de gaudir de les mil i una aventures que trobarem amagades en aquests grans tresors que s\u00f3n\u00a0 els llibres!<\/span><\/p>\n<p><span style=\"font-weight: 400;\">Us esperem a la biblioteca i us desitgem molt bona lectura<\/span><\/p>\n<p><span style=\"font-weight: 400;\"><strong>Dimarts:\u00a0<\/strong>1r, 2n I 6\u00e8. a l&#8217;hora del pati.<\/span><\/p>\n<p><span style=\"font-weight: 400;\"><strong>Dijous:\u00a0<\/strong>3r, 4t, 5\u00e8. a l&#8217;hora del pati.<\/span><\/p>\n<p><span style=\"font-weight: 400;\"><strong>Divendres:\u00a0<\/strong>P3, P4 i P5 12:30- 13:30<strong> acompanyats de les fam\u00edlies.<\/strong><\/span><\/p>\n<p>&nbsp;<\/p>\n<p><span style=\"font-weight: 400;\">L\u2019alumnat de Cicle Superior, de forma volunt\u00e0ria s\u2019ha ofert a ajudar en les gestions del pr\u00e9stec. Aprofitem aquest escrit per agrair als professors I alumnes la il.lusi\u00f3 amb la que han iniciat el projecte.<\/span><\/p>\n<p><span style=\"font-weight: 400;\">Bona lectura !!!<\/span><\/p>\n<p><img loading=\"lazy\" decoding=\"async\" class=\"alignleft  wp-image-6709\" src=\"https:\/\/agora.xtec.cat\/escgaspardeportola\/wp-content\/uploads\/usu555\/2022\/01\/1643400247587-1024x768.jpg\" alt=\"\" width=\"419\" height=\"314\" srcset=\"https:\/\/agora.xtec.cat\/escgaspardeportola\/wp-content\/uploads\/usu555\/2022\/01\/1643400247587-1024x768.jpg 1024w, https:\/\/agora.xtec.cat\/escgaspardeportola\/wp-content\/uploads\/usu555\/2022\/01\/1643400247587-300x225.jpg 300w, https:\/\/agora.xtec.cat\/escgaspardeportola\/wp-content\/uploads\/usu555\/2022\/01\/1643400247587-768x576.jpg 768w, https:\/\/agora.xtec.cat\/escgaspardeportola\/wp-content\/uploads\/usu555\/2022\/01\/1643400247587-1536x1152.jpg 1536w, https:\/\/agora.xtec.cat\/escgaspardeportola\/wp-content\/uploads\/usu555\/2022\/01\/1643400247587-2048x1536.jpg 2048w, https:\/\/agora.xtec.cat\/escgaspardeportola\/wp-content\/uploads\/usu555\/2022\/01\/1643400247587-200x150.jpg 200w\" sizes=\"auto, (max-width: 419px) 100vw, 419px\" \/> <img loading=\"lazy\" decoding=\"async\" class=\"alignleft  wp-image-6710\" src=\"https:\/\/agora.xtec.cat\/escgaspardeportola\/wp-content\/uploads\/usu555\/2022\/01\/1643400247610-1024x768.jpg\" alt=\"\" width=\"414\" height=\"311\" srcset=\"https:\/\/agora.xtec.cat\/escgaspardeportola\/wp-content\/uploads\/usu555\/2022\/01\/1643400247610-1024x768.jpg 1024w, https:\/\/agora.xtec.cat\/escgaspardeportola\/wp-content\/uploads\/usu555\/2022\/01\/1643400247610-300x225.jpg 300w, https:\/\/agora.xtec.cat\/escgaspardeportola\/wp-content\/uploads\/usu555\/2022\/01\/1643400247610-768x576.jpg 768w, https:\/\/agora.xtec.cat\/escgaspardeportola\/wp-content\/uploads\/usu555\/2022\/01\/1643400247610-1536x1152.jpg 1536w, https:\/\/agora.xtec.cat\/escgaspardeportola\/wp-content\/uploads\/usu555\/2022\/01\/1643400247610-200x150.jpg 200w, https:\/\/agora.xtec.cat\/escgaspardeportola\/wp-content\/uploads\/usu555\/2022\/01\/1643400247610.jpg 2000w\" sizes=\"auto, (max-width: 414px) 100vw, 414px\" \/> <img loading=\"lazy\" decoding=\"async\" class=\"alignleft  wp-image-6711\" src=\"https:\/\/agora.xtec.cat\/escgaspardeportola\/wp-content\/uploads\/usu555\/2022\/01\/1643400247636-1024x768.jpg\" alt=\"\" width=\"409\" height=\"307\" srcset=\"https:\/\/agora.xtec.cat\/escgaspardeportola\/wp-content\/uploads\/usu555\/2022\/01\/1643400247636-1024x768.jpg 1024w, https:\/\/agora.xtec.cat\/escgaspardeportola\/wp-content\/uploads\/usu555\/2022\/01\/1643400247636-300x225.jpg 300w, https:\/\/agora.xtec.cat\/escgaspardeportola\/wp-content\/uploads\/usu555\/2022\/01\/1643400247636-768x576.jpg 768w, https:\/\/agora.xtec.cat\/escgaspardeportola\/wp-content\/uploads\/usu555\/2022\/01\/1643400247636-1536x1152.jpg 1536w, https:\/\/agora.xtec.cat\/escgaspardeportola\/wp-content\/uploads\/usu555\/2022\/01\/1643400247636-2048x1536.jpg 2048w, https:\/\/agora.xtec.cat\/escgaspardeportola\/wp-content\/uploads\/usu555\/2022\/01\/1643400247636-200x150.jpg 200w\" sizes=\"auto, (max-width: 409px) 100vw, 409px\" \/> <img loading=\"lazy\" decoding=\"async\" class=\"alignleft  wp-image-6712\" src=\"https:\/\/agora.xtec.cat\/escgaspardeportola\/wp-content\/uploads\/usu555\/2022\/01\/1643400247666-1024x768.jpg\" alt=\"\" width=\"416\" height=\"312\" srcset=\"https:\/\/agora.xtec.cat\/escgaspardeportola\/wp-content\/uploads\/usu555\/2022\/01\/1643400247666-1024x768.jpg 1024w, https:\/\/agora.xtec.cat\/escgaspardeportola\/wp-content\/uploads\/usu555\/2022\/01\/1643400247666-300x225.jpg 300w, https:\/\/agora.xtec.cat\/escgaspardeportola\/wp-content\/uploads\/usu555\/2022\/01\/1643400247666-768x576.jpg 768w, https:\/\/agora.xtec.cat\/escgaspardeportola\/wp-content\/uploads\/usu555\/2022\/01\/1643400247666-1536x1152.jpg 1536w, https:\/\/agora.xtec.cat\/escgaspardeportola\/wp-content\/uploads\/usu555\/2022\/01\/1643400247666-2048x1536.jpg 2048w, https:\/\/agora.xtec.cat\/escgaspardeportola\/wp-content\/uploads\/usu555\/2022\/01\/1643400247666-200x150.jpg 200w\" sizes=\"auto, (max-width: 416px) 100vw, 416px\" \/><\/p>\n","protected":false},"excerpt":{"rendered":"<p>El professorat de l\u2019escola Gaspar de Portol\u00e0 estem molt contents de comunicar-vos que el pr\u00e9stec de la biblioteca escolar ja est\u00e0 obert!!! La primera setmana despr\u00e9s de les vacances nadalenques, totes les classes van estar convidades a visitar l\u2019espai de Bibliogaspar, ens van explicar el funcionament i l\u2019organitzaci\u00f3 de les estanteries per a\u00a0 trobar els [&hellip;]<\/p>\n","protected":false},"author":37,"featured_media":0,"comment_status":"closed","ping_status":"closed","sticky":false,"template":"","format":"standard","meta":{"_bbp_topic_count":0,"_bbp_reply_count":0,"_bbp_total_topic_count":0,"_bbp_total_reply_count":0,"_bbp_voice_count":0,"_bbp_anonymous_reply_count":0,"_bbp_topic_count_hidden":0,"_bbp_reply_count_hidden":0,"_bbp_forum_subforum_count":0,"site-sidebar-layout":"default","site-content-layout":"","ast-site-content-layout":"","site-content-style":"default","site-sidebar-style":"default","ast-global-header-display":"","ast-banner-title-visibility":"","ast-main-header-display":"","ast-hfb-above-header-display":"","ast-hfb-below-header-display":"","ast-hfb-mobile-header-display":"","site-post-title":"","ast-breadcrumbs-content":"","ast-featured-img":"","footer-sml-layout":"","theme-transparent-header-meta":"","adv-header-id-meta":"","stick-header-meta":"","header-above-stick-meta":"","header-main-stick-meta":"","header-below-stick-meta":"","astra-migrate-meta-layouts":"default","ast-page-background-enabled":"default","ast-page-background-meta":{"desktop":{"background-color":"var(--ast-global-color-4)","background-image":"","background-repeat":"repeat","background-position":"center center","background-size":"auto","background-attachment":"scroll","background-type":"","background-media":"","overlay-type":"","overlay-color":"","overlay-opacity":"","overlay-gradient":""},"tablet":{"background-color":"","background-image":"","background-repeat":"repeat","background-position":"center center","background-size":"auto","background-attachment":"scroll","background-type":"","background-media":"","overlay-type":"","overlay-color":"","overlay-opacity":"","overlay-gradient":""},"mobile":{"background-color":"","background-image":"","background-repeat":"repeat","background-position":"center center","background-size":"auto","background-attachment":"scroll","background-type":"","background-media":"","overlay-type":"","overlay-color":"","overlay-opacity":"","overlay-gradient":""}},"ast-content-background-meta":{"desktop":{"background-color":"var(--ast-global-color-5)","background-image":"","background-repeat":"repeat","background-position":"center center","background-size":"auto","background-attachment":"scroll","background-type":"","background-media":"","overlay-type":"","overlay-color":"","overlay-opacity":"","overlay-gradient":""},"tablet":{"background-color":"var(--ast-global-color-5)","background-image":"","background-repeat":"repeat","background-position":"center center","background-size":"auto","background-attachment":"scroll","background-type":"","background-media":"","overlay-type":"","overlay-color":"","overlay-opacity":"","overlay-gradient":""},"mobile":{"background-color":"var(--ast-global-color-5)","background-image":"","background-repeat":"repeat","background-position":"center center","background-size":"auto","background-attachment":"scroll","background-type":"","background-media":"","overlay-type":"","overlay-color":"","overlay-opacity":"","overlay-gradient":""}},"footnotes":""},"categories":[342,4],"tags":[],"class_list":["post-6605","post","type-post","status-publish","format-standard","hentry","category-bibliogaspar","category-portada"],"post_mailing_queue_ids":[],"_links":{"self":[{"href":"https:\/\/agora.xtec.cat\/escgaspardeportola\/wp-json\/wp\/v2\/posts\/6605","targetHints":{"allow":["GET"]}}],"collection":[{"href":"https:\/\/agora.xtec.cat\/escgaspardeportola\/wp-json\/wp\/v2\/posts"}],"about":[{"href":"https:\/\/agora.xtec.cat\/escgaspardeportola\/wp-json\/wp\/v2\/types\/post"}],"author":[{"embeddable":true,"href":"https:\/\/agora.xtec.cat\/escgaspardeportola\/wp-json\/wp\/v2\/users\/37"}],"replies":[{"embeddable":true,"href":"https:\/\/agora.xtec.cat\/escgaspardeportola\/wp-json\/wp\/v2\/comments?post=6605"}],"version-history":[{"count":3,"href":"https:\/\/agora.xtec.cat\/escgaspardeportola\/wp-json\/wp\/v2\/posts\/6605\/revisions"}],"predecessor-version":[{"id":6722,"href":"https:\/\/agora.xtec.cat\/escgaspardeportola\/wp-json\/wp\/v2\/posts\/6605\/revisions\/6722"}],"wp:attachment":[{"href":"https:\/\/agora.xtec.cat\/escgaspardeportola\/wp-json\/wp\/v2\/media?parent=6605"}],"wp:term":[{"taxonomy":"category","embeddable":true,"href":"https:\/\/agora.xtec.cat\/escgaspardeportola\/wp-json\/wp\/v2\/categories?post=6605"},{"taxonomy":"post_tag","embeddable":true,"href":"https:\/\/agora.xtec.cat\/escgaspardeportola\/wp-json\/wp\/v2\/tags?post=6605"}],"curies":[{"name":"wp","href":"https:\/\/api.w.org\/{rel}","templated":true}]}}