{"id":6401,"date":"2021-11-05T15:57:34","date_gmt":"2021-11-05T14:57:34","guid":{"rendered":"https:\/\/agora.xtec.cat\/escgaspardeportola\/?p=6401"},"modified":"2021-11-05T17:10:49","modified_gmt":"2021-11-05T16:10:49","slug":"ofrena-floral-2","status":"publish","type":"post","link":"https:\/\/agora.xtec.cat\/escgaspardeportola\/general\/ofrena-floral-2\/","title":{"rendered":"Ofrena floral"},"content":{"rendered":"<div dir=\"auto\">Avui, dia 5 de novembre, els alumnes de Gaspar de Portol\u00e0 i d&#8217;altres escoles de Balaguer han assistit a la tradicional ofrena floral\u00a0 de les festes del Sant Crist.<\/div>\n<div dir=\"auto\">Us compartim un recull d&#8217;<a href=\"https:\/\/drive.google.com\/drive\/folders\/1EO-RB9ktzLPSRouZ8bcRo7KLvwGwdO3U?usp=sharing\">imatges<\/a> dels alumnes de cicle mitj\u00e0. S&#8217;ho han passat d&#8217;all\u00f2 m\u00e9s b\u00e9 participant en les activitats l\u00fadiques, ballant amb els gegants i capgrossos i a m\u00e9s, s&#8217;han encarregat de deixar els rams de l&#8217;escola a l&#8217;esgl\u00e9sia del Sant Crist.<\/div>\n<div dir=\"auto\"><\/div>\n<div dir=\"auto\"><\/div>\n<div dir=\"auto\"><a href=\"https:\/\/drive.google.com\/drive\/folders\/1EO-RB9ktzLPSRouZ8bcRo7KLvwGwdO3U?usp=sharing\"><img loading=\"lazy\" decoding=\"async\" class=\"alignnone wp-image-6403\" src=\"https:\/\/agora.xtec.cat\/escgaspardeportola\/wp-content\/uploads\/usu555\/2021\/11\/WhatsApp-Image-2021-11-05-at-3.53.35-PM-1-1024x768.jpeg\" alt=\"\" width=\"419\" height=\"315\" srcset=\"https:\/\/agora.xtec.cat\/escgaspardeportola\/wp-content\/uploads\/usu555\/2021\/11\/WhatsApp-Image-2021-11-05-at-3.53.35-PM-1-1024x768.jpeg 1024w, https:\/\/agora.xtec.cat\/escgaspardeportola\/wp-content\/uploads\/usu555\/2021\/11\/WhatsApp-Image-2021-11-05-at-3.53.35-PM-1-300x225.jpeg 300w, https:\/\/agora.xtec.cat\/escgaspardeportola\/wp-content\/uploads\/usu555\/2021\/11\/WhatsApp-Image-2021-11-05-at-3.53.35-PM-1-768x576.jpeg 768w, https:\/\/agora.xtec.cat\/escgaspardeportola\/wp-content\/uploads\/usu555\/2021\/11\/WhatsApp-Image-2021-11-05-at-3.53.35-PM-1-1536x1153.jpeg 1536w, https:\/\/agora.xtec.cat\/escgaspardeportola\/wp-content\/uploads\/usu555\/2021\/11\/WhatsApp-Image-2021-11-05-at-3.53.35-PM-1-200x150.jpeg 200w, https:\/\/agora.xtec.cat\/escgaspardeportola\/wp-content\/uploads\/usu555\/2021\/11\/WhatsApp-Image-2021-11-05-at-3.53.35-PM-1.jpeg 1599w\" sizes=\"auto, (max-width: 419px) 100vw, 419px\" \/><\/a><\/div>\n<div dir=\"auto\"><\/div>\n","protected":false},"excerpt":{"rendered":"<p>Avui, dia 5 de novembre, els alumnes de Gaspar de Portol\u00e0 i d&#8217;altres escoles de Balaguer han assistit a la tradicional ofrena floral\u00a0 de les festes del Sant Crist. Us compartim un recull d&#8217;imatges dels alumnes de cicle mitj\u00e0. S&#8217;ho han passat d&#8217;all\u00f2 m\u00e9s b\u00e9 participant en les activitats l\u00fadiques, ballant amb els gegants i [&hellip;]<\/p>\n","protected":false},"author":1,"featured_media":6403,"comment_status":"closed","ping_status":"closed","sticky":false,"template":"","format":"standard","meta":{"_bbp_topic_count":0,"_bbp_reply_count":0,"_bbp_total_topic_count":0,"_bbp_total_reply_count":0,"_bbp_voice_count":0,"_bbp_anonymous_reply_count":0,"_bbp_topic_count_hidden":0,"_bbp_reply_count_hidden":0,"_bbp_forum_subforum_count":0,"site-sidebar-layout":"default","site-content-layout":"","ast-site-content-layout":"","site-content-style":"default","site-sidebar-style":"default","ast-global-header-display":"","ast-banner-title-visibility":"","ast-main-header-display":"","ast-hfb-above-header-display":"","ast-hfb-below-header-display":"","ast-hfb-mobile-header-display":"","site-post-title":"","ast-breadcrumbs-content":"","ast-featured-img":"","footer-sml-layout":"","theme-transparent-header-meta":"","adv-header-id-meta":"","stick-header-meta":"","header-above-stick-meta":"","header-main-stick-meta":"","header-below-stick-meta":"","astra-migrate-meta-layouts":"default","ast-page-background-enabled":"default","ast-page-background-meta":{"desktop":{"background-color":"var(--ast-global-color-4)","background-image":"","background-repeat":"repeat","background-position":"center center","background-size":"auto","background-attachment":"scroll","background-type":"","background-media":"","overlay-type":"","overlay-color":"","overlay-opacity":"","overlay-gradient":""},"tablet":{"background-color":"","background-image":"","background-repeat":"repeat","background-position":"center center","background-size":"auto","background-attachment":"scroll","background-type":"","background-media":"","overlay-type":"","overlay-color":"","overlay-opacity":"","overlay-gradient":""},"mobile":{"background-color":"","background-image":"","background-repeat":"repeat","background-position":"center center","background-size":"auto","background-attachment":"scroll","background-type":"","background-media":"","overlay-type":"","overlay-color":"","overlay-opacity":"","overlay-gradient":""}},"ast-content-background-meta":{"desktop":{"background-color":"var(--ast-global-color-5)","background-image":"","background-repeat":"repeat","background-position":"center center","background-size":"auto","background-attachment":"scroll","background-type":"","background-media":"","overlay-type":"","overlay-color":"","overlay-opacity":"","overlay-gradient":""},"tablet":{"background-color":"var(--ast-global-color-5)","background-image":"","background-repeat":"repeat","background-position":"center center","background-size":"auto","background-attachment":"scroll","background-type":"","background-media":"","overlay-type":"","overlay-color":"","overlay-opacity":"","overlay-gradient":""},"mobile":{"background-color":"var(--ast-global-color-5)","background-image":"","background-repeat":"repeat","background-position":"center center","background-size":"auto","background-attachment":"scroll","background-type":"","background-media":"","overlay-type":"","overlay-color":"","overlay-opacity":"","overlay-gradient":""}},"footnotes":""},"categories":[60,1],"tags":[],"class_list":["post-6401","post","type-post","status-publish","format-standard","has-post-thumbnail","hentry","category-ciclemitja","category-general"],"post_mailing_queue_ids":[],"_links":{"self":[{"href":"https:\/\/agora.xtec.cat\/escgaspardeportola\/wp-json\/wp\/v2\/posts\/6401","targetHints":{"allow":["GET"]}}],"collection":[{"href":"https:\/\/agora.xtec.cat\/escgaspardeportola\/wp-json\/wp\/v2\/posts"}],"about":[{"href":"https:\/\/agora.xtec.cat\/escgaspardeportola\/wp-json\/wp\/v2\/types\/post"}],"author":[{"embeddable":true,"href":"https:\/\/agora.xtec.cat\/escgaspardeportola\/wp-json\/wp\/v2\/users\/1"}],"replies":[{"embeddable":true,"href":"https:\/\/agora.xtec.cat\/escgaspardeportola\/wp-json\/wp\/v2\/comments?post=6401"}],"version-history":[{"count":2,"href":"https:\/\/agora.xtec.cat\/escgaspardeportola\/wp-json\/wp\/v2\/posts\/6401\/revisions"}],"predecessor-version":[{"id":6405,"href":"https:\/\/agora.xtec.cat\/escgaspardeportola\/wp-json\/wp\/v2\/posts\/6401\/revisions\/6405"}],"wp:featuredmedia":[{"embeddable":true,"href":"https:\/\/agora.xtec.cat\/escgaspardeportola\/wp-json\/wp\/v2\/media\/6403"}],"wp:attachment":[{"href":"https:\/\/agora.xtec.cat\/escgaspardeportola\/wp-json\/wp\/v2\/media?parent=6401"}],"wp:term":[{"taxonomy":"category","embeddable":true,"href":"https:\/\/agora.xtec.cat\/escgaspardeportola\/wp-json\/wp\/v2\/categories?post=6401"},{"taxonomy":"post_tag","embeddable":true,"href":"https:\/\/agora.xtec.cat\/escgaspardeportola\/wp-json\/wp\/v2\/tags?post=6401"}],"curies":[{"name":"wp","href":"https:\/\/api.w.org\/{rel}","templated":true}]}}